{"id":495662,"date":"2025-10-28T15:17:25","date_gmt":"2025-10-28T15:17:25","guid":{"rendered":"https:\/\/www.europesays.com\/fr\/495662\/"},"modified":"2025-10-28T15:17:25","modified_gmt":"2025-10-28T15:17:25","slug":"la-sensation-michael-brennan-simpose-perez-limite-la-casse","status":"publish","type":"post","link":"https:\/\/www.europesays.com\/fr\/495662\/","title":{"rendered":"La sensation Michael Brennan s&rsquo;impose, Perez limite la casse"},"content":{"rendered":"<p>\t\t\t\t\t\t<img width=\"770\" height=\"556\" src=\"https:\/\/www.europesays.com\/fr\/wp-content\/uploads\/2025\/10\/1afp__20251026__2243490220__v1__highres__bankofutahchampionship2025finalround-e1761522626603-770x556.jpeg\" class=\"img-responsive wp-post-image\" alt=\"\" decoding=\"async\" fetchpriority=\"high\"  \/>\t\t\t\t\t<\/p>\n<p>\t\t\t\t\t\t Partager cet article <\/p>\n<p class=\"screen-reader-text juiz_sps_maybe_hidden_text\">Partager la publication \u00ab\u00a0La sensation Michael Brennan s\u2019impose, Perez limite la casse\u00a0\u00bb<\/p>\n<p><strong>En t\u00eate depuis le deuxi\u00e8me jour de comp\u00e9tition, l\u2019Am\u00e9ricain de 23 ans Michael Brennan a su conserver le commandes jusqu\u2019au bout pour s\u2019offrir son premier titre sur le PGA Tour en remportant le Bank of Utah Championship en -22 total. Victor Perez termine lui 47e.<\/strong><\/p>\n<p>\t\t\t\t\t<a id=\"189447\" href=\"https:\/\/golfplus.fr\/content\/57-programme-de-fidelite\" target=\"_blank\" rel=\"sponsorised nofollow noopener\"><img decoding=\"async\" src=\"data:image\/svg+xml,%3Csvg%20xmlns=\" http:=\"\" class=\"img-responsive\" alt=\"\" data-lazy-src=\"https:\/\/www.europesays.com\/fr\/wp-content\/uploads\/2025\/10\/golfplus-e28-programme-fidelite-1170x275-1.jpg\"\/><\/a><\/p>\n<p>Il est comme les \u00e9toiles filantes que l\u2019on regarde les soirs d\u2019\u00e9t\u00e9 dans le ciel d\u00e9sertique de l\u2019Utah aux Etats-Unis. Intrigant, insaisissable, c\u00e9l\u00e8re mais aussi myst\u00e9rieux. A la diff\u00e9rence pr\u00e8s, que le m\u00e9t\u00e9ore <strong>Michael Brennan<\/strong> n\u2019est pas pr\u00e8s de disparaitre du paysage<strong>\u00a0PGA Tour<\/strong> aussi vite qu\u2019il est arriv\u00e9.<\/p>\n<p><a href=\"https:\/\/www.pgatour.com\/leaderboard\" rel=\"nofollow noopener\" target=\"_blank\">Retrouvez le classement complet<\/a><\/p>\n<p>Invit\u00e9 par le sponsor de la semaine, le vainqueur de l\u2019ordre du m\u00e9rite de la 3e division am\u00e9ricaine, le <strong>PGA Tour Americas<\/strong>, Michael Brennan qui disputait cette semaine son 3e tournoi sur le PGA Tour n\u2019a pas attendu longtemps pour entrer dans le cercle des vainqueurs.\u00a0<\/p>\n<blockquote class=\"twitter-tweet\"><p>&#13;<\/p>\n<p dir=\"ltr\" lang=\"en\">What a magical week for Michael Brennan \ud83c\udfc6<\/p>\n<p>In just his third start, he is a PGA TOUR champion <a href=\"https:\/\/twitter.com\/BOUChampionship?ref_src=twsrc%5Etfw\" rel=\"nofollow noopener\" target=\"_blank\">@BOUChampionship<\/a>. <a href=\"https:\/\/t.co\/rbGdY8u5Fu\" rel=\"nofollow\">pic.twitter.com\/rbGdY8u5Fu<\/a><\/p>\n<p>&#13;<br \/>\n&#13;<br \/>\n\u2014 PGA TOUR (@PGATOUR) <a href=\"https:\/\/twitter.com\/PGATOUR\/status\/1982594491921154336?ref_src=twsrc%5Etfw\" rel=\"nofollow noopener\" target=\"_blank\">October 26, 2025<\/a><\/p><\/blockquote>\n<p>Grace \u00e0 son hyper puissance depuis le tee de d\u00e9part, et \u00e0 son hyperactivit\u00e9 sur le parcours, celui qui \u00ab\u00a0r\u00e9ussit tout ce qu\u2019il entreprend\u00a0\u00bb selon ses propres dires, devient l\u2019un des vainqueurs les plus rapides sur le circuit am\u00e9ricain, devanc\u00e9 seulement par le vainqueur ici m\u00eame l\u2019an dernier <strong>Matt McCarthy<\/strong> et <strong>Garrick Higgo<\/strong> en 2020 au <strong>Palmetto Championship.<\/strong><\/p>\n<p>Son succ\u00e8s de la t\u00eate et des \u00e9paules en -22 total, avec 4 coups d\u2019avance sur son plus proche poursuivant le Philippin <strong>Rico Hoey<\/strong> en -18, le propulse directement sur le PGA Tour \u00e0 temps plein pour la fin de saison et les deux prochaines pleinement. Une belle histoire, annonc\u00e9e par l\u2019int\u00e9ress\u00e9 en personne :<\/p>\n<p>\u00ab\u00a0Je suis vainqueur sur le PGA Tour, c\u2019est assez fou de se le dire et je pense que je ne l\u2019ai pas encore tout \u00e0 fait r\u00e9alis\u00e9, mais c\u2019est ce que je voulais par dessus tout. Mes parents qui sont l\u00e0 pourront vous le dire, on en parlait encore hier. On se rem\u00e9morait ce que j\u2019\u00e9crivais sur mes ambitions \u00e0 l\u2019\u00e9cole primaire, et d\u00e9j\u00e0 \u00e0 l\u2019\u00e9poque je n\u2019en avais qu\u2019une seule, gagner un tournoi sur le PGA Tour.\u00ab\u00a0<\/p>\n<blockquote class=\"twitter-tweet\"><p>&#13;<\/p>\n<p dir=\"ltr\" lang=\"en\">First on the leaderboard. First in driving distance.<\/p>\n<p>Michael Brennan\u2019s longest drive of the week (418 yards!) comes on no. 12 <a href=\"https:\/\/twitter.com\/BOUChampionship?ref_src=twsrc%5Etfw\" rel=\"nofollow noopener\" target=\"_blank\">@BOUChampionship<\/a>. <a href=\"https:\/\/t.co\/FOQtN5oJKA\" rel=\"nofollow\">pic.twitter.com\/FOQtN5oJKA<\/a><\/p>\n<p>&#13;<br \/>\n&#13;<br \/>\n\u2014 PGA TOUR (@PGATOUR) <a href=\"https:\/\/twitter.com\/PGATOUR\/status\/1982566754674237475?ref_src=twsrc%5Etfw\" rel=\"nofollow noopener\" target=\"_blank\">October 26, 2025<\/a><\/p><\/blockquote>\n<p>Sa premi\u00e8re victoire chez les grands le propulse imm\u00e9diatement au 101e rang de la <strong>FedexCup<\/strong>, ce qui d\u00e9cale encore d\u2019un rang en arri\u00e8re nos 3 tricolores pour la fin de saison (voir ci-dessous). Le joueur originaire de l\u2019\u00e9tat de Virginie disputera surtout tous les tournois signatures la saison prochaine, \u00e0 commencer par <strong>Pebble Beach<\/strong> en f\u00e9vrier prochain.<\/p>\n<p>\t\t\t\t\t<a id=\"189888\" href=\"https:\/\/www.kalika.org\/fr\/actualites\/articles\/pro-am-beachcomber \" target=\"_blank\" rel=\"sponsorised nofollow noopener\"><img decoding=\"async\" src=\"data:image\/svg+xml,%3Csvg%20xmlns=\" http:=\"\" class=\"img-responsive\" alt=\"\" data-lazy-src=\"https:\/\/www.europesays.com\/fr\/wp-content\/uploads\/2025\/10\/beachcomber-e02-v2-proam-bruket-26-1170x275-1.jpg\"\/><\/a><br \/>\nVictor Perez sauve les meubles<\/p>\n<p>En s\u2019arrachant la veille pour passer le cut, le num\u00e9ro 2 Fran\u00e7ais <strong>Victor Perez<\/strong> ne le savait pas encore, mais il avait assur\u00e9 l\u2019essentiel de sa semaine. En terminant 47e finalement sur le <strong>Black Desert Resort<\/strong> avec une ultime carte dans le par (71) et un -7 total, le Tarbais s\u2019assurait \u00e0 minima de ne pas reculer trop loin du top 100 fatidique \u00e0 3 tournois de la fin de la saison.\u00a0<\/p>\n<p>Lui qui occupait le strapontin num\u00e9ro 105 avant cette semaine se retrouve d\u00e9sormais au 107e rang. Pourquoi 107 puisqu\u2019il ne perd au classement PGA Tour qu\u2019une place sur le leaderboard projet\u00e9 ? Parce que la victoire de Brennan et son membership accept\u00e9 dans le foul\u00e9e va d\u00e9caler d\u2019un rang tous les joueurs au d\u00e9l\u00e0 de la 101e place, dont Victor Perez, mais aussi <strong>Antoine Rozner<\/strong> (158e) qui n\u2019avait pas pass\u00e9 le cut, et <strong>Matthieu Pavon<\/strong> (168e) absent cette semaine.<\/p>\n<p>\t\t\t\t\t<a id=\"188235\" href=\"https:\/\/www.formigolf.fr\/voyage-pays~rocco-forte-s-verdura-golf--spa-resort-5etoilesl~370~sicile\" target=\"_blank\" rel=\"sponsorised nofollow noopener\"><img decoding=\"async\" src=\"data:image\/svg+xml,%3Csvg%20xmlns=\" http:=\"\" class=\"img-responsive\" alt=\"\" data-lazy-src=\"https:\/\/www.europesays.com\/fr\/wp-content\/uploads\/2025\/10\/formigolf-e10-sicile-verdura-1170x275-1.gif\"\/><\/a><br \/>\nLe Leaderboard<\/p>\n<p><img loading=\"lazy\" decoding=\"async\" class=\"alignnone size-full wp-image-190157\" src=\"data:image\/svg+xml,%3Csvg%20xmlns=\" http:=\"\" alt=\"\" width=\"1293\" height=\"715\" data-lazy- data-lazy- data-lazy-src=\"https:\/\/www.europesays.com\/fr\/wp-content\/uploads\/2025\/10\/clas-pga-2.png\"\/><\/p>\n<p>\t\t\t\t<img loading=\"lazy\" decoding=\"async\" src=\"data:image\/svg+xml,%3Csvg%20xmlns=\" http:=\"\" attributionsrc=\"\" border=\"0\" height=\"1\" width=\"1\" alt=\"Advertisement\" data-lazy-src=\"https:\/\/www.europesays.com\/fr\/wp-content\/uploads\/2025\/10\/B33047934.424844132;dc_trk_aid=615928068;dc_trk_cid=236605808;ord=[timestamp];dc_lat=;dc_rdid=;tag_f.gif\"\/><\/p>\n<p>\t\t\t\t\t<a id=\"179415\" href=\"https:\/\/ad.doubleclick.net\/ddm\/trackclk\/N1153799.3770024GOLFPLANATE\/B33047934.424844132;dc_trk_aid=615928068;dc_trk_cid=236605808;dc_lat=;dc_rdid=;tag_for_child_directed_treatment=;tfua=;gdpr=${GDPR};gdpr_consent=${GDPR_CONSENT_755};ltd=;dc_tdv=1\" target=\"_blank\" rel=\"sponsorised nofollow noopener\"><img decoding=\"async\" src=\"data:image\/svg+xml,%3Csvg%20xmlns=\" http:=\"\" class=\"img-responsive\" alt=\"\" data-lazy-src=\"https:\/\/www.europesays.com\/fr\/wp-content\/uploads\/2025\/07\/callaway-e01-apex-v1-770x385-1.jpg\"\/><\/a><\/p>\n<p>Photo : MIKE MULHOLLAND \/ GETTY IMAGES NORTH AMERICA \/ GETTY IMAGES VIA AFP<\/p>\n<p>\t\t\t<script async src=\"https:\/\/platform.twitter.com\/widgets.js\" charset=\"utf-8\"><\/script><\/p>\n","protected":false},"excerpt":{"rendered":"Partager cet article Partager la publication \u00ab\u00a0La sensation Michael Brennan s\u2019impose, Perez limite la casse\u00a0\u00bb En t\u00eate depuis&hellip;\n","protected":false},"author":2,"featured_media":495663,"comment_status":"","ping_status":"","sticky":false,"template":"","format":"standard","meta":{"footnotes":""},"categories":[1418],"tags":[1011,27,1472,60],"class_list":{"0":"post-495662","1":"post","2":"type-post","3":"status-publish","4":"format-standard","5":"has-post-thumbnail","7":"category-golf","8":"tag-fr","9":"tag-france","10":"tag-golf","11":"tag-sports"},"share_on_mastodon":{"url":"https:\/\/pubeurope.com\/@fr\/115452461195212234","error":""},"_links":{"self":[{"href":"https:\/\/www.europesays.com\/fr\/wp-json\/wp\/v2\/posts\/495662","targetHints":{"allow":["GET"]}}],"collection":[{"href":"https:\/\/www.europesays.com\/fr\/wp-json\/wp\/v2\/posts"}],"about":[{"href":"https:\/\/www.europesays.com\/fr\/wp-json\/wp\/v2\/types\/post"}],"author":[{"embeddable":true,"href":"https:\/\/www.europesays.com\/fr\/wp-json\/wp\/v2\/users\/2"}],"replies":[{"embeddable":true,"href":"https:\/\/www.europesays.com\/fr\/wp-json\/wp\/v2\/comments?post=495662"}],"version-history":[{"count":0,"href":"https:\/\/www.europesays.com\/fr\/wp-json\/wp\/v2\/posts\/495662\/revisions"}],"wp:featuredmedia":[{"embeddable":true,"href":"https:\/\/www.europesays.com\/fr\/wp-json\/wp\/v2\/media\/495663"}],"wp:attachment":[{"href":"https:\/\/www.europesays.com\/fr\/wp-json\/wp\/v2\/media?parent=495662"}],"wp:term":[{"taxonomy":"category","embeddable":true,"href":"https:\/\/www.europesays.com\/fr\/wp-json\/wp\/v2\/categories?post=495662"},{"taxonomy":"post_tag","embeddable":true,"href":"https:\/\/www.europesays.com\/fr\/wp-json\/wp\/v2\/tags?post=495662"}],"curies":[{"name":"wp","href":"https:\/\/api.w.org\/{rel}","templated":true}]}}