{"id":495676,"date":"2025-10-28T15:29:15","date_gmt":"2025-10-28T15:29:15","guid":{"rendered":"https:\/\/www.europesays.com\/fr\/495676\/"},"modified":"2025-10-28T15:29:15","modified_gmt":"2025-10-28T15:29:15","slug":"gerald-brice-viret-remplace-franck-appietto-a-la-presidence-de-cstar-et-impose-sa-ligne-editoriale-a-tele-loisirs","status":"publish","type":"post","link":"https:\/\/www.europesays.com\/fr\/495676\/","title":{"rendered":"G\u00e9rald-Brice Viret remplace Franck Appietto \u00e0 la pr\u00e9sidence de CStar\u2026 et impose sa ligne \u00e9ditoriale \u00e0 \u00ab\u00a0T\u00e9l\u00e9 Loisirs\u00a0\u00bb"},"content":{"rendered":"<p>Le groupe <a href=\"https:\/\/www.20minutes.fr\/arts-stars\/medias\/canal_plus\/\" class=\"c-link c-link--is-underlined\" rel=\"nofollow noopener\" target=\"_blank\">Canal+<\/a>\u00a0poursuit sa mue\u00a0: apr\u00e8s 26 ans de service, <a href=\"https:\/\/www.20minutes.fr\/television\/1830455-20160420-tpmp-pdg-d8-denonce-geste-totalement-disproportionne-joeystarr\" class=\"c-link c-link--is-underlined\" rel=\"nofollow noopener\" target=\"_blank\">Franck Appietto<\/a> a d\u00e9missionn\u00e9 le 6\u00a0octobre 2025 de la pr\u00e9sidence de <a href=\"https:\/\/www.20minutes.fr\/television\/1909167-20160816-groupe-canal-revoir-d8-d17-bonjour-c8-cstar\" class=\"c-link c-link--is-underlined\" rel=\"nofollow noopener\" target=\"_blank\">CStar<\/a>, derni\u00e8re cha\u00eene de flux gratuite du groupe depuis l\u2019<a href=\"https:\/\/www.20minutes.fr\/arts-stars\/television\/4137112-20250204-arret-c8-connait-raisons-pousse-arcom-exclure-chaine-tnt\" class=\"c-link c-link--is-underlined\" rel=\"nofollow noopener\" target=\"_blank\">extinction de C8<\/a>, en f\u00e9vrier\u00a02025. Il est remplac\u00e9 G\u00e9rald-Brice Viret, homme de confiance de <a href=\"https:\/\/www.20minutes.fr\/dossier\/vincent_bollore\" class=\"c-link c-link--is-underlined\" rel=\"nofollow noopener\" target=\"_blank\">Vincent Bollor\u00e9<\/a>, rapporte <a href=\"https:\/\/www.ozap.com\/actu\/presidence-de-cstar-gerald-brice-viret-remplace-franck-appietto-et-impose-une-nouvelle-couverture-a-la-redaction-de-tele-loisirs\/652202\" rel=\"nofollow noopener\" target=\"_blank\" class=\"c-link c-link--is-underlined\">PureM\u00e9dias<\/a>.<\/p>\n<\/p>\n<p>D\u00e9j\u00e0 pr\u00e9sident-directeur g\u00e9n\u00e9ral de Canal+\u00a0France, <a href=\"https:\/\/www.20minutes.fr\/medias\/584935-20100712-gerald-brice-viret-tout-jouera-poker-sorties-tours-vaisselle\" class=\"c-link c-link--is-underlined\" rel=\"nofollow noopener\" target=\"_blank\">G\u00e9rald-Brice Viret<\/a> avait \u00e9t\u00e9 promu vice-pr\u00e9sident de <a href=\"https:\/\/www.20minutes.fr\/societe\/4172385-20250910-capital-femme-actuelle-tele-loisirs-patron-cnews-prend-renes-prisma-media\" class=\"c-link c-link--is-underlined\" rel=\"nofollow noopener\" target=\"_blank\">Prisma Media<\/a> le 27\u00a0ao\u00fbt 2025. Il supervise donc d\u00e9sormais plusieurs p\u00f4les strat\u00e9giques \u2013 Femme, TV, Ludique, D\u00e9couverte et \u00c9conomique \u2013 du groupe de presse.<\/p>\n<p>La \u00ab\u00a0Bollor\u00e9 touch\u00a0\u00bb<\/p>\n<p>De fait, le dirigeant de 57 ans n\u2019a pas tard\u00e9 \u00e0 imposer sa \u00ab\u00a0touche\u00a0\u00bb sur la ligne \u00e9ditoriale de certains m\u00e9dias du groupe, dont T\u00e9l\u00e9 Loisirs\u00a0: PureM\u00e9dias rappelle ainsi que monsieur Viret avait pass\u00e9 pour \u00ab\u00a0consigne\u00a0\u00bb, fin septembre\u00a02025, de mettre en Une du <a href=\"https:\/\/www.20minutes.fr\/magazine\/\" class=\"c-link c-link--is-underlined\" rel=\"nofollow noopener\" target=\"_blank\">magazine <\/a>un acteur d\u2019un film diffus\u00e9 sur la cha\u00eene crypt\u00e9e.<\/p>\n<p><a href=\"https:\/\/www.20minutes.fr\/arts-stars\/medias\/\" class=\"c-link c-btn c-btn--primary\" rel=\"nofollow noopener\" target=\"_blank\">Notre dossier \u00ab M\u00e9dias \u00bb<\/a><\/p>\n<p>L\u2019id\u00e9e \u00e9tait alors de \u00ab\u00a0mettre du Canal+\u00a0\u00e0 tous les \u00e9tages\u00a0\u00bb, selon Emmanuel Vire, d\u00e9l\u00e9gu\u00e9 syndical SNJ-CGT \u00e0 Prisma Media. Une strat\u00e9gie que G\u00e9rald-Brice Viret s\u2019appr\u00eaterait d\u2019ailleurs \u00e0 reproduire en \u00ab\u00a0affichant\u00a0\u00bb <a href=\"https:\/\/www.20minutes.fr\/dossier\/florence_foresti\" class=\"c-link c-link--is-underlined\" rel=\"nofollow noopener\" target=\"_blank\">Florence Foresti<\/a> \u2013 dont le spectacle <a href=\"https:\/\/www.20minutes.fr\/arts-stars\/culture\/3287243-20220510-retour-humoriste-florence-foresti-devoile-affiche-nouveau-spectacle-boys-boys-boys\" class=\"c-link c-link--is-underlined\" rel=\"nofollow noopener\" target=\"_blank\">Boys, Boys, Boys<\/a> est justement rediffus\u00e9 sur CStar \u2013 en couverture du T\u00e9l\u00e9 Loisirs du 1er\u00a0novembre 2025.<\/p>\n","protected":false},"excerpt":{"rendered":"Le groupe Canal+\u00a0poursuit sa mue\u00a0: apr\u00e8s 26 ans de service, Franck Appietto a d\u00e9missionn\u00e9 le 6\u00a0octobre 2025 de&hellip;\n","protected":false},"author":2,"featured_media":495677,"comment_status":"","ping_status":"","sticky":false,"template":"","format":"standard","meta":{"footnotes":""},"categories":[1356],"tags":[58,59,1011,27,500,6817,4048,252,1364,133,1022],"class_list":{"0":"post-495676","1":"post","2":"type-post","3":"status-publish","4":"format-standard","5":"has-post-thumbnail","7":"category-television","8":"tag-divertissement","9":"tag-entertainment","10":"tag-fr","11":"tag-france","12":"tag-medias","13":"tag-milliardaire","14":"tag-presse","15":"tag-television","16":"tag-tv","17":"tag-video","18":"tag-vincent-bollore"},"share_on_mastodon":{"url":"https:\/\/pubeurope.com\/@fr\/115452507893752058","error":""},"_links":{"self":[{"href":"https:\/\/www.europesays.com\/fr\/wp-json\/wp\/v2\/posts\/495676","targetHints":{"allow":["GET"]}}],"collection":[{"href":"https:\/\/www.europesays.com\/fr\/wp-json\/wp\/v2\/posts"}],"about":[{"href":"https:\/\/www.europesays.com\/fr\/wp-json\/wp\/v2\/types\/post"}],"author":[{"embeddable":true,"href":"https:\/\/www.europesays.com\/fr\/wp-json\/wp\/v2\/users\/2"}],"replies":[{"embeddable":true,"href":"https:\/\/www.europesays.com\/fr\/wp-json\/wp\/v2\/comments?post=495676"}],"version-history":[{"count":0,"href":"https:\/\/www.europesays.com\/fr\/wp-json\/wp\/v2\/posts\/495676\/revisions"}],"wp:featuredmedia":[{"embeddable":true,"href":"https:\/\/www.europesays.com\/fr\/wp-json\/wp\/v2\/media\/495677"}],"wp:attachment":[{"href":"https:\/\/www.europesays.com\/fr\/wp-json\/wp\/v2\/media?parent=495676"}],"wp:term":[{"taxonomy":"category","embeddable":true,"href":"https:\/\/www.europesays.com\/fr\/wp-json\/wp\/v2\/categories?post=495676"},{"taxonomy":"post_tag","embeddable":true,"href":"https:\/\/www.europesays.com\/fr\/wp-json\/wp\/v2\/tags?post=495676"}],"curies":[{"name":"wp","href":"https:\/\/api.w.org\/{rel}","templated":true}]}}