{"id":495678,"date":"2025-10-28T15:30:15","date_gmt":"2025-10-28T15:30:15","guid":{"rendered":"https:\/\/www.europesays.com\/fr\/495678\/"},"modified":"2025-10-28T15:30:15","modified_gmt":"2025-10-28T15:30:15","slug":"alain-chamfort-balance-une-revelation-surprenante-sur-jacques-dutronc","status":"publish","type":"post","link":"https:\/\/www.europesays.com\/fr\/495678\/","title":{"rendered":"Alain Chamfort balance une r\u00e9v\u00e9lation surprenante sur Jacques Dutronc"},"content":{"rendered":"<p>La chanson fran\u00e7aise regorge de figures embl\u00e9matiques dont<br \/>\nl\u00a0\u00bbinfluence traverse les g\u00e9n\u00e9rations et marque les esprits. Parmi<br \/>\nces ic\u00f4nes, <strong>Jacques Dutronc<\/strong> occupe une place \u00e0<br \/>\npart dans le paysage musical hexagonal. Son aura de dandy<br \/>\nprovocateur continue d&rsquo;inspirer de nombreux artistes contemporains<br \/>\nqui lui vouent une admiration ind\u00e9fectible. Dans une interview<br \/>\nr\u00e9cente accord\u00e9e \u00e0 Laurent Mariotte sur Europe 1, <strong>Alain<br \/>\nChamfort<\/strong>, l&rsquo;interpr\u00e8te l\u00e9gendaire de Manureva, a livr\u00e9 des<br \/>\nconfidences touchantes sur sa relation avec<br \/>\n<strong>Dutronc<\/strong>.<\/p>\n<p>Ces r\u00e9v\u00e9lations d\u00e9voilent un pan m\u00e9connu de la vie du chanteur<br \/>\nde 76 ans. En effet, elles illustrent comment les rencontres<br \/>\nartistiques fa\u00e7onnent parfois un destin tout entier dans le showbiz<br \/>\nfran\u00e7ais. Les propos de <strong>Chamfort<\/strong> mettent en<br \/>\nlumi\u00e8re une initiation pr\u00e9coce \u00e0 un monde fascinant sous la tutelle<br \/>\ndu mythique <strong>Jacques Dutronc<\/strong>.<\/p>\n<p>Une vie sentimentale toujours intense<\/p>\n<p><strong>Alain Chamfort<\/strong> s&rsquo;est r\u00e9cemment confi\u00e9 sur<br \/>\n<a href=\"https:\/\/www.melty.fr\/people\/alain-chamfort-en-couple-avec-une-jeune-femme-a-76-ans-il-est-comble-grace-a-son-energie-de-la-jeunesse-2223321.html\" rel=\"nofollow noopener\" target=\"_blank\"><br \/>\nses nombreuses aventures amoureuses<\/a> dans un long entretien<br \/>\naccord\u00e9 il y a 7 mois. Le chanteur, p\u00e8re de cinq enfants n\u00e9s de<br \/>\ntrois relations diff\u00e9rentes, fr\u00e9quente actuellement une nouvelle<br \/>\ncompagne plus jeune. Cette attirance pour l&rsquo;\u00e9nergie juv\u00e9nile<br \/>\ncaract\u00e9rise d&rsquo;ailleurs son approche des relations amoureuses depuis<br \/>\ntoujours, selon ses propres mots. Par cons\u00e9quent, l&rsquo;artiste<br \/>\ncontinue de cultiver ce besoin de s\u00e9duire qui l&rsquo;anime depuis ses<br \/>\nd\u00e9buts dans la musique. Il a confi\u00e9 dans les colonnes de La Tribune<br \/>\nDimanche qu&rsquo;il demeure tr\u00e8s actif sur le plan sentimental.<\/p>\n<p>\u00c0 ce propos, il a \u00e9voqu\u00e9 sa relation actuelle avec une certaine<br \/>\nlucidit\u00e9 teint\u00e9e d&rsquo;optimisme mature. \u00ab Je suis actuellement<br \/>\ndans une relation qui me rassure \u00bb, a-t-il d\u00e9clar\u00e9 avec<br \/>\nfranchise et authenticit\u00e9. N\u00e9anmoins, l&rsquo;artiste a \u00e9galement partag\u00e9<br \/>\nses r\u00e9flexions sur ses ruptures pass\u00e9es avec une sagesse<br \/>\nremarquable. \u00ab J&rsquo;ai quitt\u00e9 des femmes, mais c&rsquo;\u00e9tait aussi<br \/>\nimportant que je sois quitt\u00e9 pour comprendre ce que \u00e7a fait \u00bb,<br \/>\na-t-il confi\u00e9. Cette p\u00e9riode sentimentale mouvement\u00e9e a donc forg\u00e9<br \/>\nsa compr\u00e9hension des relations humaines et de leurs complexit\u00e9s<br \/>\ninh\u00e9rentes. Ainsi, ces confidences pr\u00e9c\u00e8dent d&rsquo;autres r\u00e9v\u00e9lations<br \/>\nplus surprenantes sur ses d\u00e9buts artistiques aux c\u00f4t\u00e9s d&rsquo;une<br \/>\nl\u00e9gende vivante.<\/p>\n<p>Alain Chamfort r\u00e9v\u00e8le son initiation gastronomique par Jacques<br \/>\nDutronc<\/p>\n<p><strong>Jacques Dutronc<\/strong> repr\u00e9sente l&rsquo;un des derniers<br \/>\nvestiges d&rsquo;une <a href=\"https:\/\/www.melty.fr\/people\/the-voice-il-faut-accepter-cet-immense-chanteur-prochainement-jure-il-repond-sans-detour-2140943.html\" rel=\"nofollow noopener\" target=\"_blank\"><br \/>\n\u00e9poque r\u00e9volue o\u00f9 la chanson fran\u00e7aise<\/a> brillait de mille feux.<br \/>\nLe dandy aux lunettes d&rsquo;aviateur iconiques et au blouson en cuir<br \/>\nind\u00e9modable a inspir\u00e9 toute une g\u00e9n\u00e9ration d&rsquo;artistes fran\u00e7ais. En<br \/>\neffet, sa personnalit\u00e9 unique et son charisme l\u00e9gendaire ont<br \/>\nparticuli\u00e8rement marqu\u00e9 le jeune <strong>Alain Chamfort<\/strong> \u00e0<br \/>\nses d\u00e9buts. Invit\u00e9 sur Europe 1, l&rsquo;interpr\u00e8te de Manureva a exprim\u00e9<br \/>\nune reconnaissance \u00e9mue envers son mentor avec une nostalgie<br \/>\npalpable. C&rsquo;est d&rsquo;ailleurs avec une \u00e9motion sinc\u00e8re qu&rsquo;il a \u00e9voqu\u00e9<br \/>\ncette p\u00e9riode formatrice de sa jeunesse musicale tumultueuse.<\/p>\n<p>\u00ab C&rsquo;est quand m\u00eame lui qui m&rsquo;a initi\u00e9, j&rsquo;avais 17 ans \u00e0<br \/>\nl&rsquo;\u00e9poque \u00bb, a confi\u00e9 <strong>le septuag\u00e9naire<\/strong> lors de<br \/>\ncette interview. Le chanteur a expliqu\u00e9 comment<br \/>\n<strong>Dutronc<\/strong> l&rsquo;entra\u00eenait dans les prestigieux Relais &amp;<br \/>\nCh\u00e2teaux lors de leurs tourn\u00e9es communes. \u00ab On faisait les<br \/>\nRelais &amp; Ch\u00e2teaux, on le suivait, parce que lui il descendait dans<br \/>\nces h\u00f4tels-l\u00e0 \u00bb, a-t-il pr\u00e9cis\u00e9. Par ailleurs, cette<br \/>\ninitiation pr\u00e9coce \u00e0 la gastronomie fran\u00e7aise a profond\u00e9ment marqu\u00e9<br \/>\nle jeune musicien impressionnable de l&rsquo;\u00e9poque. \u00ab J&rsquo;ai d\u00e9couvert<br \/>\nla gastronomie tr\u00e8s t\u00f4t dans ma vie \u00bb, a-t-il ajout\u00e9 avec une<br \/>\nreconnaissance \u00e9vidente dans la voix. Cette exp\u00e9rience unique a<br \/>\nmanifestement fa\u00e7onn\u00e9 son rapport \u00e0 la bonne ch\u00e8re et aux plaisirs<br \/>\nraffin\u00e9s de l&rsquo;existence.<\/p>\n<p>Des tabl\u00e9es m\u00e9morables avec les g\u00e9ants<br \/>\nde la chanson fran\u00e7aise<\/p>\n<p><strong>Alain Chamfort<\/strong> a b\u00e9n\u00e9fici\u00e9 d&rsquo;une formation<br \/>\nexceptionnelle aupr\u00e8s de <strong>Jacques Dutronc<\/strong>, ce bon<br \/>\nvivant dans l&rsquo;\u00e2me reconnu. Le sexag\u00e9naire garde \u00e9galement en<br \/>\nm\u00e9moire ses moments de convivialit\u00e9 avec <strong>Serge<br \/>\nGainsbourg<\/strong> dans le quartier chic parisien. Les soir\u00e9es \u00e0<br \/>\nSaint-Germain-des-Pr\u00e9s constituaient alors un rituel quasi<br \/>\nquotidien pour ces artistes flamboyants et cr\u00e9atifs. D&rsquo;autre part,<br \/>\nl&rsquo;artiste a partag\u00e9 des escapades nocturnes m\u00e9morables avec<br \/>\n<strong>Claude Fran\u00e7ois<\/strong> dans des \u00e9tablissements pris\u00e9s du<br \/>\ntout-Paris. \u00ab Puis apr\u00e8s, plus tard, c&rsquo;\u00e9tait avec Claude\u2026 Alors<br \/>\n<strong>Claude Fran\u00e7ois<\/strong>, c&rsquo;\u00e9tait plus des restaurants de<br \/>\nfin de concerts \u00bb, a relat\u00e9 <strong>Chamfort<\/strong>.<\/p>\n<p>Il a notamment \u00e9voqu\u00e9 La cloche d&rsquo;or, cet \u00e9tablissement parisien<br \/>\nouvert toute la nuit qui accueillait les artistes. Cependant,<br \/>\nau-del\u00e0 de la gastronomie, <strong>le chanteur<\/strong> a \u00e9galement<br \/>\nexp\u00e9riment\u00e9 d&rsquo;autres aspects traditionnels du showbiz fran\u00e7ais avec<br \/>\nlucidit\u00e9. Les longues soir\u00e9es et m\u00eame la drogue ont ponctu\u00e9 son<br \/>\nparcours, notamment en 1997 avec V\u00e9ronique Sanson. Toutefois,<br \/>\nl&rsquo;artiste a toujours su pr\u00e9server son \u00e9quilibre personnel malgr\u00e9<br \/>\nles tentations omnipr\u00e9sentes du milieu artistique. \u00ab Je suis<br \/>\nmarqu\u00e9, mais pas ab\u00eem\u00e9 \u00bb, a-t-il conclu avec une sagesse<br \/>\nd\u00e9sarmante et authentique. Aujourd&rsquo;hui encore, une certaine<br \/>\nreconnaissance transpara\u00eet dans ses propos lorsqu&rsquo;il \u00e9voque ces<br \/>\nann\u00e9es formatrices pass\u00e9es aux c\u00f4t\u00e9s de ces l\u00e9gendes.<\/p>\n","protected":false},"excerpt":{"rendered":"La chanson fran\u00e7aise regorge de figures embl\u00e9matiques dont l\u00a0\u00bbinfluence traverse les g\u00e9n\u00e9rations et marque les esprits. Parmi ces&hellip;\n","protected":false},"author":2,"featured_media":495679,"comment_status":"","ping_status":"","sticky":false,"template":"","format":"standard","meta":{"footnotes":""},"categories":[1355],"tags":[905,58,59,1011,27,1361,873],"class_list":{"0":"post-495678","1":"post","2":"type-post","3":"status-publish","4":"format-standard","5":"has-post-thumbnail","7":"category-musique","8":"tag-a-la-une-melty","9":"tag-divertissement","10":"tag-entertainment","11":"tag-fr","12":"tag-france","13":"tag-music","14":"tag-musique"},"share_on_mastodon":{"url":"https:\/\/pubeurope.com\/@fr\/115452511874023897","error":""},"_links":{"self":[{"href":"https:\/\/www.europesays.com\/fr\/wp-json\/wp\/v2\/posts\/495678","targetHints":{"allow":["GET"]}}],"collection":[{"href":"https:\/\/www.europesays.com\/fr\/wp-json\/wp\/v2\/posts"}],"about":[{"href":"https:\/\/www.europesays.com\/fr\/wp-json\/wp\/v2\/types\/post"}],"author":[{"embeddable":true,"href":"https:\/\/www.europesays.com\/fr\/wp-json\/wp\/v2\/users\/2"}],"replies":[{"embeddable":true,"href":"https:\/\/www.europesays.com\/fr\/wp-json\/wp\/v2\/comments?post=495678"}],"version-history":[{"count":0,"href":"https:\/\/www.europesays.com\/fr\/wp-json\/wp\/v2\/posts\/495678\/revisions"}],"wp:featuredmedia":[{"embeddable":true,"href":"https:\/\/www.europesays.com\/fr\/wp-json\/wp\/v2\/media\/495679"}],"wp:attachment":[{"href":"https:\/\/www.europesays.com\/fr\/wp-json\/wp\/v2\/media?parent=495678"}],"wp:term":[{"taxonomy":"category","embeddable":true,"href":"https:\/\/www.europesays.com\/fr\/wp-json\/wp\/v2\/categories?post=495678"},{"taxonomy":"post_tag","embeddable":true,"href":"https:\/\/www.europesays.com\/fr\/wp-json\/wp\/v2\/tags?post=495678"}],"curies":[{"name":"wp","href":"https:\/\/api.w.org\/{rel}","templated":true}]}}