{"id":495680,"date":"2025-10-28T15:31:13","date_gmt":"2025-10-28T15:31:13","guid":{"rendered":"https:\/\/www.europesays.com\/fr\/495680\/"},"modified":"2025-10-28T15:31:13","modified_gmt":"2025-10-28T15:31:13","slug":"on-falling-letau-moderne-de-laura-carreira-liberation","status":"publish","type":"post","link":"https:\/\/www.europesays.com\/fr\/495680\/","title":{"rendered":"\u00abOn Falling\u00bb : l\u2019\u00e9tau moderne de Laura Carreira &#8211; Lib\u00e9ration"},"content":{"rendered":"<ol>\n<li><a href=\"https:\/\/news.google.com\/rss\/articles\/CBMivAFBVV95cUxNckhsYl9vNERNMnlHYXRyZmpXRVFjb2dWVFdUcFhmQ2NUbm9JekpaUWVSWTBsLXdVWnR4d3NWQ2NXWGhNalNzUU1pU1lEWkxHbmpGLVpHR1pYaGhNeVFfTnQ1VjR6clV0OVNJQWFNM2txbVB0dW9kRFBkdkF0UHplVzJFbEp6NVBHeWN0d2lzSU1vZXpNeTcwWVUtMHJnNzIxYTN3OV9kcl9TbGk0b3RzeDFMM3AxSWhjd2dWbQ?oc=5\" target=\"_blank\" rel=\"noopener\">\u00abOn Falling\u00bb : l\u2019\u00e9tau moderne de Laura Carreira<\/a>&nbsp;&nbsp;Lib\u00e9ration<\/li>\n<li><a href=\"https:\/\/news.google.com\/rss\/articles\/CBMi3wFBVV95cUxOU3VnZ3llYVl1M2Q5ZkhJMkN4QjdqdjF1c0FzenAyd21rck84ODJ4b1hCTXU2VW81Y3FLd09ZUmplWmZJM3FGaU80cThRM25HWmdkeHhWSlEyUDNYdTF5R2ZweXM3TE9jd0I0UDM5RVQ1TXFzTTZuck05YmVfeXJ1QllDTlVGcmpxZF9FR2lOXzNSM1p0QVY0Q1FyZ1NEemNjNEM5MEN3enZpa0xsWEd6SzdaRlJaRXdNQ1ZCdGpEcVI5UWVPejNZTk14QUliOXYwRXF6V0pUSFdPdTFnNGlN?oc=5\" target=\"_blank\" rel=\"noopener\">\u00ab On Falling \u00bb au cin\u00e9ma : \u00ab Le travail dans un entrep\u00f4t Amazon est devenu un encha\u00eenement de bips \u00bb<\/a>&nbsp;&nbsp;Mediapart<\/li>\n<li><a href=\"https:\/\/news.google.com\/rss\/articles\/CBMiuAJBVV95cUxOYWxSVlczRzVkaklLRUhFZEN1ODVtWkFyeHdTdVFzcDZmb1VjUldnakVwMzFQRkQ5Y01CSXVuampiU0k1d2ZtWFkwemE0QUlCXy1oNGdlbWQ5VE01ZDIyZG9YT3NmM2lVNjlTeE5zZDZfZVFVSmFMM0phV1VPOGt1U2ZnQ0ZGd1ItODVQMlNQcm9HWWF2OWJveVhWV1ZPVVhtRGxRbDJDVE9ScXpXNlFqZGRlZTM1YXp4R0tLaU92QkRaMzJOdjUwN0FUZmU2THg3M1QwYXdzcjFLc2VXYUxCaHlOZXFTNy1mS3NBQ1pjdms4RHp2OFhuZG4yM01kWEM3cC0wX0VCay02SzZuTTZ6dE9UWnV1RGxlX2FSQ1YyOVZLLUJkMFVrc2s4WjlQdEt3NDJZcWRNbE8?oc=5\" target=\"_blank\" rel=\"noopener\">Laura Carreira, r\u00e9alisatrice de \u00abOn Falling\u00bb : \u00abJe voulais parler de la p\u00e9nurie d\u2019argent, de temps, mais aussi d\u2019occasions de nouer des relations\u00bb<\/a>&nbsp;&nbsp;Lib\u00e9ration<\/li>\n<li><a href=\"https:\/\/news.google.com\/rss\/articles\/CBMifEFVX3lxTE5MUi1BbGFMd2FjWThDaFVqZjR3UTNOMVNBbkJrZVdqcW1BWlZCczBCLTR5a3c2amIwOWtiTDZodk44YUxSa0kycTRJV0R3RmhLclIxWEJrRTZGTF8ycjIzZEVRYkZjaG0wTE9WZ1gtektQMWtKeERweGN5enE?oc=5\" target=\"_blank\" rel=\"noopener\">On Falling le film &#8211; Cin\u00e9mas &#8211; Le T\u00e9l\u00e9gramme : quotidien regional de Bretagne<\/a>&nbsp;&nbsp;Le T\u00e9l\u00e9gramme<\/li>\n<li><a href=\"https:\/\/news.google.com\/rss\/articles\/CBMihAFBVV95cUxPT19RNHBULURsbWZwLVlVUVhwaDljOVZHSTdpWmlIc0xwcmtyNmphdnlWSEU0NkVKRkZuejVvdUNkSVR0OEM2bGV6YXVGSjRfTjJERllaTFVIM2tmVzZFWGRCMXpQcFNzSnRsM01rMGNzTWRVSHp2Tm8wS3JlSjZNXzJGX2s?oc=5\" target=\"_blank\" rel=\"noopener\">\u00ab On Falling \u00bb de Laura Carreira : la critique qui vous fera r\u00e9fl\u00e9chir sur les livraisons par Internet<\/a>&nbsp;&nbsp;Yahoo Life France<\/li>\n<\/ol>\n","protected":false},"excerpt":{"rendered":"\u00abOn Falling\u00bb : l\u2019\u00e9tau moderne de Laura Carreira&nbsp;&nbsp;Lib\u00e9ration \u00ab On Falling \u00bb au cin\u00e9ma : \u00ab Le travail&hellip;\n","protected":false},"author":2,"featured_media":495681,"comment_status":"","ping_status":"","sticky":false,"template":"","format":"standard","meta":{"footnotes":""},"categories":[1354],"tags":[58,59,1346,1011,27,1360],"class_list":{"0":"post-495680","1":"post","2":"type-post","3":"status-publish","4":"format-standard","5":"has-post-thumbnail","7":"category-films","8":"tag-divertissement","9":"tag-entertainment","10":"tag-films","11":"tag-fr","12":"tag-france","13":"tag-movies"},"share_on_mastodon":{"url":"https:\/\/pubeurope.com\/@fr\/115452515712541948","error":""},"_links":{"self":[{"href":"https:\/\/www.europesays.com\/fr\/wp-json\/wp\/v2\/posts\/495680","targetHints":{"allow":["GET"]}}],"collection":[{"href":"https:\/\/www.europesays.com\/fr\/wp-json\/wp\/v2\/posts"}],"about":[{"href":"https:\/\/www.europesays.com\/fr\/wp-json\/wp\/v2\/types\/post"}],"author":[{"embeddable":true,"href":"https:\/\/www.europesays.com\/fr\/wp-json\/wp\/v2\/users\/2"}],"replies":[{"embeddable":true,"href":"https:\/\/www.europesays.com\/fr\/wp-json\/wp\/v2\/comments?post=495680"}],"version-history":[{"count":0,"href":"https:\/\/www.europesays.com\/fr\/wp-json\/wp\/v2\/posts\/495680\/revisions"}],"wp:featuredmedia":[{"embeddable":true,"href":"https:\/\/www.europesays.com\/fr\/wp-json\/wp\/v2\/media\/495681"}],"wp:attachment":[{"href":"https:\/\/www.europesays.com\/fr\/wp-json\/wp\/v2\/media?parent=495680"}],"wp:term":[{"taxonomy":"category","embeddable":true,"href":"https:\/\/www.europesays.com\/fr\/wp-json\/wp\/v2\/categories?post=495680"},{"taxonomy":"post_tag","embeddable":true,"href":"https:\/\/www.europesays.com\/fr\/wp-json\/wp\/v2\/tags?post=495680"}],"curies":[{"name":"wp","href":"https:\/\/api.w.org\/{rel}","templated":true}]}}