{"id":495713,"date":"2025-10-28T15:51:13","date_gmt":"2025-10-28T15:51:13","guid":{"rendered":"https:\/\/www.europesays.com\/fr\/495713\/"},"modified":"2025-10-28T15:51:13","modified_gmt":"2025-10-28T15:51:13","slug":"grenoble-pour-le-syndicat-sud-la-ville-porte-atteinte-au-droit-de-greve-du-personnel-des-ecoles-ils-agissent-comme-les-pires-des-macronistes","status":"publish","type":"post","link":"https:\/\/www.europesays.com\/fr\/495713\/","title":{"rendered":"Grenoble Pour le syndicat Sud, la Ville porte atteinte au droit de gr\u00e8ve du personnel des \u00e9coles\u00a0:\u00a0\u00ab\u00a0Ils agissent comme les pires des macronistes\u00a0\u00bb"},"content":{"rendered":"<p>\u00ab\u00a0D\u00e9sormais, quand il y a une gr\u00e8ve en France, personne ne s\u2019en aper\u00e7oit.\u00a0\u00bb La citation de <a href=\"https:\/\/www.ledauphine.com\/p\/nicolas-sarkozy\" target=\"_blank\" rel=\"noopener\">Nicolas Sarkozy<\/a> est dat\u00e9e du\u00a06\u00a0juillet 2008. Ce jour-l\u00e0, le chef de l\u2019\u00c9tat d\u2019alors se f\u00e9licitait de l\u2019adoption d\u2019une loi (abrog\u00e9e trois ans plus tard) imposant un service minimum dans les transports en cas de gr\u00e8ve. Mais, pour le syndicat Sud, l\u2019antienne pourrait d\u00e9sormais s\u2019appliquer \u00e0 la Ville de Grenoble. La faute, selon ce syndicat, \u00e0 une note de service diffus\u00e9e en avril\u00a02021 et sign\u00e9e du directeur g\u00e9n\u00e9ral des services ayant pour objet \u201cModalit\u00e9 d\u2019exercice du droit de gr\u00e8ve\u201d.<\/p>\n<p>Cette note &#8211; pr\u00e9cisant une pr\u00e9c\u00e9dente note de 2016&#8230;<\/p>\n","protected":false},"excerpt":{"rendered":"\u00ab\u00a0D\u00e9sormais, quand il y a une gr\u00e8ve en France, personne ne s\u2019en aper\u00e7oit.\u00a0\u00bb La citation de Nicolas Sarkozy&hellip;\n","protected":false},"author":2,"featured_media":495714,"comment_status":"","ping_status":"","sticky":false,"template":"","format":"standard","meta":{"footnotes":""},"categories":[9566],"tags":[1111,11,2430,9671,112,1057,341,1777,674,274,1011,27,2731,2732,108,12,316,25,801,104],"class_list":{"0":"post-495713","1":"post","2":"type-post","3":"status-publish","4":"format-standard","5":"has-post-thumbnail","7":"category-grenoble","8":"tag-actu","9":"tag-actualites","10":"tag-auvergne-rhone-alpes","11":"tag-conflit-social","12":"tag-edition-grenoble-agglomeration","13":"tag-education","14":"tag-emploi","15":"tag-eu","16":"tag-europe","17":"tag-faits-divers-justice","18":"tag-fr","19":"tag-france","20":"tag-grenoble","21":"tag-grenoble-bassin","22":"tag-isere","23":"tag-news","24":"tag-politique","25":"tag-republique-francaise","26":"tag-social","27":"tag-societe"},"share_on_mastodon":{"url":"https:\/\/pubeurope.com\/@fr\/115452594355450350","error":""},"_links":{"self":[{"href":"https:\/\/www.europesays.com\/fr\/wp-json\/wp\/v2\/posts\/495713","targetHints":{"allow":["GET"]}}],"collection":[{"href":"https:\/\/www.europesays.com\/fr\/wp-json\/wp\/v2\/posts"}],"about":[{"href":"https:\/\/www.europesays.com\/fr\/wp-json\/wp\/v2\/types\/post"}],"author":[{"embeddable":true,"href":"https:\/\/www.europesays.com\/fr\/wp-json\/wp\/v2\/users\/2"}],"replies":[{"embeddable":true,"href":"https:\/\/www.europesays.com\/fr\/wp-json\/wp\/v2\/comments?post=495713"}],"version-history":[{"count":0,"href":"https:\/\/www.europesays.com\/fr\/wp-json\/wp\/v2\/posts\/495713\/revisions"}],"wp:featuredmedia":[{"embeddable":true,"href":"https:\/\/www.europesays.com\/fr\/wp-json\/wp\/v2\/media\/495714"}],"wp:attachment":[{"href":"https:\/\/www.europesays.com\/fr\/wp-json\/wp\/v2\/media?parent=495713"}],"wp:term":[{"taxonomy":"category","embeddable":true,"href":"https:\/\/www.europesays.com\/fr\/wp-json\/wp\/v2\/categories?post=495713"},{"taxonomy":"post_tag","embeddable":true,"href":"https:\/\/www.europesays.com\/fr\/wp-json\/wp\/v2\/tags?post=495713"}],"curies":[{"name":"wp","href":"https:\/\/api.w.org\/{rel}","templated":true}]}}