{"id":495720,"date":"2025-10-28T15:55:17","date_gmt":"2025-10-28T15:55:17","guid":{"rendered":"https:\/\/www.europesays.com\/fr\/495720\/"},"modified":"2025-10-28T15:55:17","modified_gmt":"2025-10-28T15:55:17","slug":"economie-daniel-bixel-president-par-interim-de-la-cci-alsace-eurometropole","status":"publish","type":"post","link":"https:\/\/www.europesays.com\/fr\/495720\/","title":{"rendered":"\u00c9conomie. Daniel Bixel, pr\u00e9sident par int\u00e9rim de la CCI Alsace Eurom\u00e9tropole"},"content":{"rendered":"<p>Le premier vice-pr\u00e9sident de la chambre de commerce et d\u2019industrie Alsace Eurom\u00e9tropole en charge du commerce, Daniel Bixel, assure depuis la mi-septembre les fonctions de pr\u00e9sident par int\u00e9rim de la chambre consulaire, a-t-on appris ce mardi dans un communiqu\u00e9. Le pr\u00e9sident en exercice, Jean-Luc Heimburger, s\u2019est mis en retrait pour \u00ab raisons de sant\u00e9 \u00bb.<\/p>\n<p>Daniel Bixel, 60 ans, est le PDG de l\u2019enseigne Sport 2000 \u00e0 Altkirch dans le Haut-Rhin. Cette enseigne fait partie du groupement de commer\u00e7ants ind\u00e9pendants C\u00e9racl\u00e8s Coop\u00e9rative, dont il est administrateur. Il dirige \u00e9galement l\u2019entreprise familiale Bixel \u00c9nergies, une TPE sp\u00e9cialis\u00e9e dans la vente en gros et au d\u00e9tail de combustibles, \u00e9galement bas\u00e9e \u00e0 Altkirch.<\/p>\n<p>Au titre de son mandat \u00e0 la CCI Alsace Eurom\u00e9tropole, Daniel Bixel est administrateur du Syndicat mixte pour la gestion des ports du Sud-Alsace et d\u2019Euro Rhein Ports, charg\u00e9 de l\u2019exploitation et du d\u00e9veloppement du domaine industrialo-portuaire depuis Sausheim. Il exerce \u00e9galement la vice-pr\u00e9sidence de la soci\u00e9t\u00e9 anonyme d\u2019\u00e9conomie mixte charg\u00e9e de l\u2019exploitation du parc des expositions et des congr\u00e8s de Mulhouse Alsace Agglom\u00e9ration (M2A).<\/p>\n","protected":false},"excerpt":{"rendered":"Le premier vice-pr\u00e9sident de la chambre de commerce et d\u2019industrie Alsace Eurom\u00e9tropole en charge du commerce, Daniel Bixel,&hellip;\n","protected":false},"author":2,"featured_media":495721,"comment_status":"","ping_status":"","sticky":false,"template":"","format":"standard","meta":{"footnotes":""},"categories":[2820],"tags":[1111,11,2389,4406,33,1777,674,107,1011,27,775,12,25,104,640,1631],"class_list":{"0":"post-495720","1":"post","2":"type-post","3":"status-publish","4":"format-standard","5":"has-post-thumbnail","7":"category-strasbourg","8":"tag-actu","9":"tag-actualites","10":"tag-alsace","11":"tag-commerce-et-services","12":"tag-economie","13":"tag-eu","14":"tag-europe","15":"tag-fil-info","16":"tag-fr","17":"tag-france","18":"tag-grand-est","19":"tag-news","20":"tag-republique-francaise","21":"tag-societe","22":"tag-strasbourg","23":"tag-vie-associative"},"share_on_mastodon":{"url":"https:\/\/pubeurope.com\/@fr\/115452610121393678","error":""},"_links":{"self":[{"href":"https:\/\/www.europesays.com\/fr\/wp-json\/wp\/v2\/posts\/495720","targetHints":{"allow":["GET"]}}],"collection":[{"href":"https:\/\/www.europesays.com\/fr\/wp-json\/wp\/v2\/posts"}],"about":[{"href":"https:\/\/www.europesays.com\/fr\/wp-json\/wp\/v2\/types\/post"}],"author":[{"embeddable":true,"href":"https:\/\/www.europesays.com\/fr\/wp-json\/wp\/v2\/users\/2"}],"replies":[{"embeddable":true,"href":"https:\/\/www.europesays.com\/fr\/wp-json\/wp\/v2\/comments?post=495720"}],"version-history":[{"count":0,"href":"https:\/\/www.europesays.com\/fr\/wp-json\/wp\/v2\/posts\/495720\/revisions"}],"wp:featuredmedia":[{"embeddable":true,"href":"https:\/\/www.europesays.com\/fr\/wp-json\/wp\/v2\/media\/495721"}],"wp:attachment":[{"href":"https:\/\/www.europesays.com\/fr\/wp-json\/wp\/v2\/media?parent=495720"}],"wp:term":[{"taxonomy":"category","embeddable":true,"href":"https:\/\/www.europesays.com\/fr\/wp-json\/wp\/v2\/categories?post=495720"},{"taxonomy":"post_tag","embeddable":true,"href":"https:\/\/www.europesays.com\/fr\/wp-json\/wp\/v2\/tags?post=495720"}],"curies":[{"name":"wp","href":"https:\/\/api.w.org\/{rel}","templated":true}]}}