{"id":495722,"date":"2025-10-28T15:56:18","date_gmt":"2025-10-28T15:56:18","guid":{"rendered":"https:\/\/www.europesays.com\/fr\/495722\/"},"modified":"2025-10-28T15:56:18","modified_gmt":"2025-10-28T15:56:18","slug":"liam-rosenior-sexcuse-apres-ses-propos-sur-larbitrage-dol-strasbourg-france-strasbourg","status":"publish","type":"post","link":"https:\/\/www.europesays.com\/fr\/495722\/","title":{"rendered":"Liam Rosenior s\u2019excuse apr\u00e8s ses propos sur l\u2019arbitrage d\u2019OL-Strasbourg &#8211; France &#8211; Strasbourg"},"content":{"rendered":"<p>La nuit porte conseil, deux nuits encore plus.<\/p>\n<p>Dimanche soir, <strong>le Racing Club de Strasbourg s\u2019est<a target=\"_blank\" href=\"https:\/\/www.sofoot.com\/articles\/lolympique-lyonnais-fait-tomber-strasbourg-dans-le-money-time-grace-a-afonso-moreira\" rel=\"nofollow noopener\"> inclin\u00e9 dans les ultimes instants sur la pelouse de Lyon (2-1)<\/a><\/strong>. Et si la d\u00e9faite a eu <strong>un go\u00fbt plus amer que d\u2019habitude pour l\u2019entra\u00eeneur des Alsaciens, Liam Rosenior<\/strong>, c\u2019est parce qu<strong>\u2019<\/strong><a target=\"_blank\" href=\"https:\/\/www.sofoot.com\/breves\/liam-rosenior-peste-contre-larbitrage-apres-la-defaite-de-strasbourg-face-a-lol\" rel=\"nofollow noopener\">il n\u2019avait pas dig\u00e9r\u00e9 l\u2019exclusion de son d\u00e9fenseur Isma\u00ebl Doukour\u00e9.<\/a><\/p>\n<p>Auteur d\u2019une intervention muscl\u00e9e sur l\u2019attaquant lyonnais <a target=\"_blank\" href=\"https:\/\/www.sofoot.com\/articles\/ligue-1-lol-peut-il-survivre-sans-malick-fofana-sorti-sur-civiere-contre-strasbourg\" rel=\"nofollow noopener\">Malick Fofana sorti sur civi\u00e8re par la suite<\/a>, le d\u00e9fenseur fran\u00e7ais avait dans un premier temps re\u00e7u <strong>le soutien de Liam Rosenior<\/strong> : \u00ab\u202fDoukour\u00e9 n\u2019a pas fait un tacle dangereux mais \u00e7a s\u2019est termin\u00e9 par une blessure, le pied de Fofana \u00e9tant plant\u00e9 dans le sol\u202f\u00bb, avait assur\u00e9 le coach britannique.<\/p>\n<p>\u00ab\u202fJ\u2019ai eu tort sur le carton rouge, je m\u2019excuse\u202f\u00bb<\/p>\n<p>Ce mardi, Liam Rosenior a pu revenir sur le sujet en conf\u00e9rence de presse avant la rencontre de mercredi face \u00e0 Auxerre. L\u2019occasion pour l\u2019entra\u00eeneur de <strong>reconna\u00eetre ses torts<\/strong>, compte tenu notamment de la <a target=\"_blank\" href=\"https:\/\/www.sofoot.com\/breves\/ol-la-sentence-est-tombee-pour-malick-fofana-absent-plusieurs-mois\" rel=\"nofollow noopener\">gravit\u00e9 de la blessure de Malick Fofana<\/a> : \u00ab\u202fOn fait tous des erreurs, j\u2019ai r\u00e9agi \u00e0 chaud, j\u2019ai eu tort sur le carton rouge. Je m\u2019excuse. J\u2019esp\u00e8re que Malick Fofana se r\u00e9tablira rapidement.\u202f\u00bb<\/p>\n<p>Qui pour lui dire qu\u2019on ne s\u2019excuse pas : on demande pardon.<\/p>\n<p>\t\t\t\t\t\t\t\t\t\t<a class=\"lien-connexe\" href=\"https:\/\/www.sofoot.com\/articles\/ligue-1-lol-peut-il-survivre-sans-malick-fofana-sorti-sur-civiere-contre-strasbourg\" rel=\"nofollow noopener\" target=\"_blank\">L\u2019OL peut-il survivre sans Malick Fofana\u202f?<\/a>\t\t\t\t\t<\/p>\n","protected":false},"excerpt":{"rendered":"La nuit porte conseil, deux nuits encore plus. Dimanche soir, le Racing Club de Strasbourg s\u2019est inclin\u00e9 dans&hellip;\n","protected":false},"author":2,"featured_media":495723,"comment_status":"","ping_status":"","sticky":false,"template":"","format":"standard","meta":{"footnotes":""},"categories":[2820],"tags":[1111,47,11,61,69,65,64,1777,674,63,1011,27,775,68,66,12,62,70,25,67,640],"class_list":{"0":"post-495722","1":"post","2":"type-post","3":"status-publish","4":"format-standard","5":"has-post-thumbnail","7":"category-strasbourg","8":"tag-actu","9":"tag-actualite","10":"tag-actualites","11":"tag-actus-football","12":"tag-bundesliga","13":"tag-championnats-europeens","14":"tag-equipe-de-france","15":"tag-eu","16":"tag-europe","17":"tag-football","18":"tag-fr","19":"tag-france","20":"tag-grand-est","21":"tag-ligua","22":"tag-ligue-1","23":"tag-news","24":"tag-news-foot","25":"tag-premier-league","26":"tag-republique-francaise","27":"tag-serie-a","28":"tag-strasbourg"},"share_on_mastodon":{"url":"https:\/\/pubeurope.com\/@fr\/115452614079387482","error":""},"_links":{"self":[{"href":"https:\/\/www.europesays.com\/fr\/wp-json\/wp\/v2\/posts\/495722","targetHints":{"allow":["GET"]}}],"collection":[{"href":"https:\/\/www.europesays.com\/fr\/wp-json\/wp\/v2\/posts"}],"about":[{"href":"https:\/\/www.europesays.com\/fr\/wp-json\/wp\/v2\/types\/post"}],"author":[{"embeddable":true,"href":"https:\/\/www.europesays.com\/fr\/wp-json\/wp\/v2\/users\/2"}],"replies":[{"embeddable":true,"href":"https:\/\/www.europesays.com\/fr\/wp-json\/wp\/v2\/comments?post=495722"}],"version-history":[{"count":0,"href":"https:\/\/www.europesays.com\/fr\/wp-json\/wp\/v2\/posts\/495722\/revisions"}],"wp:featuredmedia":[{"embeddable":true,"href":"https:\/\/www.europesays.com\/fr\/wp-json\/wp\/v2\/media\/495723"}],"wp:attachment":[{"href":"https:\/\/www.europesays.com\/fr\/wp-json\/wp\/v2\/media?parent=495722"}],"wp:term":[{"taxonomy":"category","embeddable":true,"href":"https:\/\/www.europesays.com\/fr\/wp-json\/wp\/v2\/categories?post=495722"},{"taxonomy":"post_tag","embeddable":true,"href":"https:\/\/www.europesays.com\/fr\/wp-json\/wp\/v2\/tags?post=495722"}],"curies":[{"name":"wp","href":"https:\/\/api.w.org\/{rel}","templated":true}]}}