{"id":495728,"date":"2025-10-28T15:59:13","date_gmt":"2025-10-28T15:59:13","guid":{"rendered":"https:\/\/www.europesays.com\/fr\/495728\/"},"modified":"2025-10-28T15:59:13","modified_gmt":"2025-10-28T15:59:13","slug":"un-nouveau-burger-king-va-ouvrir-dans-cette-commune-au-nord-de-nantes","status":"publish","type":"post","link":"https:\/\/www.europesays.com\/fr\/495728\/","title":{"rendered":"Un nouveau Burger King va ouvrir dans cette commune au nord de Nantes"},"content":{"rendered":"<p>            Par<br \/>\n        <strong><br \/>\n            <a href=\"https:\/\/actu.fr\/auteur\/redaction-nantes\" title=\"Consulter tous les articles de R\u00e9daction Nantes\" rel=\"nofollow noopener\" target=\"_blank\">R\u00e9daction Nantes<\/a><br \/>\n        <\/strong><\/p>\n<p>        Publi\u00e9 le<\/p>\n<p>            28 oct. 2025 \u00e0 16h53        <\/p>\n<p>Apr\u00e8s <a href=\"https:\/\/actu.fr\/pays-de-la-loire\/orvault_44114\/retour-de-quick-a-nantes-on-connait-la-date-d-ouverture-du-nouveau-restaurant_62931912.html\" rel=\"nofollow noopener\" target=\"_blank\">Quick \u00e0 Orvault<\/a>, un nouveau fast-food s\u2019installe au nord de l\u2019agglom\u00e9ration nantaise. Ce mercredi 29\u00a0octobre 2025,<strong> un restaurant de la franchise Burger King ouvre ses portes<\/strong> \u00e0 <a href=\"https:\/\/actu.fr\/pays-de-la-loire\/treillieres_44209\" rel=\"nofollow noopener\" target=\"_blank\">Treilli\u00e8res<\/a> (Loire-Atlantique). Le commerce est situ\u00e9, route de la Chapelle-sur-Erdre, dans la zone d\u2019activit\u00e9s du Ragon.<\/p>\n<p>    <a href=\"https:\/\/www.google.com\/maps\/embed?pb=!1m18!1m12!1m3!1d2061.83238973812!2d-1.5989991248004756!3d47.27885411055421!2m3!1f0!2f0!3f0!3m2!1i1024!2i768!4f13.1!3m3!1m2!1s0x4805ed46d639b189%3A0x4e9f249ca2b4364a!2sBurger%20King!5e1!3m2!1sfr!2sfr!4v1761662020980!5m2!1sfr!2sfr\" title=\"Ouvrie le lien\" rel=\"nofollow noopener\" target=\"_blank\">Cliquez ici pour visualiser le contenu<\/a><\/p>\n<p>70\u00a0personnes recrut\u00e9es<\/p>\n<p class=\" wall-content\">\u00c0 partir de 11h, ce mercredi, le nouveau restaurant pourra accueillir \u00ab\u2009plus de 100\u00a0personnes en salle\u2009\u00bb.<\/p>\n<p class=\" wall-content\">\u00ab\u2009Aujourd\u2019hui, on d\u00e9barque avec de la flamme, de la gourmandise et l\u2019envie de faire rayonner la marque BK dans la r\u00e9gion nantaise. Ce restaurant, c\u2019est l\u2019aboutissement d\u2019un beau projet local\u2009\u00bb, indique, dans un communiqu\u00e9 de presse, Pierre Pontais, franchis\u00e9 Burger King \u00e0 Treilli\u00e8res.<\/p>\n<p class=\" wall-content\">D\u2019apr\u00e8s Burger King, <strong>70\u00a0personnes ont \u00e9t\u00e9 recrut\u00e9es en CDI<\/strong> pour ce nouveau restaurant.<\/p>\n<p><strong>Infos pratiques<\/strong>\u2009:<br \/>Burger King, 1 route de la Chapelle-sur-Erdre, Treilli\u00e8res.<br \/>Horaires\u2009: 11h-23h du dimanche au jeudi, 11-1h le vendredi et samedi (en salle)\u2009; 11h-23h du lundi au jeudi 11h-2h, vendredi et samedi (en drive).<\/p>\n<p class=\" wall-content\">Personnalisez votre actualit\u00e9 en ajoutant vos villes et m\u00e9dias en favori avec <a href=\"https:\/\/moncompte.actu.fr\" title=\"D\u00e9couvez Mon Actu\" rel=\"nofollow noopener\" data-trk=\"{&quot;cta&quot;:{&quot;action&quot;:&quot;https:\\\/\\\/moncompte.actu.fr&quot;,&quot;category&quot;:&quot;mon compte&quot;,&quot;from&quot;:&quot;article footer&quot;,&quot;name&quot;:&quot;Mon actu&quot;,&quot;type&quot;:&quot;cta&quot;}}\" target=\"_blank\">Mon Actu<\/a>.<\/p>\n","protected":false},"excerpt":{"rendered":"Par R\u00e9daction Nantes Publi\u00e9 le 28 oct. 2025 \u00e0 16h53 Apr\u00e8s Quick \u00e0 Orvault, un nouveau fast-food s\u2019installe&hellip;\n","protected":false},"author":2,"featured_media":495729,"comment_status":"","ping_status":"","sticky":false,"template":"","format":"standard","meta":{"footnotes":""},"categories":[2818],"tags":[1111,11,215,1777,674,1011,27,766,12,2636,25,104],"class_list":{"0":"post-495728","1":"post","2":"type-post","3":"status-publish","4":"format-standard","5":"has-post-thumbnail","7":"category-nantes","8":"tag-actu","9":"tag-actualites","10":"tag-commerce","11":"tag-eu","12":"tag-europe","13":"tag-fr","14":"tag-france","15":"tag-nantes","16":"tag-news","17":"tag-pays-de-la-loire","18":"tag-republique-francaise","19":"tag-societe"},"share_on_mastodon":{"url":"https:\/\/pubeurope.com\/@fr\/115452625873196816","error":""},"_links":{"self":[{"href":"https:\/\/www.europesays.com\/fr\/wp-json\/wp\/v2\/posts\/495728","targetHints":{"allow":["GET"]}}],"collection":[{"href":"https:\/\/www.europesays.com\/fr\/wp-json\/wp\/v2\/posts"}],"about":[{"href":"https:\/\/www.europesays.com\/fr\/wp-json\/wp\/v2\/types\/post"}],"author":[{"embeddable":true,"href":"https:\/\/www.europesays.com\/fr\/wp-json\/wp\/v2\/users\/2"}],"replies":[{"embeddable":true,"href":"https:\/\/www.europesays.com\/fr\/wp-json\/wp\/v2\/comments?post=495728"}],"version-history":[{"count":0,"href":"https:\/\/www.europesays.com\/fr\/wp-json\/wp\/v2\/posts\/495728\/revisions"}],"wp:featuredmedia":[{"embeddable":true,"href":"https:\/\/www.europesays.com\/fr\/wp-json\/wp\/v2\/media\/495729"}],"wp:attachment":[{"href":"https:\/\/www.europesays.com\/fr\/wp-json\/wp\/v2\/media?parent=495728"}],"wp:term":[{"taxonomy":"category","embeddable":true,"href":"https:\/\/www.europesays.com\/fr\/wp-json\/wp\/v2\/categories?post=495728"},{"taxonomy":"post_tag","embeddable":true,"href":"https:\/\/www.europesays.com\/fr\/wp-json\/wp\/v2\/tags?post=495728"}],"curies":[{"name":"wp","href":"https:\/\/api.w.org\/{rel}","templated":true}]}}