{"id":495733,"date":"2025-10-28T16:02:12","date_gmt":"2025-10-28T16:02:12","guid":{"rendered":"https:\/\/www.europesays.com\/fr\/495733\/"},"modified":"2025-10-28T16:02:12","modified_gmt":"2025-10-28T16:02:12","slug":"la-mairie-de-bordeaux-defend-la-suspension-du-jumelage-avec-ashdod","status":"publish","type":"post","link":"https:\/\/www.europesays.com\/fr\/495733\/","title":{"rendered":"la mairie de Bordeaux d\u00e9fend la suspension du jumelage avec Ashdod"},"content":{"rendered":"<p>\n    Interpell\u00e9e par la s\u00e9natrice et candidate aux prochaines \u00e9lections municipales Nathalie Delattre (parti radical), la mairie maintient avec fermet\u00e9 la d\u00e9cision qu\u2019elle a prise en juillet.<\/p>\n<p class=\"fig-paragraph\">\u00c0 Bordeaux, la<a href=\"http:\/\/www.lefigaro.fr\/bordeaux\/le-maire-ecologiste-de-bordeaux-pierre-hurmic-decide-de-suspendre-ses-activites-de-cooperation-avec-une-ville-israelienne-20250630\" data-fig-type=\"NewsFlash\" data-gtm-custom-categorie=\"navigation\" data-gtm-custom-action=\"crossclick\" data-gtm-custom-label=\"Contextuel\" data-gtm-event=\"customEventSPE\" data-fig-domain=\"LEFIGARO\" target=\"_blank\" rel=\"noopener\">\u00a0d\u00e9cision prise le 1er juillet\u00a0<\/a>par le maire \u00e9cologiste<a href=\"http:\/\/www.lefigaro.fr\/bordeaux\/municipales-2026-s-il-n-est-pas-encore-candidat-le-maire-ecologiste-de-bordeaux-pierre-hurmic-a-pris-sa-decision-20250905\" data-fig-type=\"NewsFlash\" data-gtm-custom-categorie=\"navigation\" data-gtm-custom-action=\"crossclick\" data-gtm-custom-label=\"Contextuel\" data-gtm-event=\"customEventSPE\" data-fig-domain=\"LEFIGARO\" target=\"_blank\" rel=\"noopener\">\u00a0Pierre Hurmic<\/a>\u00a0de suspendre le jumelage de la ville avec Ashdod, continue \u00e0 d\u00e9cha\u00eener les passions. Dans un courrier adress\u00e9 \u00e0 l\u2019\u00e9dile vendredi, dont la presse a re\u00e7u copie, la s\u00e9natrice et candidate aux prochaines \u00e9lections municipales Nathalie Delattre r\u00e9clame la restauration du partenariat. \u00abL\u2019esprit m\u00eame d\u2019un jumelage est le dialogue, l\u2019amiti\u00e9 et la coop\u00e9ration entre les peuples, quelles que soient les tensions politiques du moment\u00bb, plaide la conseill\u00e8re municipale. Avant d\u2019arguer\u00a0: \u00abLe processus de\u00a0<a href=\"http:\/\/www.lefigaro.fr\/international\/les-emouvantes-retrouvailles-des-jumeaux-gali-et-ziv-berman-separes-pendant-738-jours-20251013\" data-fig-type=\"Article\" data-gtm-custom-categorie=\"navigation\" data-gtm-custom-action=\"crossclick\" data-gtm-custom-label=\"Contextuel\" data-gtm-event=\"customEventSPE\" data-fig-domain=\"LEFIGARO\" target=\"_blank\" rel=\"noopener\">lib\u00e9ration des otages isra\u00e9liens<\/a> \u00a0retenus par le Hamas est en cours apr\u00e8s plus de deux ann\u00e9es de captivit\u00e9, la situation g\u00e9opolitique amorce enfin une dynamique de d\u00e9tente des tensions, il est temps d\u2019envoyer un signal fort.\u00bb\u00a0<\/p>\n<p class=\"fig-paragraph\">Une position, \u00e9galement exprim\u00e9e par le d\u00e9put\u00e9 Thomas Cazenave en conseil municipal. \u00abNous regrettons que la ville de Bordeaux soit embarqu\u00e9e malgr\u00e9 elle dans le conflit isra\u00e9lo-palestinien alors m\u00eame que vous savez pertinemment que nos \u00e9changes et nos prises de position n\u2019ont aucun impact\u00bb, a cingl\u00e9 celui qui est \u00e9galement candidat aux municipales, le 8 juillet dernier.<\/p>\n<p>                                    <a class=\"fig-a11y-skip a11y-hidden\" href=\"#fig-a11y-skip-main-inarticle\"><br \/>\n        Passer la publicit\u00e9<br \/>\n    <\/a><\/p>\n<p>\u00abPr\u00e9matur\u00e9\u00bb selon la majorit\u00e9<\/p>\n<p class=\"fig-paragraph\">Un discours qui n\u2019\u00e9meut en rien la majorit\u00e9.\u00a0\u00abLes activit\u00e9s que nous avions avec Ashdod concernent la jeunesse et l\u2019\u00e9conomie. Il appara\u00eet \u00e9vident, malgr\u00e9 l\u2019amorce d\u2019un cessez-le-feu, que nous ne pouvons pas envoyer des jeunes Bordelais en Isra\u00ebl dans une logique de r\u00e9ciprocit\u00e9 qui caract\u00e9rise aussi le jumelage\u00bb, r\u00e9torque C\u00e9line Papin. L\u2019adjointe au maire assume sa position\u00a0: \u00abIl me semble pr\u00e9matur\u00e9 de reprendre des activit\u00e9s de coop\u00e9ration avec Ashdod, dont le pays est engag\u00e9 dans un conflit arm\u00e9.\u00bb<\/p>\n<p class=\"fig-paragraph\">Inflexible sur le sujet, la mairie de Bordeaux n\u2019a pas non plus c\u00e9d\u00e9 \u00e0 la demande de\u00a0<a href=\"http:\/\/www.lefigaro.fr\/bordeaux\/bordeaux-en-greve-de-la-faim-depuis-un-mois-quatre-militants-reclament-la-fin-du-jumelage-avec-la-ville-israelienne-d-ashdod-20250916\" data-fig-type=\"NewsFlash\" data-gtm-custom-categorie=\"navigation\" data-gtm-custom-action=\"crossclick\" data-gtm-custom-label=\"Contextuel\" data-gtm-event=\"customEventSPE\" data-fig-domain=\"LEFIGARO\" target=\"_blank\" rel=\"noopener\">rupture d\u00e9finitive du jumelage<\/a>, port\u00e9e par des militants. Quatre d\u2019entre eux avaient entam\u00e9 une gr\u00e8ve de la faim, qui s\u2019est achev\u00e9e le 24 septembre dernier, apr\u00e8s 43 jours de je\u00fbne. \u00abNous avons compris que le maire et son adjointe ne c\u00e9deraient pas et que nous allions mourir si nous continuions. On a d\u00e9cid\u00e9 de rester en vie pour en parler \u00e0 travers d\u2019autres actions\u00bb, indique Jos\u00e9phine Lavoisier, leur porte-parole. Les militants pour la cause organisent ainsi mi-novembre, avec le soutien de la mairie, \u00abLes journ\u00e9es Isra\u00ebl-Paslestine\u00bb afin d\u2019\u00e9voquer \u00abl\u2019imp\u00e9ratif de la paix\u00bb entre les deux pays.<\/p>\n","protected":false},"excerpt":{"rendered":"Interpell\u00e9e par la s\u00e9natrice et candidate aux prochaines \u00e9lections municipales Nathalie Delattre (parti radical), la mairie maintient avec&hellip;\n","protected":false},"author":2,"featured_media":495734,"comment_status":"","ping_status":"","sticky":false,"template":"","format":"standard","meta":{"footnotes":""},"categories":[2817],"tags":[1111,11,1997,3259,1777,674,1011,27,7372,12,2219,25],"class_list":{"0":"post-495733","1":"post","2":"type-post","3":"status-publish","4":"format-standard","5":"has-post-thumbnail","7":"category-bordeaux","8":"tag-actu","9":"tag-actualites","10":"tag-bordeaux","11":"tag-conflit-israelo-palestinien","12":"tag-eu","13":"tag-europe","14":"tag-fr","15":"tag-france","16":"tag-mairie-de-bordeaux","17":"tag-news","18":"tag-nouvelle-aquitaine","19":"tag-republique-francaise"},"share_on_mastodon":{"url":"https:\/\/pubeurope.com\/@fr\/115452637610876562","error":""},"_links":{"self":[{"href":"https:\/\/www.europesays.com\/fr\/wp-json\/wp\/v2\/posts\/495733","targetHints":{"allow":["GET"]}}],"collection":[{"href":"https:\/\/www.europesays.com\/fr\/wp-json\/wp\/v2\/posts"}],"about":[{"href":"https:\/\/www.europesays.com\/fr\/wp-json\/wp\/v2\/types\/post"}],"author":[{"embeddable":true,"href":"https:\/\/www.europesays.com\/fr\/wp-json\/wp\/v2\/users\/2"}],"replies":[{"embeddable":true,"href":"https:\/\/www.europesays.com\/fr\/wp-json\/wp\/v2\/comments?post=495733"}],"version-history":[{"count":0,"href":"https:\/\/www.europesays.com\/fr\/wp-json\/wp\/v2\/posts\/495733\/revisions"}],"wp:featuredmedia":[{"embeddable":true,"href":"https:\/\/www.europesays.com\/fr\/wp-json\/wp\/v2\/media\/495734"}],"wp:attachment":[{"href":"https:\/\/www.europesays.com\/fr\/wp-json\/wp\/v2\/media?parent=495733"}],"wp:term":[{"taxonomy":"category","embeddable":true,"href":"https:\/\/www.europesays.com\/fr\/wp-json\/wp\/v2\/categories?post=495733"},{"taxonomy":"post_tag","embeddable":true,"href":"https:\/\/www.europesays.com\/fr\/wp-json\/wp\/v2\/tags?post=495733"}],"curies":[{"name":"wp","href":"https:\/\/api.w.org\/{rel}","templated":true}]}}