{"id":495739,"date":"2025-10-28T16:05:11","date_gmt":"2025-10-28T16:05:11","guid":{"rendered":"https:\/\/www.europesays.com\/fr\/495739\/"},"modified":"2025-10-28T16:05:11","modified_gmt":"2025-10-28T16:05:11","slug":"pres-de-lille-la-friche-gourmande-se-transforme-en-station-de-ski-avec-telecabines-et-fromage-fondu","status":"publish","type":"post","link":"https:\/\/www.europesays.com\/fr\/495739\/","title":{"rendered":"Pr\u00e8s de Lille, La Friche Gourmande se transforme en station de ski avec t\u00e9l\u00e9cabines et fromage fondu"},"content":{"rendered":"<p>            Par<br \/>\n        <strong><br \/>\n            <a href=\"https:\/\/actu.fr\/auteur\/hervine-mahaud\" title=\"Consulter tous les articles de Hervine Mahaud\" rel=\"nofollow noopener\" target=\"_blank\">Hervine Mahaud<\/a><br \/>\n        <\/strong><\/p>\n<p>        Publi\u00e9 le<\/p>\n<p>            28 oct. 2025 \u00e0 17h00        <\/p>\n<p><a href=\"https:\/\/actu.fr\/hauts-de-france\/saint-andre-lez-lille_59527\/la-friche-gourmande-bientot-de-retour-pres-de-lille-ou-quand-et-avec-quels-restaurants_61051647.html\" rel=\"nofollow noopener\" target=\"_blank\">La Friche Gourmande<\/a> sort les t\u00e9l\u00e9cabines du garage\u2009: pour l\u2019hiver 2025-2026, le spot de <a href=\"https:\/\/actu.fr\/hauts-de-france\/saint-andre-lez-lille_59527\" rel=\"nofollow noopener\" target=\"_blank\">Saint-Andr\u00e9-lez-Lille<\/a> se mue une nouvelle fois en <b>v\u00e9ritable station de ski urbaine<\/b>. Du 29\u00a0octobre au 30\u00a0mars, la \u00ab\u2009station de la <a href=\"https:\/\/actu.fr\/lille\/\" rel=\"nofollow noopener\" target=\"_blank\">m\u00e9tropole lilloise<\/a>\u2009\u00bb promet <b>curling, raclette et ambiance montagnarde<\/b>.<\/p>\n<p>Une station de ski \u00e0 deux pas de Lille<\/p>\n<p class=\" wall-content\">Pour cette nouvelle saison, <b>seize t\u00e9l\u00e9cabines<\/b> chin\u00e9es au Grand-Bornand et \u00e0 Serre-Chevalier s\u2019installent sur la terrasse. De deux \u00e0 neuf personnes pourront y d\u00e9guster <b>fondues<\/b> et <b>raclettes<\/b> dans un <b>d\u00e9cor digne des Alpes<\/b>\u2009: deux immenses casse-noisettes, une <b>motoneige<\/b>, des <b>t\u00e9l\u00e9si\u00e8ges<\/b> et une <b>piste de curling<\/b> compl\u00e8tent le tableau. \u00c0 l\u2019int\u00e9rieur, un vaste espace chauff\u00e9, enti\u00e8rement red\u00e9cor\u00e9 dans un esprit \u00ab<b>\u2009chalet<\/b>\u2009\u00bb, accueillera jusqu\u2019\u00e0 250 convives.<\/p>\n<p>Du fromage, du fun et du chaud au c\u0153ur<\/p>\n<p class=\" wall-content\">C\u00f4t\u00e9 cuisine, les corners se mettent \u00e0 l\u2019heure d\u2019hiver. Le <b>Comptoir Volant<\/b> revisite ses burgers en version montagnarde, \u00ab<b>\u2009Comment Savoie<\/b>\u2009\u00bb fait fondre les gourmets avec ses raclettes et monts d\u2019or, et <b>Smokey Banh Mi<\/b> ajoute \u00e0 la carte des currys et gua bao r\u00e9confortants. De quoi affronter les frimas avec gourmandise.<\/p>\n<p>Curling, blind tests et DJ sets<\/p>\n<p class=\" wall-content\">L\u2019ambiance promet d\u2019\u00eatre aussi festive que chaleureuse. <b>Chaque semaine, la Friche multiplie les rendez-vous<\/b>\u2009: ateliers d\u2019aquarelle les mardis, blind tests un mercredi par mois, concours \u00ab\u2009La Friche a un incroyable talent\u2009\u00bb les jeudis, et <b>soir\u00e9es DJ set<\/b> ou<b> karaok\u00e9 live<\/b> les vendredis et samedis. Les dimanches se veulent plus doux, avec <b>concerts gratuits<\/b> et <b>march\u00e9s de No\u00ebl<\/b>. Et parce qu\u2019une station de ski sans f\u00eate n\u2019en serait pas une, les \u00ab<b>\u2009Winter Party<\/b>\u2009\u00bb feront leur grand retour, avec canon \u00e0 neige et soir\u00e9es th\u00e9matiques. Premier rendez-vous\u2009: la soir\u00e9e Halloween, le 31\u00a0octobre.<\/p>\n<p class=\" wall-content\">Entre fondues, DJ sets et neige artificielle, La Friche Gourmande remet les moufles pour un hiver qui s\u2019annonce aussi festif que fondant.<\/p>\n<p>Infos pratiques\u2009: du 29\u00a0octobre 2025 au 30\u00a0mars 2026. La Friche Gourmande, 26 rue F\u00e9lix Faure, Saint-Andr\u00e9-lez-Lille. Acc\u00e8s\u2009: parking de 800 places, lignes de bus L90 et L1, stations V\u2019Lille Lommelet et Quai 22. Horaires\u2009: du mercredi au samedi jusqu\u2019\u00e0 2h, le dimanche jusqu\u2019\u00e0 23h. R\u00e9servations\u2009: t\u00e9l\u00e9cabines et curling d\u00e8s 10\u00a0\u20ac sur le site de <a href=\"https:\/\/www.lafrichegourmandelille.com\/\" rel=\"nofollow noopener\" target=\"_blank\">La Friche Gourmande<\/a>.<\/p>\n<p class=\" wall-content\">Personnalisez votre actualit\u00e9 en ajoutant vos villes et m\u00e9dias en favori avec <a href=\"https:\/\/moncompte.actu.fr\" title=\"D\u00e9couvez Mon Actu\" rel=\"nofollow noopener\" data-trk=\"{&quot;cta&quot;:{&quot;action&quot;:&quot;https:\\\/\\\/moncompte.actu.fr&quot;,&quot;category&quot;:&quot;mon compte&quot;,&quot;from&quot;:&quot;article footer&quot;,&quot;name&quot;:&quot;Mon actu&quot;,&quot;type&quot;:&quot;cta&quot;}}\" target=\"_blank\">Mon Actu<\/a>.<\/p>\n","protected":false},"excerpt":{"rendered":"Par Hervine Mahaud Publi\u00e9 le 28 oct. 2025 \u00e0 17h00 La Friche Gourmande sort les t\u00e9l\u00e9cabines du garage\u2009:&hellip;\n","protected":false},"author":2,"featured_media":495740,"comment_status":"","ping_status":"","sticky":false,"template":"","format":"standard","meta":{"footnotes":""},"categories":[2815],"tags":[1111,11,1777,674,1011,27,1661,811,1307,1652,12,25,4129],"class_list":{"0":"post-495739","1":"post","2":"type-post","3":"status-publish","4":"format-standard","5":"has-post-thumbnail","7":"category-lille","8":"tag-actu","9":"tag-actualites","10":"tag-eu","11":"tag-europe","12":"tag-fr","13":"tag-france","14":"tag-gastronomie","15":"tag-hauts-de-france","16":"tag-lille","17":"tag-loisirs-culture","18":"tag-news","19":"tag-republique-francaise","20":"tag-ski"},"share_on_mastodon":{"url":"https:\/\/pubeurope.com\/@fr\/115452649507137458","error":""},"_links":{"self":[{"href":"https:\/\/www.europesays.com\/fr\/wp-json\/wp\/v2\/posts\/495739","targetHints":{"allow":["GET"]}}],"collection":[{"href":"https:\/\/www.europesays.com\/fr\/wp-json\/wp\/v2\/posts"}],"about":[{"href":"https:\/\/www.europesays.com\/fr\/wp-json\/wp\/v2\/types\/post"}],"author":[{"embeddable":true,"href":"https:\/\/www.europesays.com\/fr\/wp-json\/wp\/v2\/users\/2"}],"replies":[{"embeddable":true,"href":"https:\/\/www.europesays.com\/fr\/wp-json\/wp\/v2\/comments?post=495739"}],"version-history":[{"count":0,"href":"https:\/\/www.europesays.com\/fr\/wp-json\/wp\/v2\/posts\/495739\/revisions"}],"wp:featuredmedia":[{"embeddable":true,"href":"https:\/\/www.europesays.com\/fr\/wp-json\/wp\/v2\/media\/495740"}],"wp:attachment":[{"href":"https:\/\/www.europesays.com\/fr\/wp-json\/wp\/v2\/media?parent=495739"}],"wp:term":[{"taxonomy":"category","embeddable":true,"href":"https:\/\/www.europesays.com\/fr\/wp-json\/wp\/v2\/categories?post=495739"},{"taxonomy":"post_tag","embeddable":true,"href":"https:\/\/www.europesays.com\/fr\/wp-json\/wp\/v2\/tags?post=495739"}],"curies":[{"name":"wp","href":"https:\/\/api.w.org\/{rel}","templated":true}]}}