{"id":495746,"date":"2025-10-28T16:09:15","date_gmt":"2025-10-28T16:09:15","guid":{"rendered":"https:\/\/www.europesays.com\/fr\/495746\/"},"modified":"2025-10-28T16:09:15","modified_gmt":"2025-10-28T16:09:15","slug":"rhone-perte-de-controle-dun-vehicule-sur-lavenue-jean-bergeron-a-louest-de-lyon","status":"publish","type":"post","link":"https:\/\/www.europesays.com\/fr\/495746\/","title":{"rendered":"Rh\u00f4ne. Perte de contr\u00f4le d\u2019un v\u00e9hicule sur l\u2019avenue Jean-Bergeron \u00e0 l&rsquo;ouest de Lyon"},"content":{"rendered":"<p>Ce mardi, vers 10 heures, une automobiliste circulant \u00e0 faible allure sur l\u2019avenue Jean-Bergeron a perdu le contr\u00f4le de son v\u00e9hicule alors qu\u2019elle attachait sa ceinture en roulant.<\/p>\n<p>La voiture, une Mercedes break, a violemment heurt\u00e9 la bordure de s\u00e9paration de la piste cyclable et s\u2019est mise en travers de la chauss\u00e9e. La passag\u00e8re, une octog\u00e9naire, a \u00e9t\u00e9 l\u00e9g\u00e8rement bless\u00e9e \u00e0 la t\u00eate et se trouvait en \u00e9tat de choc.<\/p>\n<p>Ce contenu est bloqu\u00e9 car vous n&rsquo;avez pas accept\u00e9 les cookies et autres traceurs.<\/p>\n<p>En cliquant sur \u00ab J\u2019accepte \u00bb, les cookies et autres traceurs seront d\u00e9pos\u00e9s et vous pourrez visualiser les contenus  (<a href=\"\" class=\"consentModule_policy\" target=\"_blank\" title=\"Consulter la politique de protection des donn\u00e9es du fournisseur\">plus d&rsquo;informations<\/a>).<\/p>\n<p>En cliquant sur \u00ab J\u2019accepte tous les cookies \u00bb, vous autorisez des d\u00e9p\u00f4ts de cookies et autres traceurs pour le stockage de vos donn\u00e9es sur nos sites et applications \u00e0 des fins de personnalisation et de ciblage publicitaire.<\/p>\n<p class=\"consentModule_secondaryText\">Vous gardez la possibilit\u00e9 de retirer votre consentement \u00e0 tout moment en consultant notre <a href=\"https:\/\/www.leprogres.fr\/protection-des-donnees\" target=\"_blank\" title=\"Consulter notre politique de protection des donn\u00e9es\" rel=\"noopener\">politique de protection des donn\u00e9es<\/a>. <br \/>&#13;<br \/>\n            <a href=\"https:\/\/www.leprogres.fr\/faits-divers-justice\/2025\/10\/28\/javascript:Didomi.notice.show()\" class=\"consentModule_cmp\" target=\"_blank\" rel=\"noopener\">G\u00e9rer mes choix<\/a>&#13;\n        <\/p>\n<p>&#13;<br \/>\n                        J&rsquo;accepte&#13;<br \/>\n            J&rsquo;accepte tous les cookies&#13;\n        <\/p>\n<p>  Plusieurs usagers ont port\u00e9 secours<\/p>\n<p>Plusieurs usagers se sont aussit\u00f4t port\u00e9s \u00e0 son secours, dont un pompier volontaire, une infirmi\u00e8re et un secouriste.<\/p>\n<p>Deux v\u00e9hicules de sapeurs-pompiers sont rapidement intervenus tandis que les gendarmes entendaient les t\u00e9moins et dressaient un rapport de l\u2019accident.<\/p>\n","protected":false},"excerpt":{"rendered":"Ce mardi, vers 10 heures, une automobiliste circulant \u00e0 faible allure sur l\u2019avenue Jean-Bergeron a perdu le contr\u00f4le&hellip;\n","protected":false},"author":2,"featured_media":495747,"comment_status":"","ping_status":"","sticky":false,"template":"","format":"standard","meta":{"footnotes":""},"categories":[1889],"tags":[119,1111,11,2430,16457,3153,1777,674,274,1011,27,2428,12,25,2429,20284],"class_list":{"0":"post-495746","1":"post","2":"type-post","3":"status-publish","4":"format-standard","5":"has-post-thumbnail","7":"category-lyon","8":"tag-accident","9":"tag-actu","10":"tag-actualites","11":"tag-auvergne-rhone-alpes","12":"tag-charbonnieres-les-bains","13":"tag-edition-ouest-lyonnais","14":"tag-eu","15":"tag-europe","16":"tag-faits-divers-justice","17":"tag-fr","18":"tag-france","19":"tag-lyon","20":"tag-news","21":"tag-republique-francaise","22":"tag-rhone","23":"tag-tassin-la-demi-lune-bassin"},"share_on_mastodon":{"url":"https:\/\/pubeurope.com\/@fr\/115452665600282246","error":""},"_links":{"self":[{"href":"https:\/\/www.europesays.com\/fr\/wp-json\/wp\/v2\/posts\/495746","targetHints":{"allow":["GET"]}}],"collection":[{"href":"https:\/\/www.europesays.com\/fr\/wp-json\/wp\/v2\/posts"}],"about":[{"href":"https:\/\/www.europesays.com\/fr\/wp-json\/wp\/v2\/types\/post"}],"author":[{"embeddable":true,"href":"https:\/\/www.europesays.com\/fr\/wp-json\/wp\/v2\/users\/2"}],"replies":[{"embeddable":true,"href":"https:\/\/www.europesays.com\/fr\/wp-json\/wp\/v2\/comments?post=495746"}],"version-history":[{"count":0,"href":"https:\/\/www.europesays.com\/fr\/wp-json\/wp\/v2\/posts\/495746\/revisions"}],"wp:featuredmedia":[{"embeddable":true,"href":"https:\/\/www.europesays.com\/fr\/wp-json\/wp\/v2\/media\/495747"}],"wp:attachment":[{"href":"https:\/\/www.europesays.com\/fr\/wp-json\/wp\/v2\/media?parent=495746"}],"wp:term":[{"taxonomy":"category","embeddable":true,"href":"https:\/\/www.europesays.com\/fr\/wp-json\/wp\/v2\/categories?post=495746"},{"taxonomy":"post_tag","embeddable":true,"href":"https:\/\/www.europesays.com\/fr\/wp-json\/wp\/v2\/tags?post=495746"}],"curies":[{"name":"wp","href":"https:\/\/api.w.org\/{rel}","templated":true}]}}