{"id":495760,"date":"2025-10-28T16:17:17","date_gmt":"2025-10-28T16:17:17","guid":{"rendered":"https:\/\/www.europesays.com\/fr\/495760\/"},"modified":"2025-10-28T16:17:17","modified_gmt":"2025-10-28T16:17:17","slug":"comment-des-kenyans-se-retrouvent-a-combattre-contre-lukraine-lexpress","status":"publish","type":"post","link":"https:\/\/www.europesays.com\/fr\/495760\/","title":{"rendered":"comment des K\u00e9nyans se retrouvent \u00e0 combattre contre l&rsquo;Ukraine \u2013 L&rsquo;Express"},"content":{"rendered":"<p class=\"paragraph article-body-paragraph article__item   article-body-paragraph--first \">Attir\u00e9s par les promesses d&rsquo;un avenir meilleur, de nombreux K\u00e9nyans se rendent en Russie o\u00f9 leur sont propos\u00e9s des emplois mieux r\u00e9mun\u00e9r\u00e9s que ceux auxquels ils peuvent pr\u00e9tendre dans leur pays. Mais derri\u00e8re ces <a href=\"https:\/\/www.lexpress.fr\/monde\/en-afrique-les-ambitieux-plans-de-la-russie-au-ralenti-BXGRWNHVMJEVZCQMOQHXECW4XU\/\" target=\"_self\" rel=\"nofollow noopener\" title=\"https:\/\/www.lexpress.fr\/monde\/en-afrique-les-ambitieux-plans-de-la-russie-au-ralenti-BXGRWNHVMJEVZCQMOQHXECW4XU\/\">offres all\u00e9chantes<\/a> &#8211; dans l&rsquo;h\u00f4tellerie, la logistique et le b\u00e2timent notamment &#8211; se cache bien souvent un pi\u00e8ge. Aussit\u00f4t arriv\u00e9s en Russie, ces K\u00e9nyans se retrouvent priv\u00e9s de leur passeport, contraints de signer un contrat dans une langue qu&rsquo;ils ne comprennent pas&#8230; Au lieu de commencer un nouveau travail, ils se retrouvent ainsi enr\u00f4l\u00e9s de force dans l&rsquo;arm\u00e9e russe&#8230; pour combattre contre l&rsquo;Ukraine. <\/p>\n<p>Manipulation et enr\u00f4lement de force dans l&rsquo;arm\u00e9e russe<\/p>\n<p class=\"paragraph article-body-paragraph article__item   \">Si l&rsquo;enr\u00f4lement de jeunes Africains, et en particulier de K\u00e9nyans, est d\u00e9j\u00e0 \u00e0 l&rsquo;oeuvre depuis plusieurs mois, il prend d\u00e9sormais une ampleur qui pr\u00e9occupe Nairobi. Lundi 27 octobre, le minist\u00e8re des Affaires \u00e9trang\u00e8res k\u00e9nyan a ainsi publi\u00e9 un communiqu\u00e9 \u00e0 ce sujet. Il y accuse des agents pr\u00e9tendant travailler pour le <a href=\"https:\/\/www.lexpress.fr\/monde\/afrique\/wagner-se-retire-du-mali-quest-ce-que-lafrica-corps-le-groupe-paramilitaire-qui-prend-son-relais-7QV4VELQCNHLTB62EO74PMXZUU\/\" target=\"_self\" rel=\"nofollow noopener\" title=\"https:\/\/www.lexpress.fr\/monde\/afrique\/wagner-se-retire-du-mali-quest-ce-que-lafrica-corps-le-groupe-paramilitaire-qui-prend-son-relais-7QV4VELQCNHLTB62EO74PMXZUU\/\">gouvernement russe<\/a> d&rsquo;avoir abus\u00e9 de la pr\u00e9carit\u00e9 de jeunes k\u00e9nyans, sans toutefois fournir de chiffres sur le nombre de personnes concern\u00e9es.<\/p>\n<p><strong class=\"article-body-link-list__item text-gray-800 article-body-link-list__item--one-item\">LIRE AUSSI : <a class=\"article-body-link-list__item-link\" href=\"https:\/\/www.lexpress.fr\/monde\/afrique\/poutine-ses-folles-promesses-nucleaires-en-afrique-au-coeur-de-la-machine-de-propagande-russe-HA4MY2JTGVERJG2RDWX36CSHOQ\/\" rel=\"nofollow noopener\" target=\"_blank\">Poutine, ses folles promesses nucl\u00e9aires en Afrique : au coeur de la machine de propagande russe<\/a><\/strong><\/p>\n<p class=\"paragraph article-body-paragraph article__item   \">\u00ab\u00a0Ces agents utilisent de fausses informations et des promesses mensong\u00e8res pour attirer nos citoyens en Russie\u00a0\u00bb, d\u00e9nonce la diplomatie k\u00e9nyane, affirmant que \u00ab\u00a0plusieurs K\u00e9nyans innocents ont \u00e9t\u00e9 tromp\u00e9s par des recruteurs aux m\u00e9thodes peu scrupuleuses et se sont retrouv\u00e9s sur les champs de bataille face aux troupes ukrainiennes\u00a0\u00bb.<\/p>\n<p class=\"paragraph article-body-paragraph article__item   \">La diplomatie k\u00e9nyane affirme \u00eatre <a href=\"https:\/\/www.lexpress.fr\/monde\/afrique\/russie-mali-cette-visite-qui-rapproche-un-peu-plus-le-kremlin-de-bamako-5IY52YQIHJCVLO23W4PGU3ZLS4\/\" target=\"_self\" rel=\"nofollow noopener\" title=\"https:\/\/www.lexpress.fr\/monde\/afrique\/russie-mali-cette-visite-qui-rapproche-un-peu-plus-le-kremlin-de-bamako-5IY52YQIHJCVLO23W4PGU3ZLS4\/\">en contact avec Moscou <\/a>\u00ab\u00a0afin de garantir la lib\u00e9ration de citoyens k\u00e9nyans en d\u00e9tresse et leur retour en s\u00e9curit\u00e9\u00a0\u00bb. La mission k\u00e9nyane en Russie dit \u00e9galement avoir organis\u00e9 le rapatriement en urgence de plusieurs K\u00e9nyans d\u00e9tenus dans des bases militaires russes.<\/p>\n<p>Accord bilat\u00e9ral en vue entre Moscou et Nairobi<\/p>\n<p class=\"paragraph article-body-paragraph article__item   \">Autres mesures prises par le Kenya : le pays n\u00e9gocierait un nouvel accord bilat\u00e9ral avec la Russie, cens\u00e9 permettre aux K\u00e9nyans d&rsquo;acc\u00e9der \u00e0 un emploi s\u00fbr et l\u00e9gal en Russie, rapporte le quotidien local <a href=\"https:\/\/nation.africa\/kenya\/news\/kenya-russia-talks-to-prevent-kenyans-joining-russia-military-5247728\" target=\"_self\" rel=\"nofollow noopener\" title=\"https:\/\/nation.africa\/kenya\/news\/kenya-russia-talks-to-prevent-kenyans-joining-russia-military-5247728\">The Nation<\/a>. \u00ab\u00a0Le Kenya souhaite renforcer ses relations avec la F\u00e9d\u00e9ration de Russie sur le plan \u00e9conomique et dans d&rsquo;autres domaines d&rsquo;int\u00e9r\u00eat commun\u00a0\u00bb, a d\u00e9clar\u00e9 le Premier secr\u00e9taire du Cabinet (\u00e9quivalent du Premier ministre) au Kenya Musalia Mudavadi.<\/p>\n<p><strong class=\"article-body-link-list__item text-gray-800 article-body-link-list__item--one-item\">LIRE AUSSI : <a class=\"article-body-link-list__item-link\" href=\"https:\/\/www.lexpress.fr\/monde\/afrique\/wagner-le-piteux-bilan-du-groupe-paramilitaire-russe-au-mali-CJ3LMQ63XBBARLMNG4HIZDGAW4\/\" rel=\"nofollow noopener\" target=\"_blank\">Wagner : le piteux bilan du groupe paramilitaire russe au Mali<\/a><\/strong><\/p>\n<p class=\"paragraph article-body-paragraph article__item    article__text__endpicto\">Le pays d&rsquo;Afrique de l&rsquo;Est n&rsquo;est pas le seul \u00e0 \u00eatre concern\u00e9 par ce ph\u00e9nom\u00e8ne. Des ressortissants originaires d&rsquo;autres Etats comme le Nigeria, la Zambie, la Tanzanie, le Togo, la Centrafrique ou le Cameroun sont aussi pris pour cible, comme l&rsquo;a montr\u00e9 une enqu\u00eate de <a href=\"https:\/\/www.france24.com\/fr\/%C3%A9missions\/reporters\/20250613-les-tirailleurs-de-poutine-enqu%C3%AAte-sur-ces-africains-dans-les-rangs-de-l-arm%C3%A9e-russe-en-ukraine\" target=\"_self\" rel=\"nofollow noopener\" title=\"https:\/\/www.france24.com\/fr\/%C3%A9missions\/reporters\/20250613-les-tirailleurs-de-poutine-enqu%C3%AAte-sur-ces-africains-dans-les-rangs-de-l-arm%C3%A9e-russe-en-ukraine\">France 24<\/a>. Si une grande partie est manipul\u00e9e et enr\u00f4l\u00e9e contre leur gr\u00e9, certains jeunes Africains choisissent aussi consciemment de combattre dans les rangs de l&rsquo;arm\u00e9e russe, s\u00e9duits<b> <\/b>par des salaires mirobolants ou encore l\u2019obtention de la nationalit\u00e9 russe. <\/p>\n","protected":false},"excerpt":{"rendered":"Attir\u00e9s par les promesses d&rsquo;un avenir meilleur, de nombreux K\u00e9nyans se rendent en Russie o\u00f9 leur sont propos\u00e9s&hellip;\n","protected":false},"author":2,"featured_media":495761,"comment_status":"","ping_status":"","sticky":false,"template":"","format":"standard","meta":{"footnotes":""},"categories":[1591],"tags":[11,879,674,1887,74,12,1885,1886,132],"class_list":{"0":"post-495760","1":"post","2":"type-post","3":"status-publish","4":"format-standard","5":"has-post-thumbnail","7":"category-russie","8":"tag-actualites","9":"tag-afrique","10":"tag-europe","11":"tag-federation-de-russie","12":"tag-monde","13":"tag-news","14":"tag-russia","15":"tag-russian-federation","16":"tag-russie"},"share_on_mastodon":{"url":"https:\/\/pubeurope.com\/@fr\/115452696673801193","error":""},"_links":{"self":[{"href":"https:\/\/www.europesays.com\/fr\/wp-json\/wp\/v2\/posts\/495760","targetHints":{"allow":["GET"]}}],"collection":[{"href":"https:\/\/www.europesays.com\/fr\/wp-json\/wp\/v2\/posts"}],"about":[{"href":"https:\/\/www.europesays.com\/fr\/wp-json\/wp\/v2\/types\/post"}],"author":[{"embeddable":true,"href":"https:\/\/www.europesays.com\/fr\/wp-json\/wp\/v2\/users\/2"}],"replies":[{"embeddable":true,"href":"https:\/\/www.europesays.com\/fr\/wp-json\/wp\/v2\/comments?post=495760"}],"version-history":[{"count":0,"href":"https:\/\/www.europesays.com\/fr\/wp-json\/wp\/v2\/posts\/495760\/revisions"}],"wp:featuredmedia":[{"embeddable":true,"href":"https:\/\/www.europesays.com\/fr\/wp-json\/wp\/v2\/media\/495761"}],"wp:attachment":[{"href":"https:\/\/www.europesays.com\/fr\/wp-json\/wp\/v2\/media?parent=495760"}],"wp:term":[{"taxonomy":"category","embeddable":true,"href":"https:\/\/www.europesays.com\/fr\/wp-json\/wp\/v2\/categories?post=495760"},{"taxonomy":"post_tag","embeddable":true,"href":"https:\/\/www.europesays.com\/fr\/wp-json\/wp\/v2\/tags?post=495760"}],"curies":[{"name":"wp","href":"https:\/\/api.w.org\/{rel}","templated":true}]}}