{"id":495766,"date":"2025-10-28T16:20:25","date_gmt":"2025-10-28T16:20:25","guid":{"rendered":"https:\/\/www.europesays.com\/fr\/495766\/"},"modified":"2025-10-28T16:20:25","modified_gmt":"2025-10-28T16:20:25","slug":"debat-a-la-chambre-des-lords-sur-les-liens-entre-le-polisario-et-liran","status":"publish","type":"post","link":"https:\/\/www.europesays.com\/fr\/495766\/","title":{"rendered":"D\u00e9bat \u00e0 la Chambre des Lords sur les liens entre le Polisario et l\u2019Iran"},"content":{"rendered":"<p>\u00c0 l\u2019initiative du conservateur Lord Godson, la Chambre des Lords a tenu, lundi 27 octobre, <a href=\"https:\/\/hansard.parliament.uk\/lords\/2025-10-27\/debates\/91CE489D-91DB-412E-A418-8F14542003AC\/WesternSaharaConflict\" target=\"_blank\" rel=\"nofollow noopener\">un d\u00e9bat consacr\u00e9<\/a> aux liens pr\u00e9sum\u00e9s entre le Front Polisario et l\u2019Iran.<\/p>\n<p>\u00abJ\u2019aimerais demander au gouvernement de Sa Majest\u00e9 quelle \u00e9valuation il a faite des r\u00e9cents rapports faisant \u00e9tat d\u2019un soutien iranien croissant au Front Polisario ; et quelles mesures il prend, en coordination avec ses alli\u00e9s, pour faire face aux risques li\u00e9s \u00e0 l\u2019influence iranienne dans le conflit du Sahara occidental ?\u00bb, a lanc\u00e9 Lord Godson? en ouverture de s\u00e9ance.<\/p>\n<p>Dans sa r\u00e9ponse, la baronne Chapman de Darlington, ministre d\u2019\u00c9tat au Bureau des Affaires \u00e9trang\u00e8res, du Commonwealth et du D\u00e9veloppement, a indiqu\u00e9 que \u00abconcernant cette all\u00e9gation, le Royaume-Uni n\u2019a constat\u00e9 aucune preuve de soutien iranien au Front Polisario. Cependant, nous continuons de surveiller les activit\u00e9s iraniennes dans la r\u00e9gion. Nous poursuivrons notre coop\u00e9ration avec nos partenaires afin de contrer toute activit\u00e9 d\u00e9stabilisatrice\u00bb.<\/p>\n<p>Cette position s\u2019inscrit dans la continuit\u00e9 de <a href=\"https:\/\/members.parliament.uk\/member\/4903\/writtenquestions#expand-1831640\" target=\"_blank\" rel=\"nofollow noopener\">la r\u00e9ponse d\u00e9j\u00e0 donn\u00e9e<\/a>, le 2 septembre, par la diplomatie britannique \u00e0 une question \u00e9crite du m\u00eame parlementaire sur le sujet.<\/p>\n<p>Les conditions du d\u00e9bat ont offert \u00e0 Godson l\u2019occasion de r\u00e9pliquer. Sur un ton ironique, il a estim\u00e9 que \u00able gouvernement britannique semble aller \u00e0 contre-courant de nombreux partenaires concernant le Polisario \u2013 notamment les \u00c9tats-Unis, o\u00f9 un projet de loi bipartisan est actuellement \u00e0 l\u2019examen \u00e0 la Chambre des repr\u00e9sentants et au S\u00e9nat pour d\u00e9signer le Front Polisario comme organisation terroriste \u00e9trang\u00e8re\u00bb.<\/p>\n<p>Un autre membre de la Chambre haute, \u00e9galement conservateur, est intervenu pour critiquer <a href=\"https:\/\/www.yabiladi.com\/investir\/details\/173683\/diplomatie-polisario-annonce-reunion-avec.html\" target=\"_blank\" rel=\"nofollow noopener\">la rencontre<\/a>, du 5 ao\u00fbt \u00e0 Londres, entre le ministre Hamish Falconer et une d\u00e9l\u00e9gation du Polisario. \u00abPourquoi il a re\u00e7u le Front Polisario alors que nous encourageons les entreprises britanniques \u00e0 s\u2019implanter au Sahara occidental pour collaborer avec l\u2019un de nos plus anciens alli\u00e9s ? D\u2019autant que le Front Polisario s\u2019est d\u00e9sormais retir\u00e9 du cessez-le-feu conclu avec les Marocains\u00bb, a-t-il soulign\u00e9.<\/p>\n<p>La ministre a d\u00e9fendu l\u2019initiative de son coll\u00e8gue au gouvernement, expliquant que \u00able Royaume-Uni agit avec pragmatisme et dans le respect des engagements pris aux c\u00f4t\u00e9s du Maroc. Il est important de rappeler que nous agissons en toute transparence\u00bb.<\/p>\n<p>le Royaume-Uni a officiellement exprim\u00e9, le 1er juin, son soutien au plan d\u2019autonomie propos\u00e9 par le Maroc pour le Sahara. Une position que le roi Mohammed VI a salu\u00e9e, le 29 juillet dernier, dans le discours de la F\u00eate du tr\u00f4ne.<\/p>\n","protected":false},"excerpt":{"rendered":"\u00c0 l\u2019initiative du conservateur Lord Godson, la Chambre des Lords a tenu, lundi 27 octobre, un d\u00e9bat consacr\u00e9&hellip;\n","protected":false},"author":2,"featured_media":495767,"comment_status":"","ping_status":"","sticky":false,"template":"","format":"standard","meta":{"footnotes":""},"categories":[1588],"tags":[11,1777,674,12,473,1853,1851,1850,1852],"class_list":{"0":"post-495766","1":"post","2":"type-post","3":"status-publish","4":"format-standard","5":"has-post-thumbnail","7":"category-royaume-uni","8":"tag-actualites","9":"tag-eu","10":"tag-europe","11":"tag-news","12":"tag-royaume-uni","13":"tag-royaume-uni-de-grande-bretagne-et-dirlande-du-nord","14":"tag-uk","15":"tag-united-kingdom","16":"tag-united-kingdom-of-great-britain-and-northern-ireland"},"share_on_mastodon":{"url":"https:\/\/pubeurope.com\/@fr\/115452708447916647","error":""},"_links":{"self":[{"href":"https:\/\/www.europesays.com\/fr\/wp-json\/wp\/v2\/posts\/495766","targetHints":{"allow":["GET"]}}],"collection":[{"href":"https:\/\/www.europesays.com\/fr\/wp-json\/wp\/v2\/posts"}],"about":[{"href":"https:\/\/www.europesays.com\/fr\/wp-json\/wp\/v2\/types\/post"}],"author":[{"embeddable":true,"href":"https:\/\/www.europesays.com\/fr\/wp-json\/wp\/v2\/users\/2"}],"replies":[{"embeddable":true,"href":"https:\/\/www.europesays.com\/fr\/wp-json\/wp\/v2\/comments?post=495766"}],"version-history":[{"count":0,"href":"https:\/\/www.europesays.com\/fr\/wp-json\/wp\/v2\/posts\/495766\/revisions"}],"wp:featuredmedia":[{"embeddable":true,"href":"https:\/\/www.europesays.com\/fr\/wp-json\/wp\/v2\/media\/495767"}],"wp:attachment":[{"href":"https:\/\/www.europesays.com\/fr\/wp-json\/wp\/v2\/media?parent=495766"}],"wp:term":[{"taxonomy":"category","embeddable":true,"href":"https:\/\/www.europesays.com\/fr\/wp-json\/wp\/v2\/categories?post=495766"},{"taxonomy":"post_tag","embeddable":true,"href":"https:\/\/www.europesays.com\/fr\/wp-json\/wp\/v2\/tags?post=495766"}],"curies":[{"name":"wp","href":"https:\/\/api.w.org\/{rel}","templated":true}]}}