{"id":495784,"date":"2025-10-28T16:36:33","date_gmt":"2025-10-28T16:36:33","guid":{"rendered":"https:\/\/www.europesays.com\/fr\/495784\/"},"modified":"2025-10-28T16:36:33","modified_gmt":"2025-10-28T16:36:33","slug":"cyclisme-cyclo-cross-wout-van-aert-de-retour-a-lentrainement-et-bientot-en-course","status":"publish","type":"post","link":"https:\/\/www.europesays.com\/fr\/495784\/","title":{"rendered":"Cyclisme. Cyclo-cross &#8211; Wout Van Aert de retour \u00e0 l&rsquo;entra\u00eenement et bient\u00f4t en course ?"},"content":{"rendered":"<p>Apr\u00e8s plusieurs semaines loin de pause, <strong>Wout van Aert<\/strong>\u00a0a repris l&rsquo;entra\u00eenement. Le coureur de la\u00a0<strong><a href=\"https:\/\/www.cyclismactu.net\/..\/news-tour-de-france-route-grischa-niermann-ca-pourrait-convenir-vingegaard-90722.html\" target=\"_blank\" rel=\"noopener\">Visma | Lease a Bike<\/a><\/strong> a publi\u00e9 lundi sur Strava une sortie de 96,9 kilom\u00e8tres, accompagn\u00e9e d\u2019un commentaire plein d\u2019humour : \u00ab\u00a0Annexion des Flandres termin\u00e9e\u00a0\u00bb. Son parcours formait une large boucle \u00e0 travers la campagne belge, entre Eeklo, Sint-Laureins et Knokke, longeant par endroits la c\u00f4te et les digues de Flandre-Occidentale, pour un total d&rsquo;un peu moins de 3 heures de scelle.<\/p>\n<p>Vid\u00e9o &#8211; Wout Van Aert, vainqueur d&rsquo;\u00e9tape sur le dernier Tour Lire la suite de l&rsquo;article&#13;<\/p>\n<p>\u00a0<\/p>\n<p>&#13;<br \/>\nBient\u00f4t la reprise des courses ?&#13;<\/p>\n<p>Cette sortie cl\u00f4t une premi\u00e8re semaine bien remplie de reprise structur\u00e9e. \u00c0 31 ans, le Belge s\u2019\u00e9tait offert une intersaison prolong\u00e9e, ponctu\u00e9e d\u2019une escapade \u00e0 Rome, avant de reprendre l\u2019entra\u00eenement avec une sortie de 100 kilom\u00e8tres, qu\u2019il avait d\u00e9crite avec autod\u00e9rision comme \u00ab\u00a0raide\u00a0\u00bb. Depuis, il encha\u00eene les s\u00e9ances sur route, les footings dans la r\u00e9serve naturelle du Zwin et m\u00eame quelques tours de roues en cyclocross sur les plages de Knokke.<\/p>\n<p>&#13;<\/p>\n<p><strong><a href=\"https:\/\/www.cyclismactu.net\/..\/news-cyclo-cross-wout-van-aert-je-rassure-gens-ferai-du-cyclo-cross-90205.html\" target=\"_blank\" rel=\"noopener\">Van Aert<\/a> <\/strong>a d\u00e9j\u00e0 confirm\u00e9 son retour dans les sous-bois cet hiver, sans pour autant pr\u00e9cipiter son calendrier. Absent des pelotons depuis le 20 septembre, il souhaite retrouver progressivement la forme avant de replonger dans la boue. En retour \u00e0 la comp\u00e9titon pourrait \u00eatre attendu courant d\u00e9cembre.<\/p>\n","protected":false},"excerpt":{"rendered":"Apr\u00e8s plusieurs semaines loin de pause, Wout van Aert\u00a0a repris l&rsquo;entra\u00eenement. Le coureur de la\u00a0Visma | Lease a&hellip;\n","protected":false},"author":2,"featured_media":495785,"comment_status":"","ping_status":"","sticky":false,"template":"","format":"standard","meta":{"footnotes":""},"categories":[1411],"tags":[1154,207,59294,211,1011,27,60,210,212,208,213],"class_list":{"0":"post-495784","1":"post","2":"type-post","3":"status-publish","4":"format-standard","5":"has-post-thumbnail","7":"category-cyclisme","8":"tag-cycling","9":"tag-cyclisme","10":"tag-cyclo-cross","11":"tag-ffc","12":"tag-fr","13":"tag-france","14":"tag-sports","15":"tag-tour-de-france","16":"tag-uci","17":"tag-velo","18":"tag-world-tour"},"share_on_mastodon":{"url":"https:\/\/pubeurope.com\/@fr\/115452771299919033","error":""},"_links":{"self":[{"href":"https:\/\/www.europesays.com\/fr\/wp-json\/wp\/v2\/posts\/495784","targetHints":{"allow":["GET"]}}],"collection":[{"href":"https:\/\/www.europesays.com\/fr\/wp-json\/wp\/v2\/posts"}],"about":[{"href":"https:\/\/www.europesays.com\/fr\/wp-json\/wp\/v2\/types\/post"}],"author":[{"embeddable":true,"href":"https:\/\/www.europesays.com\/fr\/wp-json\/wp\/v2\/users\/2"}],"replies":[{"embeddable":true,"href":"https:\/\/www.europesays.com\/fr\/wp-json\/wp\/v2\/comments?post=495784"}],"version-history":[{"count":0,"href":"https:\/\/www.europesays.com\/fr\/wp-json\/wp\/v2\/posts\/495784\/revisions"}],"wp:featuredmedia":[{"embeddable":true,"href":"https:\/\/www.europesays.com\/fr\/wp-json\/wp\/v2\/media\/495785"}],"wp:attachment":[{"href":"https:\/\/www.europesays.com\/fr\/wp-json\/wp\/v2\/media?parent=495784"}],"wp:term":[{"taxonomy":"category","embeddable":true,"href":"https:\/\/www.europesays.com\/fr\/wp-json\/wp\/v2\/categories?post=495784"},{"taxonomy":"post_tag","embeddable":true,"href":"https:\/\/www.europesays.com\/fr\/wp-json\/wp\/v2\/tags?post=495784"}],"curies":[{"name":"wp","href":"https:\/\/api.w.org\/{rel}","templated":true}]}}