{"id":495788,"date":"2025-10-28T16:40:17","date_gmt":"2025-10-28T16:40:17","guid":{"rendered":"https:\/\/www.europesays.com\/fr\/495788\/"},"modified":"2025-10-28T16:40:17","modified_gmt":"2025-10-28T16:40:17","slug":"insulte-en-ligne-pour-avoir-mange-des-radis-en-octobre-jean-luc-reichmann-repond","status":"publish","type":"post","link":"https:\/\/www.europesays.com\/fr\/495788\/","title":{"rendered":"Insult\u00e9 en ligne pour avoir mang\u00e9 des radis en octobre, Jean-Luc Reichmann r\u00e9pond"},"content":{"rendered":"<p>Par ici les radis de la col\u00e8re. <a href=\"https:\/\/www.20minutes.fr\/paris\/4078884-20240229-fils-jean-luc-reichmann-fait-echouer-cambriolage-pleine-nuit-domicile-animateur\" rel=\"nofollow noopener\" target=\"_blank\" class=\"c-link c-link--is-underlined\">Jean-Luc Reichmann<\/a> ne pensait pas se faire copieusement reprendre en postant sur Facebook une photo de quelques radis partageant une coupelle avec des tranches de saucisson. \u00ab\u00a0Radis beurre sal\u00e9, saucisson, quoi de meilleur pour l\u2019ap\u00e9ro\u2026 Bonnnne soir\u00e9e de dimanche et Bon Ap\u00e9ro \u00e0 VOUUUUUUS\u00a0\u00bb a-t-il \u00e9crit dans la l\u00e9gende de <a href=\"https:\/\/www.facebook.com\/JeanLucReichmann\" rel=\"nofollow noopener\" target=\"_blank\" class=\"c-link c-link--is-underlined\">son post<\/a>, sans imaginer s\u2019attirer les foudres d\u2019une internaute, qui ne transige visiblement pas avec la saisonnalit\u00e9 de nos l\u00e9gumes.<\/p>\n<p>\u00ab\u00a0Il bouffe des radis fin octobre, Reichmann il a vraiment tout faux quel c\u2026.. ce mec\u00a0\u00bb, a-t-elle fustig\u00e9. Pas de quoi arr\u00eater de croquer la vie \u00e0 pleines dents pour le <a href=\"https:\/\/www.20minutes.fr\/arts-stars\/television\/3317495-20220702-12-coups-midi-cinq-choses-saviez-peut-etre-jean-luc-reichmann\" rel=\"nofollow noopener\" target=\"_blank\" class=\"c-link c-link--is-underlined\">pr\u00e9sentateur et com\u00e9dien de 62 ans<\/a>, connu pour aimer la nature, avec un potager et plein de <a href=\"https:\/\/www.20minutes.fr\/arts-stars\/people\/4131853-20250103-jean-luc-reichmann-accueille-nouvelles-boules-poils-clovis-cornillac-passerait-bien-certaines-technologies\" rel=\"nofollow noopener\" target=\"_blank\" class=\"c-link c-link--is-underlined\">boules de poils<\/a> \u00e0 domicile. L\u2019animateur des 12 Coups de midi a choisi la courtoisie pouss\u00e9e pour r\u00e9pondre \u00e0 la d\u00e9fenseuse de l\u00e9gumes.<\/p>\n<p>\u00ab\u00a0Bienveillance\u00a0\u00bb et \u00ab\u00a0d\u00e9licatesse\u00a0\u00bb<\/p>\n<p>\u00ab\u00a0Merci beaucoup Nelly. Une tr\u00e8s belle soir\u00e9e \u00e9galement \u00e0 vous avec de la bienveillance, de la d\u00e9licatesse et apparemment beaucoup d\u2019\u00e9l\u00e9gance comme je peux le ressentir et l\u2019imaginer\u00a0\u00bb, peut-on lire. \u00ab\u00a0Merci de vous compter parmi les personnes qui me suivent avec autant d\u2019assiduit\u00e9\u00a0\u00bb.<\/p>\n<p>Les fans n\u2019ont pas h\u00e9sit\u00e9 \u00e0 filer la m\u00e9taphore potag\u00e8re contre celle qui a \u00ab\u00a0ramen\u00e9 sa fraise\u00a0\u00bb. Certains se sont montr\u00e9s narquois, arguant qu\u2019ils croquaient actuellement des radis de leur jardin et ne voyaient pas le probl\u00e8me. En effet, si la pleine saison des radis s\u2019\u00e9tale de mars \u00e0 juin, il s\u2019en produit toute l\u2019ann\u00e9e en France, comme le rappelle le <a href=\"https:\/\/agriculture.gouv.fr\/focus-sur-le-radis#:~:text=Produit%20en%20France%20toute%20l,1%2C5%20kg%20par%20an\" rel=\"nofollow noopener\" target=\"_blank\" class=\"c-link c-link--is-underlined\">minist\u00e8re de la Sant\u00e9<\/a>. Dommage qu\u2019il n\u2019ait pas la r\u00e9putation, comme la carotte, de rendre aimable, sans quoi cette internaute gagnerait sans aucun doute \u00e0 se convertir \u00e0 cette consommation\u00a0!<\/p>\n","protected":false},"excerpt":{"rendered":"Par ici les radis de la col\u00e8re. Jean-Luc Reichmann ne pensait pas se faire copieusement reprendre en postant&hellip;\n","protected":false},"author":2,"featured_media":495789,"comment_status":"","ping_status":"","sticky":false,"template":"","format":"standard","meta":{"footnotes":""},"categories":[1359],"tags":[9827,58,59,1011,27,973,11992,938,252,133],"class_list":{"0":"post-495788","1":"post","2":"type-post","3":"status-publish","4":"format-standard","5":"has-post-thumbnail","7":"category-people","8":"tag-animateur","9":"tag-divertissement","10":"tag-entertainment","11":"tag-fr","12":"tag-france","13":"tag-people","14":"tag-potager","15":"tag-reseaux-sociaux","16":"tag-television","17":"tag-video"},"share_on_mastodon":{"url":"https:\/\/pubeurope.com\/@fr\/115452787093458382","error":""},"_links":{"self":[{"href":"https:\/\/www.europesays.com\/fr\/wp-json\/wp\/v2\/posts\/495788","targetHints":{"allow":["GET"]}}],"collection":[{"href":"https:\/\/www.europesays.com\/fr\/wp-json\/wp\/v2\/posts"}],"about":[{"href":"https:\/\/www.europesays.com\/fr\/wp-json\/wp\/v2\/types\/post"}],"author":[{"embeddable":true,"href":"https:\/\/www.europesays.com\/fr\/wp-json\/wp\/v2\/users\/2"}],"replies":[{"embeddable":true,"href":"https:\/\/www.europesays.com\/fr\/wp-json\/wp\/v2\/comments?post=495788"}],"version-history":[{"count":0,"href":"https:\/\/www.europesays.com\/fr\/wp-json\/wp\/v2\/posts\/495788\/revisions"}],"wp:featuredmedia":[{"embeddable":true,"href":"https:\/\/www.europesays.com\/fr\/wp-json\/wp\/v2\/media\/495789"}],"wp:attachment":[{"href":"https:\/\/www.europesays.com\/fr\/wp-json\/wp\/v2\/media?parent=495788"}],"wp:term":[{"taxonomy":"category","embeddable":true,"href":"https:\/\/www.europesays.com\/fr\/wp-json\/wp\/v2\/categories?post=495788"},{"taxonomy":"post_tag","embeddable":true,"href":"https:\/\/www.europesays.com\/fr\/wp-json\/wp\/v2\/tags?post=495788"}],"curies":[{"name":"wp","href":"https:\/\/api.w.org\/{rel}","templated":true}]}}