{"id":495814,"date":"2025-10-28T16:56:15","date_gmt":"2025-10-28T16:56:15","guid":{"rendered":"https:\/\/www.europesays.com\/fr\/495814\/"},"modified":"2025-10-28T16:56:15","modified_gmt":"2025-10-28T16:56:15","slug":"un-calendrier-de-lavent-compose-de-produits-lorrains-lance-par-loffice-de-tourisme","status":"publish","type":"post","link":"https:\/\/www.europesays.com\/fr\/495814\/","title":{"rendered":"un calendrier de l&rsquo;Avent compos\u00e9 de produits lorrains lanc\u00e9 par l&rsquo;office de tourisme"},"content":{"rendered":"<p>            Par<br \/>\n        <strong><br \/>\n            <a href=\"https:\/\/actu.fr\/auteur\/pierre-emile-bouchy-actu-fr\" title=\"Consulter tous les articles de Paul-Emile Bouchy\" target=\"_blank\" rel=\"noopener\">Paul-Emile Bouchy<\/a><br \/>\n        <\/strong><\/p>\n<p>        Publi\u00e9 le<\/p>\n<p>            28 oct. 2025 \u00e0 17h19        <\/p>\n<p>\u00c0 Nancy, <a href=\"https:\/\/actu.fr\/grand-est\/nancy_54395\/fetes-de-saint-nicolas-a-nancy-dates-theme-nouveautes-voici-tout-ce-que-l-on-sait-deja-de-l-edition-2025_63173235.html\" target=\"_blank\" rel=\"noopener\">les f\u00eates de Saint-Nicolas<\/a> approchent et d\u00e9buteront d\u00e9sormais dans moins d\u2019un mois. Outre l\u2019arriv\u00e9e d\u2019<a href=\"https:\/\/actu.fr\/grand-est\/nancy_54395\/exclusif-un-tout-nouveau-village-a-l-etude-pour-les-fetes-de-saint-nicolas-2025-a-nancy_63164407.html\" target=\"_blank\" rel=\"noopener\">un tout nouveau village<\/a>, habitants et touristes peuvent d\u00e9j\u00e0 profiter d\u2019une nouveaut\u00e9\u2009: <strong>un \u00ab\u2009calendrier de l\u2019avant\u2009\u00bb<\/strong>.<\/p>\n<p class=\" wall-content\">Celui-ci n\u2019est pas pour attendre le r\u00e9veillon de <a href=\"https:\/\/actu.fr\/tag\/noel\" target=\"_blank\" rel=\"noopener\">No\u00ebl<\/a> mais la Saint-Nicolas. <strong>Contenus, prix, point de vente\u2009: voici ce qu\u2019il faut savoir<\/strong>.<\/p>\n<p>Des produits fabriqu\u00e9s en Lorraine<\/p>\n<p class=\" wall-content\">Toujours adepte <a href=\"https:\/\/actu.fr\/grand-est\/nancy_54395\/des-produits-derives-de-saint-nicolas-vendus-pour-la-premiere-fois-a-l-office-de-tourisme-de-nancy_60418328.html\" target=\"_blank\" rel=\"noopener\">de produits d\u00e9riv\u00e9s pour la Saint-Nicolas<\/a>, l\u2019office de tourisme a cr\u00e9\u00e9 pour la premi\u00e8re fois un calendrier\u2009: \u00ab<strong>\u2009On a remarqu\u00e9 qu\u2019il y avait une vraie tendance pour les calendriers de l\u2019Avent<\/strong> donc on a pens\u00e9 \u00e0 faire ce\u2009\u00bb calendrier de l\u2019avant \u00ab\u2009\u00e0 ouvrir avant le 6\u00a0d\u00e9cembre\u2009\u00bb, explique Vincent Dubois, son directeur.<\/p>\n<p class=\" wall-content\">Le calendrier contient <strong>les produits suivants fabriqu\u00e9s principalement en Lorraine<\/strong>\u2009:<\/p>\n<ul class=\" wall-content\">\n<li>une dosette de brisure de bonbon<\/li>\n<li>une madeleine de Liverdun<\/li>\n<li>une bo\u00eete de bonbons de la confiserie des Hautes-Vosges<\/li>\n<li>un sachet de th\u00e9<\/li>\n<li>un sachet de cinq bergamotes Lalonde<\/li>\n<li>une pi\u00e8ce de la Monnaie de Paris<\/li>\n<li>un stylo<\/li>\n<li>un magnet<\/li>\n<li>un magnet puzzle de 15\u00a0pi\u00e8ces \u00e0 assembler r\u00e9parties sur deux jours<\/li>\n<li>une lingette microfibre<\/li>\n<li>un pin\u2019s<\/li>\n<li>une d\u00e9coration en cire parfum\u00e9e<\/li>\n<li>un porte-cl\u00e9s<\/li>\n<li>un sac pliable en polyester<\/li>\n<\/ul>\n<p>500 calendriers mis en vente<\/p>\n<p class=\" wall-content\">Compos\u00e9 de <strong>15 cases et non de 24<\/strong>, ce calendrier est <strong>\u00e0 ouvrir du 22 novembre au 6 d\u00e9cembre<\/strong>.<\/p>\n<p class=\" wall-content\">Vendu au prix de <strong>49\u00a0euros<\/strong>, il est disponible \u00e0 l\u2019office de tourisme de Nancy, \u00e0 l\u2019angle de la <a href=\"https:\/\/actu.fr\/tag\/place-stanislas\" target=\"_blank\" rel=\"noopener\">place Stanislas<\/a> et de la rue des Dominicains.<\/p>\n<p>Votre r\u00e9gion, votre actu !<\/p>\n<p>Recevez chaque jour les infos qui comptent pour vous.<\/p>\n<p>\t<a href=\"https:\/\/actu.fr\/newsletter\" class=\"ac-btn ac-btn--corner ac-btn--medium ac-btn--blue800\" target=\"_blank\" rel=\"noopener\">S&rsquo;incrire<\/a><\/p>\n<p class=\" wall-content\">Ne tardez pas pour vous le procurer puisque seulement <a href=\"https:\/\/actu.fr\/tag\/place-stanislas\" target=\"_blank\" rel=\"noopener\">500 exemplaires ont \u00e9t\u00e9 \u00e9dit\u00e9s<\/a>. Vous pouvez le r\u00e9server et le r\u00e9cup\u00e9rer sur place en contactant l\u2019office de tourisme au 03\u200983\u200935\u200980\u200910 ou \u00e0 l\u2019adresse mail suivante\u2009: <a href=\"https:\/\/actu.fr\/cdn-cgi\/l\/email-protection\" class=\"__cf_email__\" data-cfemail=\"c3a0acadb7a2a0b783a7a6b0b7aaada2b7aaacadeeada2ada0baeda0acae\" target=\"_blank\" rel=\"noopener\">[email\u00a0protected]<\/a>.<\/p>\n<p class=\" wall-content\">Personnalisez votre actualit\u00e9 en ajoutant vos villes et m\u00e9dias en favori avec <a href=\"https:\/\/moncompte.actu.fr\" title=\"D\u00e9couvez Mon Actu\" rel=\"nofollow noopener\" data-trk=\"{&quot;cta&quot;:{&quot;action&quot;:&quot;https:\\\/\\\/moncompte.actu.fr&quot;,&quot;category&quot;:&quot;mon compte&quot;,&quot;from&quot;:&quot;article footer&quot;,&quot;name&quot;:&quot;Mon actu&quot;,&quot;type&quot;:&quot;cta&quot;}}\" target=\"_blank\">Mon Actu<\/a>.<\/p>\n","protected":false},"excerpt":{"rendered":"Par Paul-Emile Bouchy Publi\u00e9 le 28 oct. 2025 \u00e0 17h19 \u00c0 Nancy, les f\u00eates de Saint-Nicolas approchent et&hellip;\n","protected":false},"author":2,"featured_media":495815,"comment_status":"","ping_status":"","sticky":false,"template":"","format":"standard","meta":{"footnotes":""},"categories":[9635],"tags":[1111,11,1777,674,1011,27,775,1702,12,25,14334,104],"class_list":{"0":"post-495814","1":"post","2":"type-post","3":"status-publish","4":"format-standard","5":"has-post-thumbnail","7":"category-nancy","8":"tag-actu","9":"tag-actualites","10":"tag-eu","11":"tag-europe","12":"tag-fr","13":"tag-france","14":"tag-grand-est","15":"tag-nancy","16":"tag-news","17":"tag-republique-francaise","18":"tag-saint-nicolas","19":"tag-societe"},"share_on_mastodon":{"url":"https:\/\/pubeurope.com\/@fr\/115452849984770194","error":""},"_links":{"self":[{"href":"https:\/\/www.europesays.com\/fr\/wp-json\/wp\/v2\/posts\/495814","targetHints":{"allow":["GET"]}}],"collection":[{"href":"https:\/\/www.europesays.com\/fr\/wp-json\/wp\/v2\/posts"}],"about":[{"href":"https:\/\/www.europesays.com\/fr\/wp-json\/wp\/v2\/types\/post"}],"author":[{"embeddable":true,"href":"https:\/\/www.europesays.com\/fr\/wp-json\/wp\/v2\/users\/2"}],"replies":[{"embeddable":true,"href":"https:\/\/www.europesays.com\/fr\/wp-json\/wp\/v2\/comments?post=495814"}],"version-history":[{"count":0,"href":"https:\/\/www.europesays.com\/fr\/wp-json\/wp\/v2\/posts\/495814\/revisions"}],"wp:featuredmedia":[{"embeddable":true,"href":"https:\/\/www.europesays.com\/fr\/wp-json\/wp\/v2\/media\/495815"}],"wp:attachment":[{"href":"https:\/\/www.europesays.com\/fr\/wp-json\/wp\/v2\/media?parent=495814"}],"wp:term":[{"taxonomy":"category","embeddable":true,"href":"https:\/\/www.europesays.com\/fr\/wp-json\/wp\/v2\/categories?post=495814"},{"taxonomy":"post_tag","embeddable":true,"href":"https:\/\/www.europesays.com\/fr\/wp-json\/wp\/v2\/tags?post=495814"}],"curies":[{"name":"wp","href":"https:\/\/api.w.org\/{rel}","templated":true}]}}