{"id":495816,"date":"2025-10-28T16:57:18","date_gmt":"2025-10-28T16:57:18","guid":{"rendered":"https:\/\/www.europesays.com\/fr\/495816\/"},"modified":"2025-10-28T16:57:18","modified_gmt":"2025-10-28T16:57:18","slug":"vote-as-nancy-lorraine-bastia-entre-optimisme-et-prudence","status":"publish","type":"post","link":"https:\/\/www.europesays.com\/fr\/495816\/","title":{"rendered":"Vote. AS Nancy Lorraine &#8211; Bastia : entre optimisme et prudence&#8230;"},"content":{"rendered":"<p>Vous avez \u00e9t\u00e9 pr\u00e8s de 900 \u00e0 prendre part \u00e0 notre vote concernant le r\u00e9sultat du match entre l&rsquo;ASNL et Bastia. Malgr\u00e9 le classement des Corses, vous oscillez entre optimisme et prudence, loin de l&rsquo;insouciante euphorie qui avait pr\u00e9c\u00e9d\u00e9 le premier match avec du public face \u00e0 Amiens, conclu par le r\u00e9sultat que l&rsquo;on conna\u00eet&#8230;<\/p>\n<p>Ainsi, si vous \u00eates 62 % \u00e0 penser que l&rsquo;ASNL va renouver avec la victoire ce mardi soir face \u00e0 Bastia apr\u00e8s trois d\u00e9faites sur son sol, vous \u00eates \u00e9galement 38 % \u00e0 craindre qu&rsquo;elle n&rsquo;y laisse des plumes : 16 % pr\u00e9disant un match nul et 22 % une d\u00e9faite. Verdict sur les coups de 22 h 15.<\/p>\n","protected":false},"excerpt":{"rendered":"Vous avez \u00e9t\u00e9 pr\u00e8s de 900 \u00e0 prendre part \u00e0 notre vote concernant le r\u00e9sultat du match entre&hellip;\n","protected":false},"author":2,"featured_media":195867,"comment_status":"","ping_status":"","sticky":false,"template":"","format":"standard","meta":{"footnotes":""},"categories":[9635],"tags":[1111,11,3703,1707,1704,1706,1705,1777,674,107,1701,63,1011,27,775,1702,12,25,517,1700,10606],"class_list":{"0":"post-495816","1":"post","2":"type-post","3":"status-publish","4":"format-standard","5":"has-post-thumbnail","7":"category-nancy","8":"tag-actu","9":"tag-actualites","10":"tag-asnl","11":"tag-edition-luneville","12":"tag-edition-nancy-et-agglomeration","13":"tag-edition-pont-a-mousson","14":"tag-edition-toul","15":"tag-eu","16":"tag-europe","17":"tag-fil-info","18":"tag-fil-info-sport","19":"tag-football","20":"tag-fr","21":"tag-france","22":"tag-grand-est","23":"tag-nancy","24":"tag-news","25":"tag-republique-francaise","26":"tag-sport","27":"tag-sport-lorrain","28":"tag-vote-sport-lorrain"},"share_on_mastodon":{"url":"https:\/\/pubeurope.com\/@fr\/115452853848389799","error":""},"_links":{"self":[{"href":"https:\/\/www.europesays.com\/fr\/wp-json\/wp\/v2\/posts\/495816","targetHints":{"allow":["GET"]}}],"collection":[{"href":"https:\/\/www.europesays.com\/fr\/wp-json\/wp\/v2\/posts"}],"about":[{"href":"https:\/\/www.europesays.com\/fr\/wp-json\/wp\/v2\/types\/post"}],"author":[{"embeddable":true,"href":"https:\/\/www.europesays.com\/fr\/wp-json\/wp\/v2\/users\/2"}],"replies":[{"embeddable":true,"href":"https:\/\/www.europesays.com\/fr\/wp-json\/wp\/v2\/comments?post=495816"}],"version-history":[{"count":0,"href":"https:\/\/www.europesays.com\/fr\/wp-json\/wp\/v2\/posts\/495816\/revisions"}],"wp:featuredmedia":[{"embeddable":true,"href":"https:\/\/www.europesays.com\/fr\/wp-json\/wp\/v2\/media\/195867"}],"wp:attachment":[{"href":"https:\/\/www.europesays.com\/fr\/wp-json\/wp\/v2\/media?parent=495816"}],"wp:term":[{"taxonomy":"category","embeddable":true,"href":"https:\/\/www.europesays.com\/fr\/wp-json\/wp\/v2\/categories?post=495816"},{"taxonomy":"post_tag","embeddable":true,"href":"https:\/\/www.europesays.com\/fr\/wp-json\/wp\/v2\/tags?post=495816"}],"curies":[{"name":"wp","href":"https:\/\/api.w.org\/{rel}","templated":true}]}}