{"id":49582,"date":"2025-04-24T16:28:09","date_gmt":"2025-04-24T16:28:09","guid":{"rendered":"https:\/\/www.europesays.com\/fr\/49582\/"},"modified":"2025-04-24T16:28:09","modified_gmt":"2025-04-24T16:28:09","slug":"le-stade-toulousain-contre-attaque-et-met-en-cause-la-ligue","status":"publish","type":"post","link":"https:\/\/www.europesays.com\/fr\/49582\/","title":{"rendered":"le Stade Toulousain contre-attaque et met en cause la Ligue"},"content":{"rendered":"<p><strong>EXCLUSIF &#8211;<\/strong> Le Stade Toulousain, condamn\u00e9 \u00e0 1,3 million d\u2019euros d\u2019amende suite \u00e0 un accord avec le \u2019\u2019Salary cap manager\u2019\u2019 de la LNR, est sorti du silence dans un courrier envoy\u00e9 aux dirigeants du rugby fran\u00e7ais, que le Figaro s\u2019est procur\u00e9.<\/p>\n<p class=\"fig-paragraph\">Dans un courriel envoy\u00e9 le 22 avril au nouveau pr\u00e9sident de la LNR, Yann Roubert &#8211; que Le Figaro s\u2019est procur\u00e9 -, le pr\u00e9sident du Stade Toulousain, Didier Lacroix, entend faire entendre sa version, et son profond m\u00e9contentement quant<a href=\"http:\/\/www.lefigaro.fr\/sports\/rugby\/top-14\/top-14-le-stade-toulousain-ecope-d-une-amende-de-1-3-million-d-euros-pour-l-affaire-jaminet-20250321\" data-fig-type=\"NewsFlash\" data-gtm-custom-categorie=\"navigation\" data-gtm-custom-action=\"crossclick\" data-gtm-custom-label=\"Contextuel\" data-gtm-event=\"customEventSPE\" data-fig-domain=\"LEFIGARO\" target=\"_blank\" rel=\"noopener\">\u00a0au traitement et au d\u00e9nouement de l\u2019affaire Jaminet.\u00a0<\/a>Cette lettre, adress\u00e9e \u00e9galement en copie aux membres du bureau de la Ligue et \u00e0 son salary cap manager, Samuel Gauthier, s\u2019av\u00e8re \u00eatre une robuste contre-attaque, mettant en cause de nombreuses autres parties, la LNR en particulier..<\/p>\n<p class=\"fig-paragraph\">\u00abDepuis l\u2019origine, le Stade Toulousain a invariablement contest\u00e9 &#8211; et conteste toujours &#8211; avoir d\u00e9pass\u00e9 le salary cap \u00e0 l\u2019occasion du recrutement de Melvyn Jaminet\u00bb, affirme Didier Lacroix en pr\u00e9ambule. Au motif que \u00ables dispositions int\u00e9grant les indemnit\u00e9s lib\u00e9ratoires des joueurs dans l\u2019assiette du salary cap sont contraires \u00e0 la loi.\u00bb Des indemnit\u00e9s \u00abprohibitives\u00bb qui \u00abne constituent pas une r\u00e9mun\u00e9ration au sens de la loi, puisqu\u2019elles sont vers\u00e9es par les joueurs \u00e0 leur club\u2026<\/p>\n<p class=\"fig-premium-paywall__infos\">\n        Cet article est r\u00e9serv\u00e9 aux abonn\u00e9s.        Il vous reste 79% \u00e0 d\u00e9couvrir.\n    <\/p>\n<p>                <img  data- alt=\"Le Figaro\" class=\"fig-img--complete fig-img\"\/><\/p>\n<p class=\"fig-premium-paywall__title\">Vous avez envie de lire la suite ?<\/p>\n<p class=\"fig-premium-paywall__subtitle\">D\u00e9bloquez tous les articles imm\u00e9diatement.<\/p>\n<p class=\"fig-premium-paywall__connect\">\n                D\u00e9j\u00e0 abonn\u00e9\u00a0?                <a class=\"fig-premium-paywall__connect-link\" href=\"https:\/\/connect.lefigaro.fr\/login?client=horizon_web&amp;type=main&amp;redirect_uri=https%3A%2F%2Fwww.lefigaro.fr%2Fsports%2Frugby%2Ftop-14%2Faffaire-jaminet-le-stade-toulousain-contre-attaque-et-met-en-cause-la-ligue-20250424\" data-js-gtm=\"{&quot;customCategorie&quot;: &quot;conversion&quot;, &quot;customAction&quot;: &quot;before_Landing_Connexion_paywall_auto&quot;, &quot;customLabel&quot;: &quot;bGVmaWdhcm8uZnJfXzFmMDIxMTliLTVmZWMtNjU0MC1iNzBhLTc3NjRmNDFlZjEwOF9fTmV3c0ZsYXNo_Affaire Jaminet\u00a0: le Stade Toulousain contre-attaque et met en cause la Ligue_480&quot;, &quot;customIDSPE&quot;: &quot;bGVmaWdhcm8uZnJfXzFmMDIxMTliLTVmZWMtNjU0MC1iNzBhLTc3NjRmNDFlZjEwOF9fTmV3c0ZsYXNo&quot;, &quot;event&quot;: &quot;customEventSPE&quot;}\" target=\"_blank\" rel=\"noopener\"><br \/>\n                    Connectez-vous<br \/>\n                <\/a>\n            <\/p>\n","protected":false},"excerpt":{"rendered":"EXCLUSIF &#8211; Le Stade Toulousain, condamn\u00e9 \u00e0 1,3 million d\u2019euros d\u2019amende suite \u00e0 un accord avec le \u2019\u2019Salary&hellip;\n","protected":false},"author":2,"featured_media":49583,"comment_status":"","ping_status":"","sticky":false,"template":"","format":"standard","meta":{"footnotes":""},"categories":[9],"tags":[525,4590,1981,2313,814,1011,27,955,13084,4589,2311,1980,479,2259,60,476,478,2310,2312],"class_list":{"0":"post-49582","1":"post","2":"type-post","3":"status-publish","4":"format-standard","5":"has-post-thumbnail","7":"category-sports","8":"tag-calendrier","9":"tag-championnat-france","10":"tag-classement","11":"tag-clermont","12":"tag-direct","13":"tag-fr","14":"tag-france","15":"tag-match","16":"tag-melvyn-jaminet","17":"tag-phase-finale","18":"tag-racing","19":"tag-resultats","20":"tag-rugby","21":"tag-score","22":"tag-sports","23":"tag-stade-toulousain","24":"tag-top-14","25":"tag-toulon","26":"tag-toulouse"},"share_on_mastodon":{"url":"https:\/\/pubeurope.com\/@fr\/114393887724296582","error":""},"_links":{"self":[{"href":"https:\/\/www.europesays.com\/fr\/wp-json\/wp\/v2\/posts\/49582","targetHints":{"allow":["GET"]}}],"collection":[{"href":"https:\/\/www.europesays.com\/fr\/wp-json\/wp\/v2\/posts"}],"about":[{"href":"https:\/\/www.europesays.com\/fr\/wp-json\/wp\/v2\/types\/post"}],"author":[{"embeddable":true,"href":"https:\/\/www.europesays.com\/fr\/wp-json\/wp\/v2\/users\/2"}],"replies":[{"embeddable":true,"href":"https:\/\/www.europesays.com\/fr\/wp-json\/wp\/v2\/comments?post=49582"}],"version-history":[{"count":0,"href":"https:\/\/www.europesays.com\/fr\/wp-json\/wp\/v2\/posts\/49582\/revisions"}],"wp:featuredmedia":[{"embeddable":true,"href":"https:\/\/www.europesays.com\/fr\/wp-json\/wp\/v2\/media\/49583"}],"wp:attachment":[{"href":"https:\/\/www.europesays.com\/fr\/wp-json\/wp\/v2\/media?parent=49582"}],"wp:term":[{"taxonomy":"category","embeddable":true,"href":"https:\/\/www.europesays.com\/fr\/wp-json\/wp\/v2\/categories?post=49582"},{"taxonomy":"post_tag","embeddable":true,"href":"https:\/\/www.europesays.com\/fr\/wp-json\/wp\/v2\/tags?post=49582"}],"curies":[{"name":"wp","href":"https:\/\/api.w.org\/{rel}","templated":true}]}}