{"id":495825,"date":"2025-10-28T17:03:16","date_gmt":"2025-10-28T17:03:16","guid":{"rendered":"https:\/\/www.europesays.com\/fr\/495825\/"},"modified":"2025-10-28T17:03:16","modified_gmt":"2025-10-28T17:03:16","slug":"pres-de-rouen-une-mini-ville-geante-pour-les-enfants-va-bientot-voir-le-jour","status":"publish","type":"post","link":"https:\/\/www.europesays.com\/fr\/495825\/","title":{"rendered":"Pr\u00e8s de Rouen, une \u00ab mini-ville g\u00e9ante \u00bb pour les enfants va bient\u00f4t voir le jour"},"content":{"rendered":"<p>            Par<br \/>\n        <strong><br \/>\n            <a href=\"https:\/\/actu.fr\/auteur\/jessie-leclerc\" title=\"Consulter tous les articles de Jessie Leclerc\" rel=\"nofollow noopener\" target=\"_blank\">Jessie Leclerc<\/a><br \/>\n        <\/strong><\/p>\n<p>        Publi\u00e9 le<\/p>\n<p>            28 oct. 2025 \u00e0 17h02        <\/p>\n<p>Une ville o\u00f9 les pompiers mesurent 1m10, o\u00f9 les patients sont des peluches, o\u00f9 les pilotes d\u2019avion n\u2019ont pas besoin de brevet\u2009? Ce n\u2019est pas une r\u00e9alit\u00e9 parall\u00e8le, mais<strong> Palomano City<\/strong>, <a href=\"https:\/\/actu.fr\/normandie\/le-grand-quevilly_76322\/nouveau-pres-de-rouen-prison-island-un-parc-de-jeux-avec-des-epreuves-inspirees-de-fort-boyard_62240103.html\" rel=\"nofollow noopener\" target=\"_blank\">un parc de loisirs immersif<\/a> dont la premi\u00e8re adresse de la Seine-Maritime ouvrira prochainement \u00e0 <a href=\"https:\/\/actu.fr\/normandie\/maromme_76410\" rel=\"nofollow noopener\" target=\"_blank\">Maromme<\/a>,<strong> pr\u00e8s<\/strong> <strong>de Rouen<\/strong>.<\/p>\n<p>Une succes story familiale<\/p>\n<p class=\" wall-content\">Palomano, c\u2019est d\u2019abord <strong>une histoire de famille<\/strong>. Benjamin, 37 ans, Nathan, 36 ans, et Nina, 28 ans, sont trois fr\u00e8res et s\u0153urs. Ensemble, ils se revendiquent comme \u00ab\u2009cr\u00e9ateurs d\u2019aventures et inventeurs d\u2019histoires\u2009\u00bb et ce, depuis leur plus jeune \u00e2ge. Bafa en poche, animateurs puis directeurs, ils grandissent et deviennent \u00e0 leur tour parents. De l\u00e0 na\u00eet leur concept.<strong> Et si les enfants avaient leur ville \u00e0 eux\u2009?<\/strong><\/p>\n<p class=\" wall-content\">En 2022, le premier Palomano na\u00eet \u00e0 Clichy, dans les Hauts-de-Seine. Le succ\u00e8s est imm\u00e9diat. En 2023, un nouveau site voit le jour \u00e0 Rueil-Malmaison. Apr\u00e8s un passage dans l\u2019\u00e9mission <a href=\"https:\/\/actu.fr\/normandie\/rouen_76540\/qui-veut-etre-mon-associe-sur-m6-cette-rouennaise-presente-son-rouge-a-levres-innovant-qui-utilise-l-ia_62241936.html\" rel=\"nofollow noopener\" target=\"_blank\">Qui veut \u00eatre mon associ\u00e9\u2009?<\/a>, l\u2019entreprise se franchise.<\/p>\n<p>\u00ab\u2009Une mini-ville g\u00e9ante\u2009\u00bb \u00e0 deux pas de Rouen<\/p>\n<p class=\" wall-content\">\u00c0 Maromme, c\u2019est une franchis\u00e9e de 40 ans, ancienne directrice de courtage, qui rel\u00e8ve le d\u00e9fi. Marion Br\u00e9ard l\u2019avoue\u2009: \u00ab\u2009Je voulais cr\u00e9er un lieu qui a du sens\u2009\u00bb.<\/p>\n<p class=\" wall-content\">Mais voil\u00e0, trouver un espace de quasiment 600\u00a0m2, avec une grande hauteur sous plafond et un parking, <strong>\u00ab\u2009c\u2019est impossible dans Rouen m\u00eame\u2009\u00bb<\/strong>, confie-t-elle. Marion finit par trouver un lieu qui coche toutes les cases \u00e0 Maromme, <a href=\"https:\/\/actu.fr\/normandie\/maromme_76410\/boulangerie-creche-bar-un-nouveau-centre-de-commerces-et-de-services-pres-de-rouen_46186014.html\" rel=\"nofollow noopener\" target=\"_blank\">dans la Poudrerie Royale<\/a>.<\/p>\n<p>    <img   decoding=\"async\" loading=\"lazy\" src=\"https:\/\/www.europesays.com\/fr\/wp-content\/uploads\/2025\/10\/1o7a3056-min-960x640.jpg\" alt=\"Il est possible de faire plusieurs m\u00e9tiers en quelques heures : pompiers, chef cuisinier...\" width=\"960\" height=\"640\"\/><br \/>\n    Il est possible de faire plusieurs m\u00e9tiers en quelques heures : pompiers, chef cuisinier\u2026 (\u00a9Victoria Baud \u2013 Studio 1895)<\/p>\n<p class=\" wall-content\">\u00ab\u2009C\u2019est super, d\u2019autant plus que la commune a accept\u00e9 que je fasse un agrandissement, d\u00e9taille la g\u00e9rante. C\u2019est proche de Rouen,<strong> accessible en bus<\/strong>, il y a un grand <strong>parking gratuit<\/strong> et ce qui est rigolo, c\u2019est que c\u2019est dans un centre commercial qui est d\u00e9j\u00e0 tourn\u00e9 vers la jeunesse (la Cr\u00e8che Liberty et le centre de soutien scolaire).\u2009\u00bbLa Palomano de Maromme devient ainsi le huiti\u00e8me parc, et <strong>le premier de Seine-Maritime<\/strong>. Les plus proches sont actuellement situ\u00e9s \u00e0 Caen et Paris. En tout, cette \u00ab\u2009mini-ville g\u00e9ante pour enfant\u2009\u00bb, comme la d\u00e9crit Marion, ce sera 550\u00a0m2 de jeux en int\u00e9rieur.<\/p>\n<p>Pour que les petits jouent les grands<\/p>\n<p class=\" wall-content\">Le site sera centr\u00e9 <strong>sur les m\u00e9tiers<\/strong>\u2009: caserne de pompiers, post de police, a\u00e9roport, supermarch\u00e9, salon de beaut\u00e9, restaurant, centre m\u00e9dico-v\u00e9to.<\/p>\n<p>Votre r\u00e9gion, votre actu !<\/p>\n<p>Recevez chaque jour les infos qui comptent pour vous.<\/p>\n<p>\t<a href=\"https:\/\/actu.fr\/newsletter\" class=\"ac-btn ac-btn--corner ac-btn--medium ac-btn--blue800\" rel=\"nofollow noopener\" target=\"_blank\">S&rsquo;incrire<\/a><\/p>\n<p class=\" wall-content\">Chaque univers est comme un d\u00e9cor de film\u2009: \u00ab\u2009A l\u2019entr\u00e9e, les enfants<strong> enfilent le costume<\/strong> du m\u00e9tier. <a href=\"https:\/\/actu.fr\/normandie\/rouen_76540\/mugs-t-shirts-personnalises-ecussons-les-pompiers-de-rouen-proposent-des-goodies-en-ligne_63163200.html\" rel=\"nofollow noopener\" target=\"_blank\">Chez les pompiers,<\/a> on a l\u2019uniforme, le casque, la lance\u2026 On escalade, on descend le toboggan et on part sauver un chat coinc\u00e9 dans un arbre.\u2009\u00bb Mais les histoires sont infinies, seul l\u2019imaginaire est une limite.<\/p>\n<p class=\" wall-content\">Un espace est aussi pens\u00e9 <strong>pour les nouveau-n\u00e9s<\/strong>. \u00ab\u2009On a une pi\u00e8ce pour les b\u00e9b\u00e9s avec des peluches \u00e0 leur taille et des tapis sensoriels et de motricit\u00e9\u2009\u00bb, explique Marion. \u00ab\u2009Et on va avoir un espace snack, donc m\u00eame une maman qui vient d\u2019accoucher peut souffler avec un caf\u00e9 pendant que son b\u00e9b\u00e9 est dans un endroit s\u00e9curis\u00e9\u2009\u00bb.<\/p>\n<p>Inventer, imiter et apprendre<\/p>\n<p class=\" wall-content\">Palomano repose sur l\u2019imitation <a href=\"https:\/\/actu.fr\/normandie\/ernemont-sur-buchy_76243\/des-chambres-d-hotes-dans-ce-chateau-pres-de-rouen-pour-s-endormir-comme-au-temps-des-lumieres_61570147.html\" rel=\"nofollow noopener\" target=\"_blank\">est l\u2019immersion<\/a>. Les enfants jouent librement avec leurs proches. Les parents, grands-parents, oncles et tantes se pr\u00eatent aussi au jeu. Le mercredi et les week-ends, place aux<strong> histoires anim\u00e9es par des com\u00e9diens<\/strong>. Tr\u00e9sor \u00e0 d\u00e9nicher, mission de police secr\u00e8te\u2026<\/p>\n<p>    <img   decoding=\"async\" loading=\"lazy\" src=\"https:\/\/www.europesays.com\/fr\/wp-content\/uploads\/2025\/10\/1o7a4571-min-960x640.jpg\" alt=\"Il est m\u00eame possible de devenir v\u00e9t\u00e9rinaire.\" width=\"960\" height=\"640\"\/><br \/>\n    Il est m\u00eame possible de devenir v\u00e9t\u00e9rinaire. (\u00a9Victoria Baud \u2013 Studio 1895)<\/p>\n<p class=\" wall-content\">Et chaque aventure a une morale. \u00ab\u2009Chaque com\u00e9dien transmet des valeurs comme l\u2019\u00e9cologie, la tol\u00e9rance, l\u2019\u00e9galit\u00e9\u2026\u2009\u00bb Les enfants apprennent ainsi en s\u2019amusant.<\/p>\n<p class=\" wall-content\">Des formules anniversaire seront aussi propos\u00e9es. \u00ab\u2009La principale, c\u2019est 2h30 avec <a href=\"https:\/\/actu.fr\/normandie\/mont-saint-aignan_76451\/originaire-de-mont-saint-aignan-il-joue-avec-laurent-gerra-dans-une-serie-sur-france-2_61999430.html\" rel=\"nofollow noopener\" target=\"_blank\">un com\u00e9dien<\/a>. 2h00 de jeu et 30 min dans la salle d\u2019anniversaire pour les bougies, le g\u00e2teau\u00a0etc.\u2009\u00bb, pr\u00e9sente Marion.<\/p>\n<p>Accueillir les \u00e9coles, les centres sp\u00e9cialis\u00e9s\u2026<\/p>\n<p class=\" wall-content\">Le parc de Maromme accueillera aussi les \u00e9coles, centres de loisirs <strong>ou encore IME<\/strong> (instituts m\u00e9dico-\u00e9ducatifs). <strong>L\u2019inclusivit\u00e9<\/strong> aura d\u2019ailleurs une part importante. Des cr\u00e9neaux sp\u00e9cifiques sont pr\u00e9vus avec lumi\u00e8re tamis\u00e9e et r\u00e9duction du bruit pour les enfants <a href=\"https:\/\/actu.fr\/normandie\/le-havre_76351\/le-havre-autiste-elle-realise-son-reve-et-publie-un-livre-pour-aider-a-comprendre_61090616.html\" rel=\"nofollow noopener\" target=\"_blank\">porteurs de troubles autistiques<\/a>. \u00ab\u2009L\u2019apprentissage par imitation fonctionne tr\u00e8s bien avec eux\u2009\u00bb, souligne la g\u00e9rante.<\/p>\n<p>Et apr\u00e8s\u2009?<\/p>\n<p class=\" wall-content\">Le chapitre Maromme n\u2019est qu\u2019une \u00e9tape. D\u00e9j\u00e0 la franchis\u00e9e<strong> imagine un second site<\/strong>, \u00ab\u2009de l\u2019autre c\u00f4t\u00e9 de Rouen\u2009\u00bb, d\u00e9clin\u00e9 cette fois autour des univers fictifs. Les petits deviendront alors \u00ab\u2009pirates, indiens ou astronautes\u2009\u00bb, d\u00e9voile Marion.<\/p>\n<p class=\" wall-content\">L\u2019ouverture \u00e0 Maromme est pr\u00e9vue \u00e0 la <strong>mi-janvier\u00a02026<\/strong>, \u00ab\u2009si tout va bien, le samedi\u00a017\u2009\u00bb, pr\u00e9cise la g\u00e9rante. Une inauguration aura lieu le mercredi suivant avec la pr\u00e9sence d\u2019influenceurs le matin et les premi\u00e8res familles l\u2019apr\u00e8s-midi. \u00ab\u2009On fera gagner 100 places\u2009\u00bb, pr\u00e9voit Marion.<\/p>\n<p class=\" wall-content\">Les prix tourneront autour de 15\u00a0euros par enfant et 6 par adulte.<\/p>\n<p>Suivez l\u2019actualit\u00e9 de Rouen <a href=\"https:\/\/www.whatsapp.com\/channel\/0029VaKfnf99hXF2ddApFB1D\" rel=\"nofollow noopener\" target=\"_blank\">sur notre cha\u00eene WhatsApp<\/a> et <a href=\"https:\/\/www.tiktok.com\/@76actu.fr?lang=fr\" rel=\"nofollow noopener\" target=\"_blank\">sur notre compte TikTok<\/a><\/p>\n<p class=\" wall-content\">Personnalisez votre actualit\u00e9 en ajoutant vos villes et m\u00e9dias en favori avec <a href=\"https:\/\/moncompte.actu.fr\" title=\"D\u00e9couvez Mon Actu\" rel=\"nofollow noopener\" data-trk=\"{&quot;cta&quot;:{&quot;action&quot;:&quot;https:\\\/\\\/moncompte.actu.fr&quot;,&quot;category&quot;:&quot;mon compte&quot;,&quot;from&quot;:&quot;article footer&quot;,&quot;name&quot;:&quot;Mon actu&quot;,&quot;type&quot;:&quot;cta&quot;}}\" target=\"_blank\">Mon Actu<\/a>.<\/p>\n<p>                    <script async src=\"\/\/www.tiktok.com\/embed.js\"><\/script><\/p>\n","protected":false},"excerpt":{"rendered":"Par Jessie Leclerc Publi\u00e9 le 28 oct. 2025 \u00e0 17h02 Une ville o\u00f9 les pompiers mesurent 1m10, o\u00f9&hellip;\n","protected":false},"author":2,"featured_media":495826,"comment_status":"","ping_status":"","sticky":false,"template":"","format":"standard","meta":{"footnotes":""},"categories":[9587],"tags":[1111,11,9086,1777,674,652,1011,27,1757,1652,12,5161,25,9590],"class_list":{"0":"post-495825","1":"post","2":"type-post","3":"status-publish","4":"format-standard","5":"has-post-thumbnail","7":"category-rouen","8":"tag-actu","9":"tag-actualites","10":"tag-bon-plan-a-rouen","11":"tag-eu","12":"tag-europe","13":"tag-famille","14":"tag-fr","15":"tag-france","16":"tag-insolite","17":"tag-loisirs-culture","18":"tag-news","19":"tag-normandie","20":"tag-republique-francaise","21":"tag-rouen"},"share_on_mastodon":{"url":"https:\/\/pubeurope.com\/@fr\/115452878140992304","error":""},"_links":{"self":[{"href":"https:\/\/www.europesays.com\/fr\/wp-json\/wp\/v2\/posts\/495825","targetHints":{"allow":["GET"]}}],"collection":[{"href":"https:\/\/www.europesays.com\/fr\/wp-json\/wp\/v2\/posts"}],"about":[{"href":"https:\/\/www.europesays.com\/fr\/wp-json\/wp\/v2\/types\/post"}],"author":[{"embeddable":true,"href":"https:\/\/www.europesays.com\/fr\/wp-json\/wp\/v2\/users\/2"}],"replies":[{"embeddable":true,"href":"https:\/\/www.europesays.com\/fr\/wp-json\/wp\/v2\/comments?post=495825"}],"version-history":[{"count":0,"href":"https:\/\/www.europesays.com\/fr\/wp-json\/wp\/v2\/posts\/495825\/revisions"}],"wp:featuredmedia":[{"embeddable":true,"href":"https:\/\/www.europesays.com\/fr\/wp-json\/wp\/v2\/media\/495826"}],"wp:attachment":[{"href":"https:\/\/www.europesays.com\/fr\/wp-json\/wp\/v2\/media?parent=495825"}],"wp:term":[{"taxonomy":"category","embeddable":true,"href":"https:\/\/www.europesays.com\/fr\/wp-json\/wp\/v2\/categories?post=495825"},{"taxonomy":"post_tag","embeddable":true,"href":"https:\/\/www.europesays.com\/fr\/wp-json\/wp\/v2\/tags?post=495825"}],"curies":[{"name":"wp","href":"https:\/\/api.w.org\/{rel}","templated":true}]}}