{"id":495827,"date":"2025-10-28T17:04:12","date_gmt":"2025-10-28T17:04:12","guid":{"rendered":"https:\/\/www.europesays.com\/fr\/495827\/"},"modified":"2025-10-28T17:04:12","modified_gmt":"2025-10-28T17:04:12","slug":"vif-un-atelier-arts-du-clown-le-mercredi-29-octobre","status":"publish","type":"post","link":"https:\/\/www.europesays.com\/fr\/495827\/","title":{"rendered":"Vif. Un atelier arts du clown le mercredi 29\u00a0octobre"},"content":{"rendered":"<p>Le festival de la compagnie Qui\u00a0? se termine ce mercredi 29\u00a0octobre. Rendez-vous \u00e0 la salle des f\u00eates de Vif pour participer \u00e0 un atelier interg\u00e9n\u00e9rationnel d\u00e9di\u00e9 aux arts du clown de 10\u00a0h \u00e0 11\u00a0h\u00a015. Cet atelier de d\u00e9couverte sera anim\u00e9 par Elvire Capezzali.<\/p>\n<p class=\"note\">Mercredi 29\u00a0octobre de 10\u00a0h \u00e0 11\u00a0h\u00a015, \u00e0 la salle des f\u00eates. Tarifs\u00a0: plein 11\u00a0\u20ac, r\u00e9duit 7\u00a0\u20ac. \u00c0 partir de 6 ans. Inscriptions par mail \u00e0 diffusion@ciequi.fr<\/p>\n","protected":false},"excerpt":{"rendered":"Le festival de la compagnie Qui\u00a0? se termine ce mercredi 29\u00a0octobre. Rendez-vous \u00e0 la salle des f\u00eates de&hellip;\n","protected":false},"author":2,"featured_media":495828,"comment_status":"","ping_status":"","sticky":false,"template":"","format":"standard","meta":{"footnotes":""},"categories":[9566],"tags":[1111,11,2430,1687,113,1777,674,1011,27,2731,7000,12,25,3140,1986],"class_list":{"0":"post-495827","1":"post","2":"type-post","3":"status-publish","4":"format-standard","5":"has-post-thumbnail","7":"category-grenoble","8":"tag-actu","9":"tag-actualites","10":"tag-auvergne-rhone-alpes","11":"tag-culture-loisirs","12":"tag-edition-gresivaudan-oisans","13":"tag-eu","14":"tag-europe","15":"tag-fr","16":"tag-france","17":"tag-grenoble","18":"tag-lagglomeration","19":"tag-news","20":"tag-republique-francaise","21":"tag-spectacle","22":"tag-vif"},"share_on_mastodon":{"url":"https:\/\/pubeurope.com\/@fr\/115452883165856342","error":""},"_links":{"self":[{"href":"https:\/\/www.europesays.com\/fr\/wp-json\/wp\/v2\/posts\/495827","targetHints":{"allow":["GET"]}}],"collection":[{"href":"https:\/\/www.europesays.com\/fr\/wp-json\/wp\/v2\/posts"}],"about":[{"href":"https:\/\/www.europesays.com\/fr\/wp-json\/wp\/v2\/types\/post"}],"author":[{"embeddable":true,"href":"https:\/\/www.europesays.com\/fr\/wp-json\/wp\/v2\/users\/2"}],"replies":[{"embeddable":true,"href":"https:\/\/www.europesays.com\/fr\/wp-json\/wp\/v2\/comments?post=495827"}],"version-history":[{"count":0,"href":"https:\/\/www.europesays.com\/fr\/wp-json\/wp\/v2\/posts\/495827\/revisions"}],"wp:featuredmedia":[{"embeddable":true,"href":"https:\/\/www.europesays.com\/fr\/wp-json\/wp\/v2\/media\/495828"}],"wp:attachment":[{"href":"https:\/\/www.europesays.com\/fr\/wp-json\/wp\/v2\/media?parent=495827"}],"wp:term":[{"taxonomy":"category","embeddable":true,"href":"https:\/\/www.europesays.com\/fr\/wp-json\/wp\/v2\/categories?post=495827"},{"taxonomy":"post_tag","embeddable":true,"href":"https:\/\/www.europesays.com\/fr\/wp-json\/wp\/v2\/tags?post=495827"}],"curies":[{"name":"wp","href":"https:\/\/api.w.org\/{rel}","templated":true}]}}