{"id":495843,"date":"2025-10-28T17:12:25","date_gmt":"2025-10-28T17:12:25","guid":{"rendered":"https:\/\/www.europesays.com\/fr\/495843\/"},"modified":"2025-10-28T17:12:25","modified_gmt":"2025-10-28T17:12:25","slug":"un-projet-decole-catholique-integriste-dans-un-village-de-loire-atlantique-va-t-il-vraiment-voir-le-jour","status":"publish","type":"post","link":"https:\/\/www.europesays.com\/fr\/495843\/","title":{"rendered":"Un projet d\u2019\u00e9cole catholique int\u00e9griste dans un village de Loire-Atlantique\u00a0va-t-il vraiment voir le jour\u00a0?"},"content":{"rendered":"<p>La nouvelle ne passe pas dans cette commune d\u2019un peu plus de 2.000 habitants situ\u00e9e au nord de <a href=\"https:\/\/www.20minutes.fr\/nantes\/\" target=\"_blank\" class=\"c-link c-link--is-underlined\" rel=\"nofollow noopener\">Nantes<\/a>. \u00c0 <a href=\"https:\/\/www.20minutes.fr\/nantes\/3108911-20210825-loire-atlantique-croirait-lune-decouverte-ancienne-mine-abbaretz\" target=\"_blank\" class=\"c-link c-link--is-underlined\" rel=\"nofollow noopener\">Abbaretz<\/a> (Loire-Atlantique), les habitants ont appris en d\u00e9but de mois, par le biais d\u2019un permis de construire, le projet d\u2019installation d\u2019une \u00e9cole primaire catholique s\u00e9d\u00e9vacantiste au c\u0153ur de la ville.<\/p>\n<p>Entre les habitations, un bout de terrain d\u2019un peu plus de 3.000 m2 pourraient bient\u00f4t accueillir plusieurs salles de classe ainsi qu\u2019une sacristie, un oratoire et des h\u00e9bergements pour les <a href=\"https:\/\/www.20minutes.fr\/monde\/4172991-20250914-autriche-trois-religieuses-rebellent-fuient-maison-retraite-retrouver-couvent\" target=\"_blank\" class=\"c-link c-link--is-underlined\" rel=\"nofollow noopener\">religieuses<\/a>.<\/p>\n<p>Un courant traditionaliste<\/p>\n<p>En rupture avec l\u2019Eglise romaine, le s\u00e9d\u00e9vacantisme vient du latin \u00ab\u00a0sedes vacans\u00a0\u00bb que l\u2019on peut traduire par \u00ab\u00a0le si\u00e8ge est vacant\u00a0\u00bb et d\u00e9signe un courant de fid\u00e8les de religion catholique qui r\u00e9futent la <a href=\"https:\/\/www.20minutes.fr\/dossier\/pape\" target=\"_blank\" class=\"c-link c-link--is-underlined\" rel=\"nofollow noopener\">l\u00e9gitimit\u00e9 du pape<\/a> depuis la mort de Pie XII en\u00a01958. Selon eux, les papes contemporains seraient \u00e0 l\u2019origine d&rsquo;\u00ab\u00a0h\u00e9r\u00e9sies\u00a0\u00bb et ne seraient pas l\u00e9gitimes \u00e0 occuper le Saint-Si\u00e8ge. En France, \u00ab\u00a0une trentaine de lieux dispenseraient des offices\u00a0\u00bb de ce type, selon un article du journal <a href=\"https:\/\/www.la-croix.com\/religion\/qu-est-ce-que-le-sedevacantisme-ce-courant-catholique-qui-accuse-les-derniers-papes-d-heresie-20240621#:~:text=Il%20se%20revendique%20du%20%C2%AB%20s%C3%A9d%C3%A9vacantisme,le%20Saint%2DSi%C3%A8ge%20est%20vacant.\" target=\"_blank\" class=\"c-link c-link--is-underlined\" rel=\"nofollow noopener\">La Croix<\/a> publi\u00e9 en juin\u00a02024, ce qui repr\u00e9senterait environ 3.000 fid\u00e8les sur le territoire.<\/p>\n<p>Interrog\u00e9 par nos confr\u00e8res de <a href=\"https:\/\/www.ouest-france.fr\/societe\/religions\/quel-est-ce-projet-decole-catholique-integriste-qui-fait-polemique-en-loire-atlantique-176ea756-ad9b-11f0-b75e-b80ca3a1c619\" target=\"_blank\" class=\"c-link c-link--is-underlined\" rel=\"nofollow noopener\">Ouest-France<\/a>, Jean-Claude Pons, conseiller technique et p\u00e9dagogique du projet livre les d\u00e9tails de ce possible futur \u00e9tablissement. Celui qui se pr\u00e9sente comme futur aum\u00f4nier dit vouloir accueillir les enfants 3 \u00e0 10 ans, filles comme gar\u00e7on qui auront classe avec des \u00ab\u00a0religieuses dominicaines\u00a0\u00bb. Fran\u00e7ais, math\u00e9matiques, histoire-g\u00e9o\u2026 Les enseignements classiques seront bas\u00e9s sur une \u00ab\u00a0morale catholique traditionaliste\u00a0\u00bb. Et pour cause, dans ce m\u00eame article, Jean-Claude Ponse indique consid\u00e9rer l\u2019avortement comme un \u00ab\u00a0assassinat\u00a0\u00bb et explique que l\u2019\u00e9pid\u00e9mie de VIH serait une intervention de la nature pour se \u00ab\u00a0venger\u00a0\u00bb des homosexuels. De quoi faire tiquer les Abbarois.<\/p>\n<p>Une opposition est possible<\/p>\n<p>Regroup\u00e9s sous la forme d\u2019un collectif, le 10\u00a0octobre dernier plusieurs habitants de la commune ont signal\u00e9 leur inqui\u00e9tude quand \u00e0 l\u2019avancement d\u2019un tel projet. \u00ab\u00a0La mairie entend ces inqui\u00e9tudes mais ne peut s\u2019opposer au chantier en cours qui rel\u00e8ve du domaine priv\u00e9\u00a0\u00bb, explique Marie-Fran\u00e7oise Giqcuel, directrice g\u00e9n\u00e9rale des services de la ville. La commune, qui dispose d\u00e9j\u00e0 d\u2019une \u00e9cole publique et d\u2019une \u00e9cole priv\u00e9e pourrait attirer les fid\u00e8les de la chapelle Saint-Etienne d\u2019Abbaretz, install\u00e9e dans un local non loin du chantier \u00ab\u00a0et d\u00e9j\u00e0 reconnue comme appartenant au courant int\u00e9griste\u00a0\u00bb, remarque l\u2019Abbaroise.<\/p>\n<\/p>\n<p>Mais pour le moment rien n\u2019est fait. \u00ab\u00a0Tout projet d\u2019ouverture d\u2019un \u00e9tablissement scolaire priv\u00e9 hors contrat doit \u00eatre d\u00e9pos\u00e9 au rectorat dont d\u00e9pend la commune o\u00f9 il est pr\u00e9vu d\u2019installer l\u2019\u00e9cole\u00a0\u00bb, confirme le rectorat de Nantes \u00e0 20 Minutes. Le dossier complet serra par la suite examin\u00e9 par les quatre autorit\u00e9s comp\u00e9tentes\u00a0: le rectorat, la pr\u00e9fecture, la mairie et le tribunal. Apr\u00e8s examen du dossier, les diff\u00e9rentes structures pourront s\u2019opposer \u00e0 l\u2019ouverture de l\u2019\u00e9tablissement dans un d\u00e9lai de trois mois si ce dernier va \u00e0 l\u2019encontre \u00ab\u00a0de l\u2019int\u00e9r\u00eat de l\u2019ordre public ou de la <a href=\"https:\/\/www.20minutes.fr\/dossier\/protection_de_l_enfance\" target=\"_blank\" class=\"c-link c-link--is-underlined\" rel=\"nofollow noopener\">protection de l\u2019enfance<\/a> et de la jeunesse\u00a0\u00bb ou \u00ab\u00a0s\u2019il ressort du projet [\u2026] que celui-ci n\u2019a pas le caract\u00e8re d\u2019un \u00e9tablissement scolaire\u00a0\u00bb.<\/p>\n<p>En France, <a href=\"https:\/\/www.france-catholique.fr\/le-hors-contrat-est-en-forte-croissance.html\" target=\"_blank\" class=\"c-link c-link--is-underlined\" rel=\"nofollow noopener\">2.550\u202f\u00e9tablissements libres<\/a> \u00ab\u00a0hors contrat\u00a0\u00bb \u00e9taient recens\u00e9s en\u00a02024. Il serait beaucoup plus difficile d\u2019\u00e9tablir le nombre d\u2019\u00e9coles priv\u00e9es appartenant au courant int\u00e9griste. D\u2019apr\u00e8s nos recherches, seule l\u2019\u00e9cole Saint-Joseph de Serre-Nerpol (Is\u00e8re), une \u00e9cole pour filles tenue par la communaut\u00e9 des s\u0153urs du Christ Roi, mentionne appartenir \u00e0 la communaut\u00e9 catholique s\u00e9d\u00e9vacantiste.<\/p>\n","protected":false},"excerpt":{"rendered":"La nouvelle ne passe pas dans cette commune d\u2019un peu plus de 2.000 habitants situ\u00e9e au nord de&hellip;\n","protected":false},"author":2,"featured_media":495844,"comment_status":"","ping_status":"","sticky":false,"template":"","format":"standard","meta":{"footnotes":""},"categories":[2818],"tags":[1111,11,11863,1057,1126,1777,674,1011,27,3047,766,12,2636,1306,4020,25],"class_list":{"0":"post-495843","1":"post","2":"type-post","3":"status-publish","4":"format-standard","5":"has-post-thumbnail","7":"category-nantes","8":"tag-actu","9":"tag-actualites","10":"tag-catholicisme","11":"tag-education","12":"tag-education-nationale","13":"tag-eu","14":"tag-europe","15":"tag-fr","16":"tag-france","17":"tag-loire-atlantique","18":"tag-nantes","19":"tag-news","20":"tag-pays-de-la-loire","21":"tag-regions","22":"tag-religion","23":"tag-republique-francaise"},"share_on_mastodon":{"url":"https:\/\/pubeurope.com\/@fr\/115452912947822763","error":""},"_links":{"self":[{"href":"https:\/\/www.europesays.com\/fr\/wp-json\/wp\/v2\/posts\/495843","targetHints":{"allow":["GET"]}}],"collection":[{"href":"https:\/\/www.europesays.com\/fr\/wp-json\/wp\/v2\/posts"}],"about":[{"href":"https:\/\/www.europesays.com\/fr\/wp-json\/wp\/v2\/types\/post"}],"author":[{"embeddable":true,"href":"https:\/\/www.europesays.com\/fr\/wp-json\/wp\/v2\/users\/2"}],"replies":[{"embeddable":true,"href":"https:\/\/www.europesays.com\/fr\/wp-json\/wp\/v2\/comments?post=495843"}],"version-history":[{"count":0,"href":"https:\/\/www.europesays.com\/fr\/wp-json\/wp\/v2\/posts\/495843\/revisions"}],"wp:featuredmedia":[{"embeddable":true,"href":"https:\/\/www.europesays.com\/fr\/wp-json\/wp\/v2\/media\/495844"}],"wp:attachment":[{"href":"https:\/\/www.europesays.com\/fr\/wp-json\/wp\/v2\/media?parent=495843"}],"wp:term":[{"taxonomy":"category","embeddable":true,"href":"https:\/\/www.europesays.com\/fr\/wp-json\/wp\/v2\/categories?post=495843"},{"taxonomy":"post_tag","embeddable":true,"href":"https:\/\/www.europesays.com\/fr\/wp-json\/wp\/v2\/tags?post=495843"}],"curies":[{"name":"wp","href":"https:\/\/api.w.org\/{rel}","templated":true}]}}