{"id":495845,"date":"2025-10-28T17:13:20","date_gmt":"2025-10-28T17:13:20","guid":{"rendered":"https:\/\/www.europesays.com\/fr\/495845\/"},"modified":"2025-10-28T17:13:20","modified_gmt":"2025-10-28T17:13:20","slug":"ils-ont-de-2-a-73-ans-et-vivent-sous-le-meme-toit","status":"publish","type":"post","link":"https:\/\/www.europesays.com\/fr\/495845\/","title":{"rendered":"ils ont de 2 \u00e0 73 ans et vivent sous le m\u00eame toit"},"content":{"rendered":"<p>            Par<br \/>\n        <strong><br \/>\n            <a href=\"https:\/\/actu.fr\/auteur\/herve-pavageau\" title=\"Consulter tous les articles de Herv\u00e9 Pavageau\" target=\"_blank\" rel=\"noopener\">Herv\u00e9 Pavageau<\/a><br \/>\n        <\/strong><\/p>\n<p>        Publi\u00e9 le<\/p>\n<p>            28 oct. 2025 \u00e0 18h06        <\/p>\n<p>Pr\u00e8s de la baie vitr\u00e9e qui donne sur le jardin et l\u2019entr\u00e9e, la grande table est dress\u00e9e. L\u2019agencement ne f\u00eate pas un \u00e9v\u00e9nement particulier. <b>Au Rameau, le mercredi soir est LE repas<\/b> partag\u00e9 de la semaine. Situ\u00e9e dans le centre-ville <a href=\"https:\/\/actu.fr\/pays-de-la-loire\/la-haie-fouassiere_44070\" target=\"_blank\" rel=\"noopener\">de La\u00a0Haye-Fouassi\u00e8re<\/a>, pr\u00e8s de logements sociaux et de l\u2019ancien domicile collectif pour personnes \u00e2g\u00e9es les Nymph\u00e9as, la grande maison n\u2019h\u00e9berge pas une famille. Mais six locataires. Ancien foyer de l\u2019Arche le S\u00e9nev\u00e9, communaut\u00e9 pr\u00e9sente sur la commune qui accompagne et accueille des personnes adultes en situation de handicap mental, le logement a \u00e9t\u00e9 divis\u00e9 en appartements. Plus ou moins grand. Dans cet espace, vivent aujourd\u2019hui une famille de <b>cinq personnes, trois adultes en situation de handicap, un jeune actif et une retrait\u00e9e.<\/b><\/p>\n<p>\u00ab\u2009\u00c0 la fois ensemble et chacun chez soi\u2009\u00bb<\/p>\n<p class=\" wall-content\">Six locataires qui ont fait le choix de vivre <b>dans un habitat interg\u00e9n\u00e9rationnel et inclusif.<\/b><\/p>\n<p class=\" wall-content\">Les loyers vont de 420 \u00e0 900\u00a0\u20ac, en fonction de la surface des logements.<\/p>\n<p class=\" wall-content\">\u00ab\u2009C\u2019est comme un immeuble avec des charges\u2009\u00bb, explique Aristide Beasse-Egu, l\u2019un des occupants.<\/p>\n<p class=\" wall-content\">Dans cette grande maison qui abrite zones privatives et espaces communs, le petit groupe vit \u00ab\u2009\u00e0 la fois ensemble et chacun chez soi\u2009\u00bb.<\/p>\n<p>Qui sont les locataires\u2009?<\/p>\n<p class=\" wall-content\">Avec Martine Grousselle, retrait\u00e9e, \u00e2g\u00e9e de 73\u00a0ans, la famille Thelot fait partie des premiers occupants.<\/p>\n<p class=\" wall-content\">Marion et Christophe, parents de trois enfants \u00e2g\u00e9s de 2 \u00e0 6\u00a0ans (Isabelle, Marcouf et In\u00e8s) <b>cherchaient depuis quelque temps un habitat de ce type.<\/b><\/p>\n<blockquote class=\"ac-article-quote wall-content\">\n<p>On voulait vivre quelque chose qui sorte un peu de l\u2019ordinaire en famille. Le monde du handicap nous a toujours tr\u00e8s touch\u00e9s. C\u2019est un monde vrai dans les rapports humains o\u00f9 il y a peu de faux-semblants.<\/p>\n<p>Christophe Thelot, colocataire de l\u2019habitat partag\u00e9<\/p><\/blockquote>\n<p>Votre r\u00e9gion, votre actu !<\/p>\n<p>Recevez chaque jour les infos qui comptent pour vous.<\/p>\n<p>\t<a href=\"https:\/\/actu.fr\/newsletter\" class=\"ac-btn ac-btn--corner ac-btn--medium ac-btn--blue800\" target=\"_blank\" rel=\"noopener\">S&rsquo;incrire<\/a><\/p>\n<p class=\" wall-content\">\u00ab\u2009C\u2019est vraiment une richesse de vivre cela avec de jeunes enfants\u2009\u00bb, rebondit Marion, sa conjointe.<\/p>\n<p class=\" wall-content\">Arriv\u00e9 plus r\u00e9cemment, Aristide Beasse-Egu, jeune enseignant <a href=\"https:\/\/actu.fr\/pays-de-la-loire\/le-landreau_44079\/loire-atlantique-a-briace-forte-hausse-des-effectifs-et-un-chateau-a-renover_61585955.html\" target=\"_blank\" rel=\"noopener\">au lyc\u00e9e Briac\u00e9 du Landreau, <\/a>cherchait, lui, une exp\u00e9rience d\u2019habitat partag\u00e9 plus profonde.<\/p>\n<blockquote class=\"ac-article-quote wall-content\">\n<p>J\u2019ai d\u00e9j\u00e0 fait pas mal de colocation. Avec trois jeunes actifs, on a partag\u00e9 une maison. J\u2019ai trouv\u00e9 cela assez frustrant car il n\u2019y avait pas de vie collective.<\/p>\n<p>Aristide Beasse-Egu, jeune enseignant et colacataire<\/p><\/blockquote>\n<p class=\" wall-content\">C\u2019est en cherchant des projets <b>dans le d\u00e9partement de Loire-Atlantique<\/b>, que le professeur a choisi de poser ses valises \u00e0 La\u00a0Haye-Fouassi\u00e8re.<\/p>\n<p>\u00ab\u2009On est dans des relations simples et vraies\u2009\u00bb<\/p>\n<p class=\" wall-content\">Au Rameau, le dipl\u00f4m\u00e9 en agronomie s\u2019est vite enracin\u00e9 dans la vie collective.<\/p>\n<p class=\" wall-content\">\u00ab\u2009J\u2019ai rencontr\u00e9 des gens avec qui je n\u2019aurais pas forc\u00e9ment \u00e9chang\u00e9. On est ici dans des relations simples et vraies\u2009\u00bb, t\u00e9moigne Aristide.<\/p>\n<p class=\" wall-content\">Un avis que partage Martine Grousselle.<\/p>\n<p>    <img   decoding=\"async\" loading=\"lazy\" class=\"size-large\" src=\"https:\/\/www.europesays.com\/fr\/wp-content\/uploads\/2025\/10\/501b0b6497f86441b0b6497f8181b0v-960x590.jpg\" alt=\"inauguration Rameau\" width=\"960\" height=\"590\"\/><br \/>\n    Une inauguration de l\u2019habitat partag\u00e9 interg\u00e9n\u00e9rationnel et inclusif du Rameau a eu lieu il y a quelques semaines. \u00a9Le Rameau<\/p>\n<p class=\" wall-content\">\u00ab\u2009C\u2019est une tr\u00e8s belle exp\u00e9rience \u00e0 la fois par son <b>c\u00f4t\u00e9 interg\u00e9n\u00e9rationnel et dans le fait de vivre ensemble les diff\u00e9rences<\/b>\u2009\u00bb, souligne l\u2019a\u00een\u00e9e de la communaut\u00e9.<\/p>\n<p class=\" wall-content\">Car \u00e0 la diversit\u00e9 de l\u2019\u00e2ge et des situations socioprofessionnelles, le groupe partage son quotidien avec trois adultes en situation de handicap\u2009: Joseph, M\u00e9riadec et Sophie. Les deux premiers travaillent comme <a href=\"https:\/\/actu.fr\/pays-de-la-loire\/getigne_44063\/cette-chocolaterie-de-loire-atlantique-a-un-petit-truc-en-plus_61887482.html\" target=\"_blank\" rel=\"noopener\">cuisinier \u00e0 Biocat \u00e0 G\u00e9tign\u00e9<\/a> et chez un traiteur aux Sorini\u00e8res.<\/p>\n<p class=\" wall-content\">Sophie, elle, a travaill\u00e9 dans un cin\u00e9ma \u00e0 Nantes.<\/p>\n<p class=\" wall-content\">Accompagn\u00e9es par l\u2019Arche le S\u00e9nev\u00e9, ces trois personnes <b>vivent en autonomie, sans \u00e9ducateur,<\/b> entour\u00e9es des locataires.<\/p>\n<p class=\" wall-content\">\u00ab\u2009Ce qui est une sp\u00e9cificit\u00e9 de cette exp\u00e9rience\u2009\u00bb, rebondit Christophe Thelot.<\/p>\n<p>Des r\u00e8gles de vie communes<\/p>\n<p class=\" wall-content\">Si chacun a son rythme de vie et son emploi du temps, le partage d\u2019un lieu de vie commun a n\u00e9cessit\u00e9 d\u2019\u00e9crire un petit r\u00e8glement affich\u00e9 sur le mur face \u00e0 la table.<\/p>\n<p class=\" wall-content\">\u00ab\u2009Comme c\u2019est une exp\u00e9rience, il n\u2019y a pas forc\u00e9ment de r\u00e8gles\u2009\u00bb, souligne Marine Grosselle, la r\u00e9f\u00e9rente de l\u2019Arche S\u00e9nev\u00e9.<\/p>\n<p class=\" wall-content\">Les quelques principes co\u00e9crits parlent surtout de <b>l\u2019organisation des temps partag\u00e9s<\/b>.<\/p>\n<p class=\" wall-content\">Comme le repas du mercredi soir. Le principe est simple\u2009: chaque semaine, un bin\u00f4me se charge de faire les courses et de pr\u00e9parer un repas pour l\u2019ensemble des occupants.<\/p>\n<p>    <img   decoding=\"async\" loading=\"lazy\" class=\"size-large\" src=\"https:\/\/www.europesays.com\/fr\/wp-content\/uploads\/2025\/10\/6a6319e497f865e6319e497f812731v-960x640.jpg\" alt=\"habitat partag\u00e9\" width=\"960\" height=\"640\"\/><br \/>\n    Les locataires partagent des activit\u00e9s ensemble comme l\u2019entretien du jardin. \u00a9Le Rameau<\/p>\n<p class=\" wall-content\">Des week-ends sont aussi fix\u00e9s pour<b> l\u2019entretien de la maison et du jardin.<\/b><\/p>\n<p class=\" wall-content\">Et r\u00e9guli\u00e8rement, le groupe organise des activit\u00e9s communes\u2009: bowling, march\u00e9, sortie \u00e0 la mer\u2026<\/p>\n<p class=\" wall-content\">La communaut\u00e9 se retrouve aussi le dimanche midi au moment du repas.<\/p>\n<p class=\" wall-content\">\u00ab\u2009Chacun vient avec son assiette\u2009\u00bb, explique Marion Thelot.<\/p>\n<blockquote class=\"ac-article-quote wall-content\">\n<p>C\u2019est l\u2019esprit de la maison. On n\u2019h\u00e9site pas \u00e0 toquer chez l\u2019un, chez l\u2019autre. Quand on va se balader ou l\u2019on va au cin\u00e9, on propose \u00e0 ceux qui sont l\u00e0 de venir.<\/p>\n<p>Christophe Thelot colocataire<\/p><\/blockquote>\n<p>\u00ab\u2009Ici, c\u2019est une microsoci\u00e9t\u00e9\u2009\u00bb<\/p>\n<p class=\" wall-content\">\u00c0 l\u2019instar des relations de voisinage, les rencontres informelles, <b>les repas partag\u00e9s, et l\u2019entraide nourrissent le quotidien<\/b> des colocataires.<\/p>\n<blockquote class=\"ac-article-quote wall-content\">\n<p>Ici, c\u2019est une microsoci\u00e9t\u00e9 qui vit avec ses diff\u00e9rences et qui doit g\u00e9rer les plaisirs et les contradictions quand il y en a. C\u2019est un beau d\u00e9fi.<\/p>\n<p>Martine Grousselle. retrait\u00e9e et colocataire<\/p><\/blockquote>\n<p class=\" wall-content\">Ces tracas du vivre ensemble ne sont pas l\u00e9gion.<\/p>\n<p class=\" wall-content\">\u00ab\u2009Bien s\u00fbr que parfois des avis divergent, qu\u2019il y a des petites difficult\u00e9s (Ndlr\u2009: le bruit, le m\u00e9nage, la gestion des parties communes, des d\u00e9chets\u2026)\u00bb, reconna\u00eet le groupe.<\/p>\n<p class=\" wall-content\">Quand cela arrive, les locataires en parlent, <b>en discutent pour ne pas plomber l\u2019ambiance et l\u2019atmosph\u00e8re<\/b>.<\/p>\n<p class=\" wall-content\">\u00ab\u2009Jusqu\u2019ici, on n\u2019a pas eu besoin de m\u00e9diateur\u2009\u00bb, sourit Marion.<\/p>\n<p>\u00ab\u2009Une forme d\u2019enrichissement mutuel\u2009\u00bb<\/p>\n<p class=\" wall-content\">Pour l\u2019heure, le bilan est positif.<\/p>\n<p class=\" wall-content\">Joseph, Sophie et M\u00e9riadec se sentent \u00ab\u2009bien\u2009\u00bb dans la maison.<\/p>\n<p class=\" wall-content\">Et les dix habitants, qui vivent sous le m\u00eame toit,<b> trouvent l\u2019exp\u00e9rience \u00ab\u2009enrichissante<\/b>, vraie et authentique\u2009\u00bb.<\/p>\n<blockquote class=\"ac-article-quote wall-content\">\n<p>On apprend des uns et des autres. Et cela cr\u00e9e du lien.<\/p>\n<p>Marion.<\/p><\/blockquote>\n<p class=\" wall-content\">\u00ab\u2009C\u2019est une forme d\u2019enrichissement mutuel\u2009\u00bb, rebondit le p\u00e8re de famille.<\/p>\n<p class=\" wall-content\">\u00ab\u2009Et une fa\u00e7on d\u2019\u00eatre avec les autres et de ne pas se sentir isol\u00e9\u2009\u00bb, ajoute la retrait\u00e9e qui a v\u00e9cu<b> aupr\u00e8s du monde du handicap, <\/b>\u00ab\u2009des personnes qui nous rendent heureuses\u2009\u00bb, ajoute-t-elle.<\/p>\n<p class=\" wall-content\">Si ce <b>type d\u2019habitat essaime un peu partout en France<\/b>, elle reste pour l\u2019heure marginale bien qu\u2019elle r\u00e9ponde \u00ab\u2009aux besoins relationnels, affectifs\u2009\u00bb qui permettent de mieux vieillir ou d\u2019\u00eatre moins isol\u00e9.<\/p>\n<blockquote class=\"ac-article-quote wall-content\">\n<p>L\u2019\u00e9change n\u2019est pas l\u00e0 pour r\u00e9pondre aux besoins. Il favorise une pr\u00e9sence soutenante. C\u2019est le cas pour moi. En vieillissant, mon autonomie va se r\u00e9duire. C\u2019est une belle r\u00e9ponse sans que ce soit une imposition pour les autres.<\/p>\n<p>Martine Grousselle, retrait\u00e9e<\/p><\/blockquote>\n<p class=\" wall-content\">L\u2019a\u00een\u00e9e d\u2019une maison pas comme les autres.<\/p>\n<p class=\" wall-content\">Un Rameau que les dix occupants aimeraient bien voir pousser et grandir ailleurs.<\/p>\n<p class=\" wall-content\">Personnalisez votre actualit\u00e9 en ajoutant vos villes et m\u00e9dias en favori avec <a href=\"https:\/\/moncompte.actu.fr\" title=\"D\u00e9couvez Mon Actu\" rel=\"nofollow noopener\" data-trk=\"{&quot;cta&quot;:{&quot;action&quot;:&quot;https:\\\/\\\/moncompte.actu.fr&quot;,&quot;category&quot;:&quot;mon compte&quot;,&quot;from&quot;:&quot;article footer&quot;,&quot;name&quot;:&quot;Mon actu&quot;,&quot;type&quot;:&quot;cta&quot;}}\" target=\"_blank\">Mon Actu<\/a>.<\/p>\n","protected":false},"excerpt":{"rendered":"Par Herv\u00e9 Pavageau Publi\u00e9 le 28 oct. 2025 \u00e0 18h06 Pr\u00e8s de la baie vitr\u00e9e qui donne sur&hellip;\n","protected":false},"author":2,"featured_media":495846,"comment_status":"","ping_status":"","sticky":false,"template":"","format":"standard","meta":{"footnotes":""},"categories":[2818],"tags":[1111,11,1777,674,652,1011,27,1908,766,12,2636,25,3552,104],"class_list":{"0":"post-495845","1":"post","2":"type-post","3":"status-publish","4":"format-standard","5":"has-post-thumbnail","7":"category-nantes","8":"tag-actu","9":"tag-actualites","10":"tag-eu","11":"tag-europe","12":"tag-famille","13":"tag-fr","14":"tag-france","15":"tag-logement","16":"tag-nantes","17":"tag-news","18":"tag-pays-de-la-loire","19":"tag-republique-francaise","20":"tag-seniors","21":"tag-societe"},"share_on_mastodon":{"url":"https:\/\/pubeurope.com\/@fr\/115452917682809670","error":""},"_links":{"self":[{"href":"https:\/\/www.europesays.com\/fr\/wp-json\/wp\/v2\/posts\/495845","targetHints":{"allow":["GET"]}}],"collection":[{"href":"https:\/\/www.europesays.com\/fr\/wp-json\/wp\/v2\/posts"}],"about":[{"href":"https:\/\/www.europesays.com\/fr\/wp-json\/wp\/v2\/types\/post"}],"author":[{"embeddable":true,"href":"https:\/\/www.europesays.com\/fr\/wp-json\/wp\/v2\/users\/2"}],"replies":[{"embeddable":true,"href":"https:\/\/www.europesays.com\/fr\/wp-json\/wp\/v2\/comments?post=495845"}],"version-history":[{"count":0,"href":"https:\/\/www.europesays.com\/fr\/wp-json\/wp\/v2\/posts\/495845\/revisions"}],"wp:featuredmedia":[{"embeddable":true,"href":"https:\/\/www.europesays.com\/fr\/wp-json\/wp\/v2\/media\/495846"}],"wp:attachment":[{"href":"https:\/\/www.europesays.com\/fr\/wp-json\/wp\/v2\/media?parent=495845"}],"wp:term":[{"taxonomy":"category","embeddable":true,"href":"https:\/\/www.europesays.com\/fr\/wp-json\/wp\/v2\/categories?post=495845"},{"taxonomy":"post_tag","embeddable":true,"href":"https:\/\/www.europesays.com\/fr\/wp-json\/wp\/v2\/tags?post=495845"}],"curies":[{"name":"wp","href":"https:\/\/api.w.org\/{rel}","templated":true}]}}