{"id":495851,"date":"2025-10-28T17:16:09","date_gmt":"2025-10-28T17:16:09","guid":{"rendered":"https:\/\/www.europesays.com\/fr\/495851\/"},"modified":"2025-10-28T17:16:09","modified_gmt":"2025-10-28T17:16:09","slug":"une-reunion-publique-de-lfi-annulee-par-la-mairie-de-toulouse-on-vous-explique-tout","status":"publish","type":"post","link":"https:\/\/www.europesays.com\/fr\/495851\/","title":{"rendered":"Une r\u00e9union publique de LFI annul\u00e9e par la mairie de Toulouse ? On vous explique tout"},"content":{"rendered":"<p>            Par<br \/>\n        <strong><br \/>\n            <a href=\"https:\/\/actu.fr\/auteur\/hugo-hancewicz\" title=\"Consulter tous les articles de Hugo Hancewicz\" target=\"_blank\" rel=\"noopener\">Hugo Hancewicz<\/a><br \/>\n        <\/strong><\/p>\n<p>        Publi\u00e9 le<\/p>\n<p>            28 oct. 2025 \u00e0 18h02        <\/p>\n<p>Une r\u00e9union publique organis\u00e9e par <a href=\"https:\/\/actu.fr\/tag\/la-france-insoumise-lfi\" target=\"_blank\" rel=\"noopener\">La France Insoumise<\/a> <strong>(LFI)<\/strong> devait se tenir ce mercredi 29\u00a0octobre 2025 dans le centre culturel municipal Alban-Minville de Bellefontaine, \u00e0 <a href=\"https:\/\/actu.fr\/toulouse\/\" target=\"_blank\" rel=\"noopener\">Toulouse<\/a>. Le th\u00e8me pr\u00e9vu\u2009: les discriminations et la d\u00e9mocratie. Mais quelques jours avant l\u2019\u00e9v\u00e9nement, les organisateurs ont appris que leur r\u00e9servation avait finalement \u00e9t\u00e9 <strong>annul\u00e9e<\/strong>. Une situation qui suscite la col\u00e8re du mouvement, qui d\u00e9nonce une \u00ab\u2009d\u00e9cision antid\u00e9mocratique\u2009\u00bb. On vous explique ce qu\u2019il s\u2019est pass\u00e9.<\/p>\n<p>Une d\u00e9cision municipale pass\u00e9e \u00ab\u2009discr\u00e8tement\u2009\u00bb selon LFI<\/p>\n<p class=\" wall-content\">Aupr\u00e8s d\u2019Actu Toulouse, LFI affirme que cette <strong>annulation<\/strong> fait suite \u00e0 une d\u00e9cision \u00ab\u2009pass\u00e9e discr\u00e8tement en septembre\u2009\u00bb par le maire de <a href=\"https:\/\/actu.fr\/toulouse\" target=\"_blank\" rel=\"noopener\">Toulouse<\/a>, <a href=\"https:\/\/actu.fr\/tag\/jean-luc-moudenc\" target=\"_blank\" rel=\"noopener\">Jean-Luc Moudenc<\/a>, et son \u00e9quipe municipale. Selon le parti, plusieurs <strong>salles municipales<\/strong> seraient d\u00e9sormais interdites \u00e0 toute r\u00e9union politique.<\/p>\n<p class=\" wall-content\">En r\u00e9alit\u00e9, il s\u2019agit d\u2019une d\u00e9cision prise lors du dernier Conseil municipal, en septembre, et qui interdit \u00e0 <strong>l\u2019ensemble<\/strong> des partis politiques de r\u00e9server des espaces culturels (dont celui de Bellefontaine) pour des r\u00e9unions publiques.<\/p>\n<p class=\" wall-content\">Une mesure qui date de <strong>2021<\/strong>, explique Val\u00e9rie Jacquet-Violleau, \u00e9lue en charge de l\u2019action socioculturelle aupr\u00e8s d\u2019Actu Toulouse, et r\u00e9actualis\u00e9e lors de la derni\u00e8re s\u00e9ance.<\/p>\n<p>Vid\u00e9os : en ce moment sur ActuUne erreur d\u2019un agent municipal\u2009?<\/p>\n<p class=\" wall-content\">Sauf que LFI assure que le service concern\u00e9 avait valid\u00e9 la <strong>r\u00e9servation<\/strong> de la salle pour la r\u00e9union de ce mercredi, deux semaines avant la d\u00e9cision municipale. Sur ce point, la mairie avance une \u00ab\u2009possible erreur de l\u2019agent municipal en charge de la r\u00e9servation\u2009\u00bb ou un \u00ab\u2009manque de <strong>transparence<\/strong> sur les intentions de la r\u00e9union publique de la part des organisateurs\u2009\u00bb.<\/p>\n<p class=\" wall-content\">Quoi qu\u2019il en soit, la r\u00e9servation a \u00e9t\u00e9 annul\u00e9e et la rencontre par la m\u00eame occasion. Mais LFI accuse la municipalit\u00e9 de ne pas avoir eu de solution de <strong>remplacement<\/strong> accessible dans le quartier de Bellefontaine. Ce \u00e0 quoi la mairie r\u00e9pond qu\u2019un autre espace leur a \u00e9t\u00e9 propos\u00e9, la salle Monlong, \u00e0 <strong>1 kilom\u00e8tre<\/strong> du centre culturel Alban-Minville. \u00ab\u2009C\u2019est une nouvelle d\u00e9marche pol\u00e9mique\u2009\u00bb, estime Val\u00e9rie Jacquet-Violleau.<\/p>\n<p>Votre r\u00e9gion, votre actu !<\/p>\n<p>Recevez chaque jour les infos qui comptent pour vous.<\/p>\n<p>\t<a href=\"https:\/\/actu.fr\/newsletter\" class=\"ac-btn ac-btn--corner ac-btn--medium ac-btn--blue800\" target=\"_blank\" rel=\"noopener\">S&rsquo;incrire<\/a><br \/>\n\u00ab\u2009Une nouvelle atteinte \u00e0 la d\u00e9mocratie locale\u2009\u00bb<\/p>\n<p class=\" wall-content\">Mais un autre d\u00e9tail a fait <strong>bondir<\/strong> les Insoumis\u2009: \u00ab\u2009la plupart de ces salles dont nous n\u2019avons plus l\u2019acc\u00e8s se trouvent dans les quartiers populaires et p\u00e9riph\u00e9riques\u2009\u00bb, pointent-ils.<\/p>\n<p class=\" wall-content\">Sauf qu\u2019une nouvelle fois Val\u00e9rie Jacquet-Violleau r\u00e9torque et indique que \u00ab\u2009l\u2019ensemble des partis politiques n\u2019ont <strong>pas acc\u00e8s<\/strong> aux centres culturels de Toulouse pour les r\u00e9unions publiques\u2009\u00bb. Et qu\u2019une liste compos\u00e9e d\u2019une cinquante de salles municipales pour ces r\u00e9unions est disponible. Des espaces \u00ab\u2009y compris dans les zones <strong>p\u00e9riph\u00e9riques<\/strong> et populaires\u2009\u00bb, pr\u00e9cise l\u2019\u00e9lue.<\/p>\n<p>Les quartiers populaires mis de c\u00f4t\u00e9\u2009?<\/p>\n<p class=\" wall-content\">Le mouvement insoumis \u00e9voque une \u00ab\u2009nouvelle atteinte \u00e0 la d\u00e9mocratie locale\u2009\u00bb, dans la lign\u00e9e, selon eux, de la <strong>suppression<\/strong> de plusieurs bureaux de vote en 2024 et de la disparition des panneaux d\u2019expression libre. \u00ab\u2009Le maire poursuit son entreprise de <strong>musellement<\/strong> d\u00e9mocratique\u2009\u00bb, d\u00e9nonce-t-il.<\/p>\n<p class=\" wall-content\">Pour eux, cette politique aurait une cons\u00e9quence directe, celle de nourrir <strong>l\u2019abstention<\/strong>. \u00ab\u2009M. Moudenc sait que l\u2019abstention est l\u2019assurance vie de son syst\u00e8me\u2009\u00bb, avance le communiqu\u00e9, qui appelle \u00e0 \u00ab\u2009rapprocher la politique des habitants\u2009\u00bb et \u00e0 \u00ab\u2009r\u00e9tablir un v\u00e9ritable <strong>d\u00e9bat<\/strong> d\u00e9mocratique \u00e0 Toulouse\u2009\u00bb.<\/p>\n<p class=\" wall-content\">Personnalisez votre actualit\u00e9 en ajoutant vos villes et m\u00e9dias en favori avec <a href=\"https:\/\/moncompte.actu.fr\" title=\"D\u00e9couvez Mon Actu\" rel=\"nofollow noopener\" data-trk=\"{&quot;cta&quot;:{&quot;action&quot;:&quot;https:\\\/\\\/moncompte.actu.fr&quot;,&quot;category&quot;:&quot;mon compte&quot;,&quot;from&quot;:&quot;article footer&quot;,&quot;name&quot;:&quot;Mon actu&quot;,&quot;type&quot;:&quot;cta&quot;}}\" target=\"_blank\">Mon Actu<\/a>.<\/p>\n","protected":false},"excerpt":{"rendered":"Par Hugo Hancewicz Publi\u00e9 le 28 oct. 2025 \u00e0 18h02 Une r\u00e9union publique organis\u00e9e par La France Insoumise&hellip;\n","protected":false},"author":2,"featured_media":35467,"comment_status":"","ping_status":"","sticky":false,"template":"","format":"standard","meta":{"footnotes":""},"categories":[2816],"tags":[1111,11,1777,674,1011,27,2857,1023,3434,12,2680,316,25,2312],"class_list":{"0":"post-495851","1":"post","2":"type-post","3":"status-publish","4":"format-standard","5":"has-post-thumbnail","7":"category-toulouse","8":"tag-actu","9":"tag-actualites","10":"tag-eu","11":"tag-europe","12":"tag-fr","13":"tag-france","14":"tag-jean-luc-moudenc","15":"tag-la-france-insoumise-lfi","16":"tag-municipales-2026","17":"tag-news","18":"tag-occitanie","19":"tag-politique","20":"tag-republique-francaise","21":"tag-toulouse"},"share_on_mastodon":{"url":"https:\/\/pubeurope.com\/@fr\/115452928628886738","error":""},"_links":{"self":[{"href":"https:\/\/www.europesays.com\/fr\/wp-json\/wp\/v2\/posts\/495851","targetHints":{"allow":["GET"]}}],"collection":[{"href":"https:\/\/www.europesays.com\/fr\/wp-json\/wp\/v2\/posts"}],"about":[{"href":"https:\/\/www.europesays.com\/fr\/wp-json\/wp\/v2\/types\/post"}],"author":[{"embeddable":true,"href":"https:\/\/www.europesays.com\/fr\/wp-json\/wp\/v2\/users\/2"}],"replies":[{"embeddable":true,"href":"https:\/\/www.europesays.com\/fr\/wp-json\/wp\/v2\/comments?post=495851"}],"version-history":[{"count":0,"href":"https:\/\/www.europesays.com\/fr\/wp-json\/wp\/v2\/posts\/495851\/revisions"}],"wp:featuredmedia":[{"embeddable":true,"href":"https:\/\/www.europesays.com\/fr\/wp-json\/wp\/v2\/media\/35467"}],"wp:attachment":[{"href":"https:\/\/www.europesays.com\/fr\/wp-json\/wp\/v2\/media?parent=495851"}],"wp:term":[{"taxonomy":"category","embeddable":true,"href":"https:\/\/www.europesays.com\/fr\/wp-json\/wp\/v2\/categories?post=495851"},{"taxonomy":"post_tag","embeddable":true,"href":"https:\/\/www.europesays.com\/fr\/wp-json\/wp\/v2\/tags?post=495851"}],"curies":[{"name":"wp","href":"https:\/\/api.w.org\/{rel}","templated":true}]}}