{"id":495852,"date":"2025-10-28T17:17:14","date_gmt":"2025-10-28T17:17:14","guid":{"rendered":"https:\/\/www.europesays.com\/fr\/495852\/"},"modified":"2025-10-28T17:17:14","modified_gmt":"2025-10-28T17:17:14","slug":"top-14-comment-toulouse-va-sy-prendre-pour-aligner-un-pack-face-au-stade-francais","status":"publish","type":"post","link":"https:\/\/www.europesays.com\/fr\/495852\/","title":{"rendered":"Top 14. Comment Toulouse va s&rsquo;y prendre pour aligner un pack face au Stade Fran\u00e7ais"},"content":{"rendered":"<p>            Par<br \/>\n        <strong><br \/>\n            <a href=\"https:\/\/actu.fr\/auteur\/clement-mazella\" title=\"Consulter tous les articles de Cl\u00e9ment Mazella\" target=\"_blank\" rel=\"noopener\">Cl\u00e9ment Mazella<\/a><br \/>\n        <\/strong><\/p>\n<p>        Publi\u00e9 le<\/p>\n<p>            28 oct. 2025 \u00e0 17h45        <\/p>\n<p><a href=\"https:\/\/actu.fr\/tag\/stade-toulousain\" target=\"_blank\" rel=\"noopener\">Toulouse<\/a> va-t-il demander \u00e0 Joe Tekori, actuellement en charge des \u00e9quipements et de la logistique du club, de rechausser les crampons pour <strong>le Clasico<\/strong> face au <a href=\"https:\/\/actu.fr\/tag\/stade-francais\" target=\"_blank\" rel=\"noopener\">Stade Fran\u00e7ais<\/a> ce samedi 1er novembre (21h), match comptant pour la 9e journ\u00e9e de Top 14 ?<\/p>\n<p class=\" wall-content\">La r\u00e9ponse est bien \u00e9videmment non, mais <strong>le staff toulousain va devoir sacr\u00e9ment bricoler pour composer un pack<\/strong> pour la venue de Parisiens tr\u00e8s solides, et qui ont l\u00e0 l\u2019occasion de r\u00e9ussir un gros coup en championnat. Entre l\u2019absence des internationaux et une infirmerie remplie, c\u2019est un gros casse-t\u00eate pour Ugo Mola et son staff.<\/p>\n<p>Premi\u00e8re ligne : l\u2019inconnue Baille, le miracle Colombe ?<\/p>\n<p class=\" wall-content\">Au poste de pilier gauche, <strong>Rodrigue Neti<\/strong> est partant certain. Derri\u00e8re, l\u2019encadrement toulousain croise tr\u00e8s s\u00e9rieusement les doigts afin que le staff du XV de France lib\u00e8re d\u00e8s mercredi soir le jeune Benjamin Bertrand. Il pourrait \u00eatre sur la feuille de match si Cyril Baille n\u2019est pas align\u00e9. Le pilier international, qui n\u2019a plus jou\u00e9 depuis le 20 septembre et le naufrage collectif \u00e0 Montpellier, a du mal \u00e0 retrouver ses meilleures sensations. Il ressentirait des douleurs \u00e0 sa cheville, op\u00e9r\u00e9e en juin 2024 apr\u00e8s sa grave blessure.<\/p>\n<p class=\" wall-content\">Au talonnage, Peato Mauvaka est aux soins, m\u00eame si on l\u2019a vu taper dans le ballon \u00e0 l\u2019entra\u00eenement ce mardi. Julien Marchand va rester avec le XV de France, et il semble tr\u00e8s probable que Guillaume Cramont reste aussi \u00e0 Marcoussis. Bref, il ne reste que <strong>Thomas Lacombre de disponible<\/strong>. C\u2019est pour cette raison que Toulouse a fait revenir pour la semaine le polyvalent <a href=\"https:\/\/actu.fr\/occitanie\/toulouse_31555\/il-va-falloir-que-j-ecrive-ma-page-wikipedia-moi-meme-voici-malachi-hawkes-le-jeune-pilier-de-toulouse_62069318.html\" target=\"_blank\" rel=\"noopener\">Malachi Hawkes<\/a>, en pr\u00eat \u00e0 Provence Rugby. Il devrait jouer samedi.<\/p>\n<p class=\" wall-content\">\u00c0 droite, Toulouse devra faire sans Dorian Aldegheri (XV de France), Joel Merkler (mollet) et Paul Mallez (cervicales). Les solutions ? <strong>David Ainu\u2019u va d\u00e9panner et sera tr\u00e8s probablement titulaire<\/strong>. En doublure, \u00e7a devrait se jouer entre l\u2019Argentin Tomas Rapetti (en s\u00e9lection en d\u00e9but de semaine, retour jeudi) et Mohamed Megherbi (international U20). \u00c0 moins \u00ab\u00a0d\u2019un miracle\u00a0\u00bb concernant Georges-Henri Colombe. <a href=\"https:\/\/actu.fr\/occitanie\/toulouse_31555\/georges-henri-colombe-toulouse-evacue-sur-civiere-apres-un-deblayage-de-ma-a-nonu_63353983.html\" target=\"_blank\" rel=\"noopener\">\u00c9vacu\u00e9 sur civi\u00e8re contre Toulon<\/a>, le pilier n\u2019a pas fait l\u2019objet d\u2019une commotion. Les nouvelles concernant ses cervicales sont \u00ab\u00a0tr\u00e8s rassurantes\u00a0\u00bb selon l\u2019encadrement toulousain. L\u2019ex-Rochelais n\u2019\u00e9tait pas \u00e0 l\u2019entra\u00eenement ce mardi, mais son forfait n\u2019est pas encore s\u00fbr \u00e0 100%.<\/p>\n<p>Deuxi\u00e8me ligne : place \u00e0 la jeunesse<\/p>\n<p class=\" wall-content\">Face au Stade Fran\u00e7ais, pas de Flament (XV de France), Meafou (XV de France) et Brennan (bless\u00e9). Excellent l\u2019an pass\u00e9, <strong>Cl\u00e9ment Verg\u00e9<\/strong> sera appel\u00e9 \u00e0 \u00eatre le leader de la deuxi\u00e8me ligne samedi. \u00c0 ses c\u00f4t\u00e9s, on devrait retrouver l\u2019Argentine <strong>Efrain Elias<\/strong>, qui comme Rapetti, Mallia et Chocobares, a \u00e9t\u00e9 convoqu\u00e9 pour un stage bref avec son \u00e9quipe nationale.<\/p>\n<p class=\" wall-content\">Sur le banc, \u00e7a sera tr\u00e8s jeune. Rom\u00e9o Bonnard-Martin (fils de l\u2019ex-international R\u00e9my Martin) pourrait faire sa premi\u00e8re feuille de match. Toulouse a aussi rappel\u00e9 pour la semaine Rapha\u00ebl Portat, actuellement en pr\u00eat \u00e0 Provence Rugby, et qui a disput\u00e9 les quatre derni\u00e8res journ\u00e9es de Pro D2.<\/p>\n<p>    <img   decoding=\"async\" loading=\"lazy\" src=\"https:\/\/www.europesays.com\/fr\/wp-content\/uploads\/2025\/10\/jack-willis-ugo-mola-stade-toulousain-960x640.jpg\" alt=\"Faire tomber la forteresse de Bayonne : la mission du tr\u00e8s constant 3e ligne Jack Willis et de son manager Ugo Mola\" width=\"960\" height=\"640\"\/><br \/>\n    L\u2019Anglais Jack Willis sera le leader du pack de Toulouse lors du Clasico face au Stade Fran\u00e7ais. (\u00a9Icon Sport)<\/p>\n<p>Votre r\u00e9gion, votre actu !<\/p>\n<p>Recevez chaque jour les infos qui comptent pour vous.<\/p>\n<p>\t<a href=\"https:\/\/actu.fr\/newsletter\" class=\"ac-btn ac-btn--corner ac-btn--medium ac-btn--blue800\" target=\"_blank\" rel=\"noopener\">S&rsquo;incrire<\/a><br \/>\nTroisi\u00e8me ligne : Toujours pas de Cros<\/p>\n<p class=\" wall-content\">En troisi\u00e8me ligne, les solutions sont \u00e9galement rares pour Toulouse. Anthony Jelonch va rester avec le XV de France, alors que L\u00e9o Banos, Th\u00e9o Ntamack (cheville) et Fran\u00e7ois Cros (genou) pointent \u00e0 l\u2019infirmerie. Ntamack souffre d\u2019une entorse, mais comme Colombe, les nouvelles sont jug\u00e9es \u00ab\u00a0rassurantes\u00a0\u00bb en interne. On n\u2019en saura un peu plus durant la semaine. Concernant Cros, le Stade Toulousain a d\u00e9cid\u00e9 de prendre son temps avec l\u2019international, afin que son probl\u00e8me \u00e0 un genou ne revienne pas au cours de la saison.<\/p>\n<p class=\" wall-content\">Bref, la 3e ligne devrait \u00eatre compos\u00e9e de <strong>Roumat<\/strong>, <strong>Willis<\/strong> et <strong>Castro-Ferreira<\/strong>. Reste \u00e0 voir quelle sera la solution sur le banc. Le jeune Lomig Jouanny, qui a disput\u00e9 son seul match de Top 14 en mai 2024, postule.<\/p>\n<p class=\" wall-content\">Si malgr\u00e9 les absences, Toulouse peut aligner un pack titulaire coh\u00e9rent pour le Clasico, \u00e7a devrait en revanche \u00eatre jeune et inexp\u00e9riment\u00e9 sur le banc.\u00a0<\/p>\n<p class=\" wall-content\">Personnalisez votre actualit\u00e9 en ajoutant vos villes et m\u00e9dias en favori avec <a href=\"https:\/\/moncompte.actu.fr\" title=\"D\u00e9couvez Mon Actu\" rel=\"nofollow noopener\" data-trk=\"{&quot;cta&quot;:{&quot;action&quot;:&quot;https:\\\/\\\/moncompte.actu.fr&quot;,&quot;category&quot;:&quot;mon compte&quot;,&quot;from&quot;:&quot;article footer&quot;,&quot;name&quot;:&quot;Mon actu&quot;,&quot;type&quot;:&quot;cta&quot;}}\" target=\"_blank\">Mon Actu<\/a>.<\/p>\n","protected":false},"excerpt":{"rendered":"Par Cl\u00e9ment Mazella Publi\u00e9 le 28 oct. 2025 \u00e0 17h45 Toulouse va-t-il demander \u00e0 Joe Tekori, actuellement en&hellip;\n","protected":false},"author":2,"featured_media":495853,"comment_status":"","ping_status":"","sticky":false,"template":"","format":"standard","meta":{"footnotes":""},"categories":[2816],"tags":[1111,11,1777,674,1011,27,12,2680,25,479,60,476,478,2312],"class_list":{"0":"post-495852","1":"post","2":"type-post","3":"status-publish","4":"format-standard","5":"has-post-thumbnail","7":"category-toulouse","8":"tag-actu","9":"tag-actualites","10":"tag-eu","11":"tag-europe","12":"tag-fr","13":"tag-france","14":"tag-news","15":"tag-occitanie","16":"tag-republique-francaise","17":"tag-rugby","18":"tag-sports","19":"tag-stade-toulousain","20":"tag-top-14","21":"tag-toulouse"},"share_on_mastodon":{"url":"https:\/\/pubeurope.com\/@fr\/115452933033373280","error":""},"_links":{"self":[{"href":"https:\/\/www.europesays.com\/fr\/wp-json\/wp\/v2\/posts\/495852","targetHints":{"allow":["GET"]}}],"collection":[{"href":"https:\/\/www.europesays.com\/fr\/wp-json\/wp\/v2\/posts"}],"about":[{"href":"https:\/\/www.europesays.com\/fr\/wp-json\/wp\/v2\/types\/post"}],"author":[{"embeddable":true,"href":"https:\/\/www.europesays.com\/fr\/wp-json\/wp\/v2\/users\/2"}],"replies":[{"embeddable":true,"href":"https:\/\/www.europesays.com\/fr\/wp-json\/wp\/v2\/comments?post=495852"}],"version-history":[{"count":0,"href":"https:\/\/www.europesays.com\/fr\/wp-json\/wp\/v2\/posts\/495852\/revisions"}],"wp:featuredmedia":[{"embeddable":true,"href":"https:\/\/www.europesays.com\/fr\/wp-json\/wp\/v2\/media\/495853"}],"wp:attachment":[{"href":"https:\/\/www.europesays.com\/fr\/wp-json\/wp\/v2\/media?parent=495852"}],"wp:term":[{"taxonomy":"category","embeddable":true,"href":"https:\/\/www.europesays.com\/fr\/wp-json\/wp\/v2\/categories?post=495852"},{"taxonomy":"post_tag","embeddable":true,"href":"https:\/\/www.europesays.com\/fr\/wp-json\/wp\/v2\/tags?post=495852"}],"curies":[{"name":"wp","href":"https:\/\/api.w.org\/{rel}","templated":true}]}}