{"id":495854,"date":"2025-10-28T17:18:15","date_gmt":"2025-10-28T17:18:15","guid":{"rendered":"https:\/\/www.europesays.com\/fr\/495854\/"},"modified":"2025-10-28T17:18:15","modified_gmt":"2025-10-28T17:18:15","slug":"vieux-lille-tom-et-arthur-ouvrent-motion-un-bar-immersif-pour-les-audiophiles-artistes-et-epicuriens","status":"publish","type":"post","link":"https:\/\/www.europesays.com\/fr\/495854\/","title":{"rendered":"Vieux-Lille. Tom et Arthur ouvrent Motion, un bar immersif pour les audiophiles, artistes et \u00e9picuriens"},"content":{"rendered":"<p>            Par<br \/>\n        <strong><br \/>\n            <a href=\"https:\/\/actu.fr\/auteur\/hervine-mahaud\" title=\"Consulter tous les articles de Hervine Mahaud\" target=\"_blank\" rel=\"noopener\">Hervine Mahaud<\/a><br \/>\n        <\/strong><\/p>\n<p>        Publi\u00e9 le<\/p>\n<p>            28 oct. 2025 \u00e0 17h36        <\/p>\n<p>Un nouveau concept va bient\u00f4t \u00e9lectriser le <a href=\"https:\/\/actu.fr\/lille\/\" target=\"_blank\" rel=\"noopener\">Vieux-Lille<\/a>. <b>Tom Wacheux<\/b> et <b>Arthur Flipo<\/b> s\u2019appr\u00eatent \u00e0 ouvrir <b>Motion<\/b>, un <b>bar immersif<\/b> avec une <b>double proposition<\/b>. D\u2019un c\u00f4t\u00e9, l\u2019immersion se fera par la <b>musique<\/b> ; de l\u2019autre, gr\u00e2ce \u00e0 des <b>exp\u00e9riences visuelles<\/b> g\u00e9n\u00e9r\u00e9es par l\u2019<b>intelligence artificielle<\/b>. Motion s\u2019adresse ainsi \u00e0 tous ceux qui aiment la musique, la cr\u00e9ativit\u00e9 et les ambiances singuli\u00e8res, aux \u00ab\u00a0audiophiles, artistes et \u00e9picuriens\u00a0\u00bb.<\/p>\n<p>Un lieu hybride, entre \u00e9l\u00e9gance et convivialit\u00e9<\/p>\n<p class=\" wall-content\">En plein c\u0153ur du <b>Vieux-Lille<\/b>, Motion compte bien se distinguer dans un quartier d\u00e9j\u00e0 riche en adresses festives. \u00ab\u00a0\u00c0 Lille, il y a un gros turnover dans les bars. <b>Il faut savoir se renouveler<\/b>\u00ab\u00a0, expliquent d\u2019entr\u00e9e de jeu les fondateurs. Alors pour faire la diff\u00e9rence, ils ont imagin\u00e9 un<b> concept encore jamais vu<\/b> dans la capitale des Flandres : un <b>bar immersif<\/b> et <b>audiophile<\/b>, avec une dose d\u2019<b>intelligence artificielle g\u00e9n\u00e9rative<\/b>, pour cr\u00e9er une <b>exp\u00e9rience totalement in\u00e9dite<\/b>. \u00ab\u00a0L\u2019immersion est partout aujourd\u2019hui, mais notre approche, m\u00ealant son, image et interaction, sera unique\u00a0\u00bb, promettent Tom et Arthur.<\/p>\n<p class=\" wall-content\">\u00ab\u00a0Ce sera un <b>endroit \u00e9l\u00e9gant et l\u00e9ch\u00e9<\/b>, mais avant tout <b>convivial<\/b>\u00ab\u00a0, explique<b> <\/b>Tom Wacheux, <b>DJ<\/b> et ancien <b>manager commercial<\/b>. \u00ab\u00a0On veut que les gens s\u2019y sentent bien, comme \u00e0 la maison, mais dans un cadre qui stimule les sens. Ce ne sera pas un bar haut de gamme, mais un<b> lieu qualitatif et chaleureux<\/b>.\u00a0\u00bb<\/p>\n<p class=\" wall-content\">Motion veut s\u2019adresser \u00e0 un <b>public curieux, cr\u00e9atif, en qu\u00eate de nouveaut\u00e9<\/b>. \u00ab\u00a0On veut accueillir des esth\u00e8tes, des gens qui aiment s\u2019entourer de cr\u00e9ativit\u00e9, qui veulent s\u2019inspirer\u00a0\u00bb, explique Arthur Flipo, ancien entrepreneur dans la <b>tech<\/b>.<\/p>\n<p>Deux salles, deux atmosph\u00e8res : entre tradition et modernit\u00e9<\/p>\n<p class=\" wall-content\">Install\u00e9 dans un local rest\u00e9 vide depuis plusieurs ann\u00e9es, Motion s\u2019\u00e9tendra sur <b>une cinquantaine de m\u00e8tres carr\u00e9s<\/b>, avec <b>une terrasse<\/b> \u00e0 venir. Le lieu, repens\u00e9 dans les moindres d\u00e9tails, proposera <b>deux salles aux ambiances bien distinctes<\/b>.<\/p>\n<p class=\" wall-content\"><a href=\"https:\/\/www.instagram.com\/p\/DQJ_viVDGn8\/embed\" title=\"Ouvrir le lien sur Instagram\" target=\"_blank\" rel=\"noopener\">Visualiser le contenu sur Instagram<\/a><\/p>\n<p class=\" wall-content\">La <b>premi\u00e8re salle<\/b> rend hommage \u00e0 la pure tradition sonore. Ici, pas d\u2019intelligence artificielle, mais un <b>bar de cinq m\u00e8tres de long<\/b>, c\u0153ur battant du lieu, autour duquel les visiteurs pourront s\u2019asseoir pour \u00e9couter du <b>jazz, du rock, de la new wave ou encore de la house des ann\u00e9es 90<\/b>. L\u2019acoustique y a \u00e9t\u00e9 minutieusement travaill\u00e9e : sol de studio, plafond alv\u00e9ol\u00e9, platines vinyles et une \u00e9coute immersive, proche de l\u2019exp\u00e9rience audiophile.<\/p>\n<p class=\" wall-content\">\u00ab\u00a0On voulait un espace \u00e9l\u00e9gant mais convivial, o\u00f9 l\u2019on prend le temps d\u2019\u00e9couter, o\u00f9 le son est central, sans distraction\u00a0\u00bb, pr\u00e9cise Tom.<\/p>\n<p>Votre r\u00e9gion, votre actu !<\/p>\n<p>Recevez chaque jour les infos qui comptent pour vous.<\/p>\n<p>\t<a href=\"https:\/\/actu.fr\/newsletter\" class=\"ac-btn ac-btn--corner ac-btn--medium ac-btn--blue800\" target=\"_blank\" rel=\"noopener\">S&rsquo;incrire<\/a><\/p>\n<p class=\" wall-content\">Derri\u00e8re une porte dissimul\u00e9e, la <b>seconde salle<\/b> plonge dans un tout autre univers : un espace immersif et visuel \u00e9quip\u00e9 d\u2019une <b>dizaine de vid\u00e9oprojecteurs<\/b> et de <b>technologies d\u2019intelligence artificielle g\u00e9n\u00e9rative<\/b>. Un syst\u00e8me qui permet d\u2019envelopper le public dans des projections \u00e0 360\u00b0.\u00a0 \u00ab\u00a0C\u2019est la grande particularit\u00e9 de Motion, confie Arthur. On voulait montrer <b>tout ce que l\u2019IA peut apporter de cr\u00e9atif et d\u2019artistique<\/b>.\u00a0\u00bb<\/p>\n<p class=\" wall-content\">Les images \u00e9voluent au rythme des sons, cr\u00e9ant des <b>exp\u00e9riences sensorielles uniques<\/b>. Plage, ville mythique, espace, univers abstrait\u2026 chaque soir\u00e9e proposera un th\u00e8me diff\u00e9rent. L\u2019exp\u00e9rience sera <b>interactive<\/b> : les projections r\u00e9agiront aux <b>mouvements du DJ<\/b> ou des clients. \u00ab\u00a0Si quelqu\u2019un bouge la main, il pourra par exemple faire appara\u00eetre une \u00e9toile. On veut que les gens s\u2019amusent, qu\u2019ils s\u2019\u00e9merveillent, qu\u2019ils comprennent le potentiel artistique de l\u2019IA\u00a0\u00bb, poursuit Arthur.<\/p>\n<p>Une carte soign\u00e9e et des produits de qualit\u00e9<\/p>\n<p class=\" wall-content\">C\u00f4t\u00e9 bar, la qualit\u00e9 restera le mot d\u2019ordre. \u00ab\u00a0On proposera une finger food simple mais bien faite, avec des produits bien sourc\u00e9s\u00a0\u00bb, d\u00e9taille Tom. Pour trinquer, <b>cocktails classiques<\/b>, <b>vins<\/b> et\u00a0<b>bi\u00e8res locales \u00e0 la pression<\/b> seront propos\u00e9s.<\/p>\n<p class=\" wall-content\"><b>Motion<\/b> promet d\u2019\u00eatre <b>l\u2019un des lieux les plus attendus de la fin d\u2019ann\u00e9e \u00e0 Lille<\/b>, un bar o\u00f9 la f\u00eate, la technologie et la cr\u00e9ativit\u00e9 ne feront plus qu\u2019un. En attendant l\u2019ouverture, pr\u00e9vue en d\u00e9cembre prochain, vous pouvez d\u2019ores et d\u00e9j\u00e0 <a href=\"https:\/\/www.instagram.com\/motion.lille\/?hl=fr\" target=\"_blank\" rel=\"noopener\">suivre Motion sur Instagram<\/a>.<\/p>\n<p class=\" wall-content\">Personnalisez votre actualit\u00e9 en ajoutant vos villes et m\u00e9dias en favori avec <a href=\"https:\/\/moncompte.actu.fr\" title=\"D\u00e9couvez Mon Actu\" rel=\"nofollow noopener\" data-trk=\"{&quot;cta&quot;:{&quot;action&quot;:&quot;https:\\\/\\\/moncompte.actu.fr&quot;,&quot;category&quot;:&quot;mon compte&quot;,&quot;from&quot;:&quot;article footer&quot;,&quot;name&quot;:&quot;Mon actu&quot;,&quot;type&quot;:&quot;cta&quot;}}\" target=\"_blank\">Mon Actu<\/a>.<\/p>\n<p>                    <script async src=\"\/\/www.instagram.com\/embed.js\"><\/script><\/p>\n","protected":false},"excerpt":{"rendered":"Par Hervine Mahaud Publi\u00e9 le 28 oct. 2025 \u00e0 17h36 Un nouveau concept va bient\u00f4t \u00e9lectriser le Vieux-Lille.&hellip;\n","protected":false},"author":2,"featured_media":495855,"comment_status":"","ping_status":"","sticky":false,"template":"","format":"standard","meta":{"footnotes":""},"categories":[2815],"tags":[1111,11,33,1777,674,1011,27,811,223,1307,12,3147,25],"class_list":{"0":"post-495854","1":"post","2":"type-post","3":"status-publish","4":"format-standard","5":"has-post-thumbnail","7":"category-lille","8":"tag-actu","9":"tag-actualites","10":"tag-economie","11":"tag-eu","12":"tag-europe","13":"tag-fr","14":"tag-france","15":"tag-hauts-de-france","16":"tag-intelligence-artificielle","17":"tag-lille","18":"tag-news","19":"tag-nouveaux-commerces","20":"tag-republique-francaise"},"share_on_mastodon":{"url":"https:\/\/pubeurope.com\/@fr\/115452936775490308","error":""},"_links":{"self":[{"href":"https:\/\/www.europesays.com\/fr\/wp-json\/wp\/v2\/posts\/495854","targetHints":{"allow":["GET"]}}],"collection":[{"href":"https:\/\/www.europesays.com\/fr\/wp-json\/wp\/v2\/posts"}],"about":[{"href":"https:\/\/www.europesays.com\/fr\/wp-json\/wp\/v2\/types\/post"}],"author":[{"embeddable":true,"href":"https:\/\/www.europesays.com\/fr\/wp-json\/wp\/v2\/users\/2"}],"replies":[{"embeddable":true,"href":"https:\/\/www.europesays.com\/fr\/wp-json\/wp\/v2\/comments?post=495854"}],"version-history":[{"count":0,"href":"https:\/\/www.europesays.com\/fr\/wp-json\/wp\/v2\/posts\/495854\/revisions"}],"wp:featuredmedia":[{"embeddable":true,"href":"https:\/\/www.europesays.com\/fr\/wp-json\/wp\/v2\/media\/495855"}],"wp:attachment":[{"href":"https:\/\/www.europesays.com\/fr\/wp-json\/wp\/v2\/media?parent=495854"}],"wp:term":[{"taxonomy":"category","embeddable":true,"href":"https:\/\/www.europesays.com\/fr\/wp-json\/wp\/v2\/categories?post=495854"},{"taxonomy":"post_tag","embeddable":true,"href":"https:\/\/www.europesays.com\/fr\/wp-json\/wp\/v2\/tags?post=495854"}],"curies":[{"name":"wp","href":"https:\/\/api.w.org\/{rel}","templated":true}]}}