{"id":495861,"date":"2025-10-28T17:22:09","date_gmt":"2025-10-28T17:22:09","guid":{"rendered":"https:\/\/www.europesays.com\/fr\/495861\/"},"modified":"2025-10-28T17:22:09","modified_gmt":"2025-10-28T17:22:09","slug":"vueling-casse-les-prix-entre-lyon-et-cette-destination-populaire-des-billets-a-22-euros","status":"publish","type":"post","link":"https:\/\/www.europesays.com\/fr\/495861\/","title":{"rendered":"Vueling casse les prix entre Lyon et cette destination populaire, des billets \u00e0 22 euros"},"content":{"rendered":"<p>            Par<br \/>\n        <strong><br \/>\n            <a href=\"https:\/\/actu.fr\/auteur\/redaction-lyon\" title=\"Consulter tous les articles de R\u00e9daction Lyon\" target=\"_blank\" rel=\"noopener\">R\u00e9daction Lyon<\/a><br \/>\n        <\/strong><\/p>\n<p>        Publi\u00e9 le<\/p>\n<p>            28 oct. 2025 \u00e0 18h08        <\/p>\n<p>Des prix cass\u00e9s pendant trois jours seulement. La compagnie espagnole <a href=\"https:\/\/actu.fr\/ile-de-france\/orly_94054\/aeroport-de-paris-orly-vueling-annonce-l-ouverture-d-une-nouvelle-ligne-vers-des-paysages-idylliques_62254247.html\" target=\"_blank\" rel=\"noopener\">Vueling<\/a>, qui est bas\u00e9e \u00e0 l\u2019<a href=\"https:\/\/actu.fr\/tag\/aeroport-lyon-saint-exupery\" target=\"_blank\" rel=\"noopener\">a\u00e9roport de Lyon Saint-Exup\u00e9ry<\/a>, lance d\u00e8s ce mardi 28 octobre une op\u00e9ration promotionnelle o\u00f9 elle brade ses billets vers plusieurs destinations, notamment Londres, Barcelone, Bilbao, les Iles Canaries et Ibiza. La <strong>ligne directe Lyon-Barcelone<\/strong> est concern\u00e9e par l\u2019offre qui s\u2019ach\u00e8ve le 31 octobre.<\/p>\n<p class=\" wall-content\">\u00ab\u00a0Cette offre permet aux passagers de r\u00e9server leurs billets pour des destinations pris\u00e9es \u00e0 des tarifs imbattables, pour des voyages jusqu\u2019en mars 2026\u00a0\u00bb, explique la compagnie dans un communiqu\u00e9 ce mardi.<\/p>\n<p>Des billets d\u00e8s 22 euros l\u2019aller<\/p>\n<p class=\" wall-content\">La promotion permet de s\u2019offrir des billets d\u00e8s <strong>22 euros l\u2019aller par voyageur<\/strong> entre Lyon et la capitale de la Catalogne. Ce prix est propos\u00e9 pour des voyages en d\u00e9cembre, janvier, f\u00e9vrier et mars prochain.<\/p>\n<p class=\" wall-content\">Les prix cass\u00e9s sont valables pour des r\u00e9servations du 1\u1d49\u02b3 novembre 2025 au 31 mars 2026. Attention, ce type de billet permet uniquement d\u2019embarquer avec <strong>un bagage \u00e0 mains (max. 40x30x20 cm)<\/strong> sinon le prix sera plus \u00e9lev\u00e9 au moment de la r\u00e9servation (bagage dans le compartiment sup\u00e9rieur, bagage de 15 kilos\u2026). L\u2019offre sp\u00e9ciale s\u2019arr\u00eate le 31 octobre 2025 au soir.<\/p>\n<p class=\" wall-content\">Personnalisez votre actualit\u00e9 en ajoutant vos villes et m\u00e9dias en favori avec <a href=\"https:\/\/moncompte.actu.fr\" title=\"D\u00e9couvez Mon Actu\" rel=\"nofollow noopener\" data-trk=\"{&quot;cta&quot;:{&quot;action&quot;:&quot;https:\\\/\\\/moncompte.actu.fr&quot;,&quot;category&quot;:&quot;mon compte&quot;,&quot;from&quot;:&quot;article footer&quot;,&quot;name&quot;:&quot;Mon actu&quot;,&quot;type&quot;:&quot;cta&quot;}}\" target=\"_blank\">Mon Actu<\/a>.<\/p>\n","protected":false},"excerpt":{"rendered":"Par R\u00e9daction Lyon Publi\u00e9 le 28 oct. 2025 \u00e0 18h08 Des prix cass\u00e9s pendant trois jours seulement. La&hellip;\n","protected":false},"author":2,"featured_media":495862,"comment_status":"","ping_status":"","sticky":false,"template":"","format":"standard","meta":{"footnotes":""},"categories":[1889],"tags":[1111,11,12526,2430,1777,674,3727,1011,27,1652,2428,12,25,586],"class_list":{"0":"post-495861","1":"post","2":"type-post","3":"status-publish","4":"format-standard","5":"has-post-thumbnail","7":"category-lyon","8":"tag-actu","9":"tag-actualites","10":"tag-aeroport-lyon-saint-exupery","11":"tag-auvergne-rhone-alpes","12":"tag-eu","13":"tag-europe","14":"tag-evasion","15":"tag-fr","16":"tag-france","17":"tag-loisirs-culture","18":"tag-lyon","19":"tag-news","20":"tag-republique-francaise","21":"tag-voyage"},"share_on_mastodon":{"url":"https:\/\/pubeurope.com\/@fr\/115452952258757100","error":""},"_links":{"self":[{"href":"https:\/\/www.europesays.com\/fr\/wp-json\/wp\/v2\/posts\/495861","targetHints":{"allow":["GET"]}}],"collection":[{"href":"https:\/\/www.europesays.com\/fr\/wp-json\/wp\/v2\/posts"}],"about":[{"href":"https:\/\/www.europesays.com\/fr\/wp-json\/wp\/v2\/types\/post"}],"author":[{"embeddable":true,"href":"https:\/\/www.europesays.com\/fr\/wp-json\/wp\/v2\/users\/2"}],"replies":[{"embeddable":true,"href":"https:\/\/www.europesays.com\/fr\/wp-json\/wp\/v2\/comments?post=495861"}],"version-history":[{"count":0,"href":"https:\/\/www.europesays.com\/fr\/wp-json\/wp\/v2\/posts\/495861\/revisions"}],"wp:featuredmedia":[{"embeddable":true,"href":"https:\/\/www.europesays.com\/fr\/wp-json\/wp\/v2\/media\/495862"}],"wp:attachment":[{"href":"https:\/\/www.europesays.com\/fr\/wp-json\/wp\/v2\/media?parent=495861"}],"wp:term":[{"taxonomy":"category","embeddable":true,"href":"https:\/\/www.europesays.com\/fr\/wp-json\/wp\/v2\/categories?post=495861"},{"taxonomy":"post_tag","embeddable":true,"href":"https:\/\/www.europesays.com\/fr\/wp-json\/wp\/v2\/tags?post=495861"}],"curies":[{"name":"wp","href":"https:\/\/api.w.org\/{rel}","templated":true}]}}