{"id":495863,"date":"2025-10-28T17:23:13","date_gmt":"2025-10-28T17:23:13","guid":{"rendered":"https:\/\/www.europesays.com\/fr\/495863\/"},"modified":"2025-10-28T17:23:13","modified_gmt":"2025-10-28T17:23:13","slug":"toujours-des-gens-qui-raleront","status":"publish","type":"post","link":"https:\/\/www.europesays.com\/fr\/495863\/","title":{"rendered":"Toujours des gens qui r\u00e2leront"},"content":{"rendered":"<p>            Par<br \/>\n        <strong><br \/>\n            <a href=\"https:\/\/actu.fr\/auteur\/julien-sournies\" title=\"Consulter tous les articles de Julien Sournies\" target=\"_blank\" rel=\"noopener\">Julien Sournies<\/a><br \/>\n        <\/strong><\/p>\n<p>        Publi\u00e9 le<\/p>\n<p>            28 oct. 2025 \u00e0 18h18        <\/p>\n<p>Elle demeure source de frustration pour nombre de riverains depuis la nuit des temps \u00e0 <a href=\"https:\/\/actu.fr\/lyon\/\" target=\"_blank\" rel=\"noopener\">Lyon<\/a>. Revenue sur son fief du plateau de la Croix-Rousse (4e\/1e arrondissement) le 4 octobre dernier, la <a href=\"https:\/\/actu.fr\/auvergne-rhone-alpes\/lyon_69123\/lyon-la-celebre-vogue-des-marrons-revient-tcl-horaires-voici-tout-ce-qu-il-faut-savoir_63232130.html\" target=\"_blank\" rel=\"noopener\">c\u00e9l\u00e8bre Vogue des Marrons<\/a>, institution vieille de plus de 150\u00a0ans dans la capitale des Gaules, peut g\u00e9n\u00e9rer des <strong>nuisances sonores<\/strong>, notamment en p\u00e9riode de vacances scolaires.<br \/>\u00ab\u2009Comme ce mardi apr\u00e8s-midi o\u00f9 il fait beau, les gens sont nombreux \u00e0 venir. Il faut s\u2019attendre \u00e0 ce que les enfants se mettent \u00e0 hurler non-stop. C\u2019est souvent aga\u00e7ant. Mais bon, que voulez-vous qu\u2019on y fasse\u2009?\u2009\u00bb, souffle une habitante dont l\u2019appartement se situe \u00e0 proximit\u00e9 directe des stands et man\u00e8ges. Reportage.<\/p>\n<p>\u00ab\u2009\u00c7a peut vite \u00eatre aga\u00e7ant\u2009\u00bb<\/p>\n<p class=\" wall-content\">M\u00eame son de cloche du c\u00f4t\u00e9 de Pierre\u2009: \u00ab\u2009Je ne suis pas contre un peu d\u2019animation dans le quartier de temps en temps, mais je pense sinc\u00e8rement qu\u2019il ne s\u2019agit pas du lieu adapt\u00e9 pour un tel \u00e9v\u00e9nement. Il y a beaucoup d\u2019habitations \u00e0 c\u00f4t\u00e9 et c\u2019est clair que des fois \u00e7a peut vite \u00eatre <strong>aga\u00e7ant<\/strong> pour les gens qui bossent en t\u00e9l\u00e9travail comme moi souvent.\u2009\u00bb<\/p>\n<p>    <img   decoding=\"async\" loading=\"lazy\" src=\"https:\/\/www.europesays.com\/fr\/wp-content\/uploads\/2025\/10\/vogue-des-marrons-croix-rousse-3-960x640.jpg\" alt=\"Le man\u00e8ge \u00e0 sensation forte \" width=\"960\" height=\"640\"\/><br \/>\n    Le man\u00e8ge \u00e0 sensation forte \u00ab\u2009Hugh Energy\u2009\u00bb est l\u2019une des attractions \u00ab\u2009bruyantes\u2009\u00bb point\u00e9es du doigt par les riverains. (\u00a9Julien Sournies \/ actu Lyon)<\/p>\n<p class=\" wall-content\">Si le man\u00e8ge \u00e0 sensation forte \u00ab\u2009Le Speed\u2009\u00bb a \u00e9t\u00e9 <strong>retir\u00e9<\/strong> au profit de la grande-roue et l\u2019amplitude horaire <strong>r\u00e9duite<\/strong>, Nathalie estime que ce n\u2019est pas suffisant. \u00ab\u2009C\u2019est bien beau, mais il en reste d\u2019autres. Tant qu\u2019il restera encore des man\u00e8ges de ce genre, le probl\u00e8me tournera en rond\u2009\u00bb, cingle-t-elle.<\/p>\n<p>\u00ab\u2009Malheureusement, ces personnes ne voient pas tous les efforts que nous faisons\u2009\u00bb<\/p>\n<p class=\" wall-content\">Malgr\u00e9 les griefs, les forains assurent toutefois faire \u00ab\u2009beaucoup d\u2019efforts\u2009\u00bb ces derni\u00e8res ann\u00e9es pour \u00e9viter de g\u00eaner les habitants. \u00ab\u2009De toute fa\u00e7on, il y aura toujours des gens qui r\u00e2leront, on ne peut rien y faire. Malheureusement, ces personnes ne voient pas tous les efforts que nous faisons depuis 2020. Mais surtout, il faut qu\u2019ils sachent que contrairement aux autres f\u00eates foraines,<strong> il n\u2019y a pas de sonorisation<\/strong> et \u00e7a, on y tient\u2009\u00bb, t\u00e9moigne Thierry Boulet, responsable communication de la Vogue des Marrons.<\/p>\n<blockquote class=\"ac-article-quote wall-content\">\n<p>Il n&rsquo;y a pas de musique. On n&rsquo;a que les klaxons pour les arr\u00eats d&rsquo;urgence ou le d\u00e9marrage des man\u00e8ges. On n&rsquo;a que la nuisance des machines. Mais \u00e7a, malheureusement, on ne peut rien y faire.<\/p>\n<p>    <strong>Thierry Boulet<\/strong><br \/>\n        Responsable communication de la Vogue des Marrons.    <\/p><\/blockquote>\n<p class=\" wall-content\">Ce dernier rappelle par ailleurs que la Vogue des Marrons ne dure plus que six week-ends au lieu de trois mois autrefois. \u00ab\u2009Les vrais habitants de la Croix-Rousse devraient prendre \u00e7a en compte au lieu de <strong>taper<\/strong> sur les forains et les man\u00e8ges\u2009\u00bb, proteste Thierry Boulet.<\/p>\n<p>Votre r\u00e9gion, votre actu !<\/p>\n<p>Recevez chaque jour les infos qui comptent pour vous.<\/p>\n<p>\t<a href=\"https:\/\/actu.fr\/newsletter\" class=\"ac-btn ac-btn--corner ac-btn--medium ac-btn--blue800\" target=\"_blank\" rel=\"noopener\">S&rsquo;incrire<\/a><\/p>\n<p>    <img   decoding=\"async\" loading=\"lazy\" src=\"https:\/\/www.europesays.com\/fr\/wp-content\/uploads\/2025\/10\/vogue-des-marrons-croix-rousse-2-960x640.jpg\" alt=\"La grande\" width=\"960\" height=\"640\"\/><br \/>\n    Le man\u00e8ge \u00e0 sensation forte \u00ab\u2009Le Speed\u2009\u00bb a \u00e9t\u00e9 retir\u00e9 au profit de la grande-roue. (\u00a9Julien Sournies \/ actu Lyon)<\/p>\n<p class=\" wall-content\">\u00ab\u2009C\u2019est l\u2019une des derni\u00e8res grosses f\u00eates foraines de France en centre-ville. Il faut absolument la garder dans l\u2019\u00e9tat. M\u00eame si nous sommes conscients que l\u2019on peut g\u00eaner les habitants, il faut aussi noter que notre activit\u00e9 profite aux commer\u00e7ants des alentours qui font plus 50\u2009% en plus sur leur chiffre d\u2019affaires quand nous sommes l\u00e0\u2009\u00bb, insiste-t-il.<\/p>\n<p>\u00ab\u2009Il faut trouver un \u00e9quilibre\u2009\u00bb<\/p>\n<p class=\" wall-content\">Si un <a href=\"https:\/\/actu.fr\/auvergne-rhone-alpes\/lyon_69123\/lyon-la-vogue-des-marrons-doit-s-adapter-ces-riverains-disent-stop-aux-degats_60356298.html\" target=\"_blank\" rel=\"noopener\">collectif de riverains en col\u00e8re<\/a> s\u2019est d\u00e9j\u00e0 mont\u00e9 voil\u00e0 deux ans pour faire bouger les choses, la municipalit\u00e9 estime n\u00e9anmoins avoir d\u00e9j\u00e0 fait le \u00ab\u2009maximum\u2009\u00bb pour pallier la probl\u00e9matique de pollution sonore. \u00ab\u2009Si on veut aller plus loin, il faut ouvrir une nouvelle discussion avec les forains, mais aussi avec les habitants\u2009: qu\u2019est-ce qu\u2019on veut comme Vogue\u2009?\u2009\u00bb, indique le maire du 4\u1d49 arrondissement, R\u00e9mi Zinck, \u00e0 actu Lyon.<\/p>\n<p class=\" wall-content\">\u00ab\u2009Certains souhaiteraient une Vogue plus familiale, centr\u00e9e sur les enfants, avec de petits man\u00e8ges. Mais ce ne serait plus la Vogue telle qu\u2019on la conna\u00eet aujourd\u2019hui. Moi, je tiens \u00e0 ce que les adolescents aient aussi leur place. On parle souvent des enfants et des seniors, mais les 10-20\u00a0ans ont besoin d\u2019espaces pour eux\u2009\u00bb, poursuit l\u2019\u00e9lu.<\/p>\n<p class=\" wall-content\">Selon lui, il faudrait ainsi \u00ab\u2009trouver un <strong>\u00e9quilibre<\/strong>\u2009: \u00e9viter un \u00e9v\u00e9nement d\u00e9mesur\u00e9 pour un quartier r\u00e9sidentiel, avec ses \u00e9coles et ses habitants, mais ne pas non plus tomber dans une petite f\u00eate foraine de village\u2009\u00bb.\u00a0<\/p>\n<p class=\" wall-content\">Pour m\u00e9moire, l\u2019\u00e9dition 2025 s\u2019ach\u00e8ve le 11 novembre, et d\u2019ici l\u00e0, Thierry Boulet assure que les forains vont tout mettre en \u0153uvre pour continuer \u00e0 faire \u00ab\u00a0vivre pleinement le quartier, m\u00eame s\u2019il y aura encore et toujours des m\u00e9contents\u00a0\u00bb.<\/p>\n<p class=\" wall-content\">Personnalisez votre actualit\u00e9 en ajoutant vos villes et m\u00e9dias en favori avec <a href=\"https:\/\/moncompte.actu.fr\" title=\"D\u00e9couvez Mon Actu\" rel=\"nofollow noopener\" data-trk=\"{&quot;cta&quot;:{&quot;action&quot;:&quot;https:\\\/\\\/moncompte.actu.fr&quot;,&quot;category&quot;:&quot;mon compte&quot;,&quot;from&quot;:&quot;article footer&quot;,&quot;name&quot;:&quot;Mon actu&quot;,&quot;type&quot;:&quot;cta&quot;}}\" target=\"_blank\">Mon Actu<\/a>.<\/p>\n","protected":false},"excerpt":{"rendered":"Par Julien Sournies Publi\u00e9 le 28 oct. 2025 \u00e0 18h18 Elle demeure source de frustration pour nombre de&hellip;\n","protected":false},"author":2,"featured_media":495864,"comment_status":"","ping_status":"","sticky":false,"template":"","format":"standard","meta":{"footnotes":""},"categories":[1889],"tags":[1111,11,2430,2838,1777,674,11501,1011,27,2428,12,25,104],"class_list":{"0":"post-495863","1":"post","2":"type-post","3":"status-publish","4":"format-standard","5":"has-post-thumbnail","7":"category-lyon","8":"tag-actu","9":"tag-actualites","10":"tag-auvergne-rhone-alpes","11":"tag-croix-rousse","12":"tag-eu","13":"tag-europe","14":"tag-fete-foraine","15":"tag-fr","16":"tag-france","17":"tag-lyon","18":"tag-news","19":"tag-republique-francaise","20":"tag-societe"},"share_on_mastodon":{"url":"https:\/\/pubeurope.com\/@fr\/115452956689398916","error":""},"_links":{"self":[{"href":"https:\/\/www.europesays.com\/fr\/wp-json\/wp\/v2\/posts\/495863","targetHints":{"allow":["GET"]}}],"collection":[{"href":"https:\/\/www.europesays.com\/fr\/wp-json\/wp\/v2\/posts"}],"about":[{"href":"https:\/\/www.europesays.com\/fr\/wp-json\/wp\/v2\/types\/post"}],"author":[{"embeddable":true,"href":"https:\/\/www.europesays.com\/fr\/wp-json\/wp\/v2\/users\/2"}],"replies":[{"embeddable":true,"href":"https:\/\/www.europesays.com\/fr\/wp-json\/wp\/v2\/comments?post=495863"}],"version-history":[{"count":0,"href":"https:\/\/www.europesays.com\/fr\/wp-json\/wp\/v2\/posts\/495863\/revisions"}],"wp:featuredmedia":[{"embeddable":true,"href":"https:\/\/www.europesays.com\/fr\/wp-json\/wp\/v2\/media\/495864"}],"wp:attachment":[{"href":"https:\/\/www.europesays.com\/fr\/wp-json\/wp\/v2\/media?parent=495863"}],"wp:term":[{"taxonomy":"category","embeddable":true,"href":"https:\/\/www.europesays.com\/fr\/wp-json\/wp\/v2\/categories?post=495863"},{"taxonomy":"post_tag","embeddable":true,"href":"https:\/\/www.europesays.com\/fr\/wp-json\/wp\/v2\/tags?post=495863"}],"curies":[{"name":"wp","href":"https:\/\/api.w.org\/{rel}","templated":true}]}}