{"id":495865,"date":"2025-10-28T17:25:15","date_gmt":"2025-10-28T17:25:15","guid":{"rendered":"https:\/\/www.europesays.com\/fr\/495865\/"},"modified":"2025-10-28T17:25:15","modified_gmt":"2025-10-28T17:25:15","slug":"ile-de-france-des-transports-regionaux-encore-fragiles","status":"publish","type":"post","link":"https:\/\/www.europesays.com\/fr\/495865\/","title":{"rendered":"\u00cele-de-France\u00a0: des transports r\u00e9gionaux encore \u00ab\u00a0fragiles\u00a0\u00bb"},"content":{"rendered":"\n<p lang=\"fr-FR\" style=\"margin-bottom: 0cm; font-weight: normal;\">L\u2019UFC-Que Choisir publie une analyse de la qualit\u00e9 de service des transports ferroviaires r\u00e9gionaux. Leur fiabilit\u00e9 est tr\u00e8s variable selon les lignes. Des perturbations persistent sur les RER B, C et D. Alors que plus de 3,4 millions de Franciliens utilisent quotidiennement ces trains, les lignes B et D, parmi les plus fr\u00e9quent\u00e9es, affichent des taux de ponctualit\u00e9 inf\u00e9rieurs \u00e0 70 % et 80 %. L\u2019association d\u00e9nonce aussi un dispositif d\u2019indemnisation jug\u00e9 trop restrictif, qui ne prend pas en compte les annulations ou retards courts. Elle r\u00e9clame une transparence compl\u00e8te des donn\u00e9es de qualit\u00e9 de service ainsi qu\u2019une r\u00e9forme du syst\u00e8me de compensation.<\/p>\n<p lang=\"fr-FR\" style=\"margin-bottom: 0cm; font-weight: normal;\">\u00a0<\/p>\n<p lang=\"fr-FR\" style=\"margin-bottom: 0cm; font-weight: normal;\">Nicolas Chacun<\/p>\n<p>!function(f,b,e,v,n,t,s){if(f.fbq)return;n=f.fbq=function(){n.callMethod?<br \/>\nn.callMethod.apply(n,arguments):n.queue.push(arguments)};if(!f._fbq)f._fbq=n;<br \/>\nn.push=n;n.loaded=!0;n.version=&rsquo;2.0&prime;;n.queue=[];t=b.createElement(e);t.async=!0;<br \/>\nt.src=v;s=b.getElementsByTagName(e)[0];s.parentNode.insertBefore(t,s)}(window,<br \/>\ndocument,&rsquo;script&rsquo;,&rsquo;https:\/\/connect.facebook.net\/en_US\/fbevents.js&rsquo;);<br \/>\nfbq(&lsquo;init&rsquo;, &lsquo;278974969201861&rsquo;); \/\/ Insert your pixel ID here.<br \/>\nfbq(&lsquo;track&rsquo;, &lsquo;PageView&rsquo;);<\/p>\n","protected":false},"excerpt":{"rendered":"L\u2019UFC-Que Choisir publie une analyse de la qualit\u00e9 de service des transports ferroviaires r\u00e9gionaux. Leur fiabilit\u00e9 est tr\u00e8s&hellip;\n","protected":false},"author":2,"featured_media":495866,"comment_status":"","ping_status":"","sticky":false,"template":"","format":"standard","meta":{"footnotes":""},"categories":[1592],"tags":[1111,11,1933,1936,1777,1939,674,1011,27,662,1934,12,1940,626,1935,25,1937,1941,1938],"class_list":{"0":"post-495865","1":"post","2":"type-post","3":"status-publish","4":"format-standard","5":"has-post-thumbnail","7":"category-ile-de-france","8":"tag-actu","9":"tag-actualites","10":"tag-actualites-locales","11":"tag-essonne","12":"tag-eu","13":"tag-eure-et-loir","14":"tag-europe","15":"tag-fr","16":"tag-france","17":"tag-ile-de-france","18":"tag-infos-locales","19":"tag-news","20":"tag-oise","21":"tag-paris","22":"tag-pres-de-chez-vous","23":"tag-republique-francaise","24":"tag-seine-et-marne","25":"tag-somme","26":"tag-yvelines"},"share_on_mastodon":{"url":"https:\/\/pubeurope.com\/@fr\/115452963981931243","error":""},"_links":{"self":[{"href":"https:\/\/www.europesays.com\/fr\/wp-json\/wp\/v2\/posts\/495865","targetHints":{"allow":["GET"]}}],"collection":[{"href":"https:\/\/www.europesays.com\/fr\/wp-json\/wp\/v2\/posts"}],"about":[{"href":"https:\/\/www.europesays.com\/fr\/wp-json\/wp\/v2\/types\/post"}],"author":[{"embeddable":true,"href":"https:\/\/www.europesays.com\/fr\/wp-json\/wp\/v2\/users\/2"}],"replies":[{"embeddable":true,"href":"https:\/\/www.europesays.com\/fr\/wp-json\/wp\/v2\/comments?post=495865"}],"version-history":[{"count":0,"href":"https:\/\/www.europesays.com\/fr\/wp-json\/wp\/v2\/posts\/495865\/revisions"}],"wp:featuredmedia":[{"embeddable":true,"href":"https:\/\/www.europesays.com\/fr\/wp-json\/wp\/v2\/media\/495866"}],"wp:attachment":[{"href":"https:\/\/www.europesays.com\/fr\/wp-json\/wp\/v2\/media?parent=495865"}],"wp:term":[{"taxonomy":"category","embeddable":true,"href":"https:\/\/www.europesays.com\/fr\/wp-json\/wp\/v2\/categories?post=495865"},{"taxonomy":"post_tag","embeddable":true,"href":"https:\/\/www.europesays.com\/fr\/wp-json\/wp\/v2\/tags?post=495865"}],"curies":[{"name":"wp","href":"https:\/\/api.w.org\/{rel}","templated":true}]}}