{"id":495875,"date":"2025-10-28T17:30:15","date_gmt":"2025-10-28T17:30:15","guid":{"rendered":"https:\/\/www.europesays.com\/fr\/495875\/"},"modified":"2025-10-28T17:30:15","modified_gmt":"2025-10-28T17:30:15","slug":"la-russie-accusee-de-viser-deliberement-les-civils-ukrainiens","status":"publish","type":"post","link":"https:\/\/www.europesays.com\/fr\/495875\/","title":{"rendered":"la Russie accus\u00e9e de viser d\u00e9lib\u00e9r\u00e9ment les civils ukrainiens"},"content":{"rendered":"\n<p>\u201cOn va se coucher sans savoir si on va \u00eatre tu\u00e9 ou si on va se r\u00e9veiller le lendemain matin\u201d, confie une habitante de Kherson aux enqu\u00eateurs de l\u2019ONU. Comme elle, des centaines de civils ukrainiens d\u00e9crivent un quotidien rythm\u00e9 par le bourdonnement des drones, qui traquent, ciblent et tuent parfois \u00e0 coups de<strong> <\/strong>grenades<strong> <\/strong>largu\u00e9es dans les jardins ou sur les trottoirs. Ces attaques a\u00e9riennes, que les Ukrainiens surnomment \u201csafaris de drones\u201d, sont au c\u0153ur d\u2019un rapport publi\u00e9 lundi 27\u00a0octobre par la commission d\u2019enqu\u00eate internationale ind\u00e9pendante sur l\u2019Ukraine des Nations unies, qui a interrog\u00e9 226\u00a0personnes,<strong> <\/strong>\u201cdont des victimes et des secouristes\u201d,<strong> <\/strong>et analys\u00e9 plus de 500\u00a0vid\u00e9os.<\/p>\n<p>Selon ce document, <a class=\"ithalc\" data-ithal=\"lien_externe\" data-ithalc=\"[nav_article]\" target=\"_blank\" href=\"https:\/\/www.nytimes.com\/2025\/10\/27\/world\/europe\/russia-drones-target-civilians.html\" rel=\"noopener\">consult\u00e9 par <strong>The New York Times<\/strong><\/a><strong>,<\/strong> ces frappes s\u2019inscrivent dans un \u201csch\u00e9ma d\u2019attaques intentionnelles\u201d visant \u00e0 instaurer \u201cun climat de terreur permanent\u201d et contraindre \u00e0 l\u2019exode les populations civiles. Kherson, Mykola\u00efv, Dnipropetrovsk\u00a0: les r\u00e9gions du Sud sont devenues les principales cibles d\u2019attaques.<\/p>\n<p> Les ambulanciers cibl\u00e9s <\/p>\n<p>Le rapport mentionne plus de 200\u00a0morts et 2\u00a0000\u00a0bless\u00e9s civils depuis l\u2019\u00e9t\u00e9 2024, une estimation tir\u00e9e des donn\u00e9es des autorit\u00e9s locales et <a class=\"ithalc\" data-ithal=\"lien_externe\" data-ithalc=\"[nav_article]\" target=\"_blank\" href=\"https:\/\/edition.cnn.com\/2025\/10\/27\/europe\/russia-war-crimes-un-report-drone-latam-intl\" rel=\"noopener\">relay\u00e9es par <strong>CNN<\/strong><\/a><strong>.<\/strong> La majorit\u00e9 des victimes, selon le rapport, ont \u00e9t\u00e9 attaqu\u00e9es alors qu\u2019elles \u201cpassaient du temps dans leur<\/p>\n","protected":false},"excerpt":{"rendered":"\u201cOn va se coucher sans savoir si on va \u00eatre tu\u00e9 ou si on va se r\u00e9veiller le&hellip;\n","protected":false},"author":2,"featured_media":495876,"comment_status":"","ping_status":"","sticky":false,"template":"","format":"standard","meta":{"footnotes":""},"categories":[1591],"tags":[11,1081,2024,674,1887,131,12,1885,1886,132,1857,220],"class_list":{"0":"post-495875","1":"post","2":"type-post","3":"status-publish","4":"format-standard","5":"has-post-thumbnail","7":"category-russie","8":"tag-actualites","9":"tag-crimes-de-guerre","10":"tag-drones","11":"tag-europe","12":"tag-federation-de-russie","13":"tag-guerre-en-ukraine","14":"tag-news","15":"tag-russia","16":"tag-russian-federation","17":"tag-russie","18":"tag-sociu00e9tu00e9","19":"tag-ukraine"},"share_on_mastodon":{"url":"https:\/\/pubeurope.com\/@fr\/115452983753687648","error":""},"_links":{"self":[{"href":"https:\/\/www.europesays.com\/fr\/wp-json\/wp\/v2\/posts\/495875","targetHints":{"allow":["GET"]}}],"collection":[{"href":"https:\/\/www.europesays.com\/fr\/wp-json\/wp\/v2\/posts"}],"about":[{"href":"https:\/\/www.europesays.com\/fr\/wp-json\/wp\/v2\/types\/post"}],"author":[{"embeddable":true,"href":"https:\/\/www.europesays.com\/fr\/wp-json\/wp\/v2\/users\/2"}],"replies":[{"embeddable":true,"href":"https:\/\/www.europesays.com\/fr\/wp-json\/wp\/v2\/comments?post=495875"}],"version-history":[{"count":0,"href":"https:\/\/www.europesays.com\/fr\/wp-json\/wp\/v2\/posts\/495875\/revisions"}],"wp:featuredmedia":[{"embeddable":true,"href":"https:\/\/www.europesays.com\/fr\/wp-json\/wp\/v2\/media\/495876"}],"wp:attachment":[{"href":"https:\/\/www.europesays.com\/fr\/wp-json\/wp\/v2\/media?parent=495875"}],"wp:term":[{"taxonomy":"category","embeddable":true,"href":"https:\/\/www.europesays.com\/fr\/wp-json\/wp\/v2\/categories?post=495875"},{"taxonomy":"post_tag","embeddable":true,"href":"https:\/\/www.europesays.com\/fr\/wp-json\/wp\/v2\/tags?post=495875"}],"curies":[{"name":"wp","href":"https:\/\/api.w.org\/{rel}","templated":true}]}}