{"id":495879,"date":"2025-10-28T17:32:10","date_gmt":"2025-10-28T17:32:10","guid":{"rendered":"https:\/\/www.europesays.com\/fr\/495879\/"},"modified":"2025-10-28T17:32:10","modified_gmt":"2025-10-28T17:32:10","slug":"pekin-prepare-les-chinois-a-une-reconciliation-avec-washington","status":"publish","type":"post","link":"https:\/\/www.europesays.com\/fr\/495879\/","title":{"rendered":"P\u00e9kin pr\u00e9pare les Chinois \u00e0 une r\u00e9conciliation avec Washington"},"content":{"rendered":"<p>    R\u00e9sum\u00e9 en 20 secondes<\/p>\n<p>        En savoir plus sur ce type de contenu<\/p>\n<p>Ce r\u00e9sum\u00e9 peut avoir \u00e9t\u00e9 \u00e9crit avec l&rsquo;assistance d\u2019une IA g\u00e9n\u00e9rative. <a href=\"https:\/\/www.letemps.ch\/cyber\/l-usage-de-l-ia-generative-par-les-journalistes-du-temps\" target=\"_blank\" rel=\"noopener\">En savoir plus<\/a><\/p>\n<p class=\"article__abstract-call-to-action\" data-ariato=\"TrackableElement\" data-trackable-element-type=\"article_abstract_cta\" data-trackable-element-location=\"article_header\" data-trackable-element-id=\"510417\">\n        <a data-event=\"click-&gt;clicked\" href=\"https:\/\/www.letemps.ch\/abonnements\" target=\"_blank\" rel=\"noopener\">Abonnez-vous<\/a> pour acc\u00e9der au r\u00e9sum\u00e9 en 20 secondes.\n      <\/p>\n<p>Le pr\u00e9sident am\u00e9ricain Donald Trump affectionne de conclure lui-m\u00eame les grands accords, et c\u2019est bien l\u2019objectif affich\u00e9 de sa rencontre avec Xi Jinping, pr\u00e9vue en marge du sommet de l\u2019apec (Forum pour la coop\u00e9ration \u00e9conomique en Asie-Pacifique) en Cor\u00e9e du Sud, le 30\u00a0octobre. Mais que ses lieutenants aient d\u00e9j\u00e0 obtenu, dimanche en Malaisie, les bases d\u2019un accord sur des dossiers sensibles tels que le fentanyl, TikTok, l\u2019exportation de soja am\u00e9ricain et surtout les terres rares constitue une raret\u00e9 diplomatique, et traduit la volont\u00e9 des deux puissances de refermer le long chapitre des tensions.<\/p>\n<p>A Kuala Lumpur, le vice-premier ministre He Lifeng, qui dirigeait la d\u00e9l\u00e9gation chinoise, a mis fin \u00e0 toute rh\u00e9torique guerri\u00e8re en soulignant que la relation sino-am\u00e9ricaine \u00e9tait \u00abfondamentalement gagnant-gagnant\u00bb et que \u00absa stabilisation r\u00e9pondait aux int\u00e9r\u00eats des peuples des deux pays\u00bb. M\u00eame tonalit\u00e9 tr\u00e8s conciliante dans les m\u00e9dias officiels: d\u2019ordinaire virulent, le Global Times saluait le 27\u00a0octobre \u00abl\u2019attitude de Washington, proche des principes de respect mutuel\u00bb. Et d\u2019insister: \u00abFace aux nouvelles circonstances mondiales, les int\u00e9r\u00eats communs de la Chine et des Etats-Unis n\u2019ont pas diminu\u00e9, mais augment\u00e9\u00bb. Le 11\u00a0avril, ce m\u00eame quotidien \u00e9crivait\u00a0pourtant: \u00abEn recourant \u00e0 la pression brutale et \u00e0 l\u2019intimidation, les Etats-Unis sapent leur propre cr\u00e9dibilit\u00e9\u00bb. Sur Sina.cn, l\u2019une des principales sources d\u2019information en ligne en Chine, l\u2019\u00e9conomiste Wu Ge du cabinet Changjiang Securities et directeur du Forum des \u00e9conomistes en chef de Chine estime que \u00abcompte tenu des contraintes pesant sur Donald Trump \u00e0 l\u2019approche des \u00e9lections de mi-mandat, la probabilit\u00e9 d\u2019un accord est \u00e9lev\u00e9e.\u00bb L\u2019affaire est donc bien avanc\u00e9e.<\/p>\n","protected":false},"excerpt":{"rendered":"R\u00e9sum\u00e9 en 20 secondes En savoir plus sur ce type de contenu Ce r\u00e9sum\u00e9 peut avoir \u00e9t\u00e9 \u00e9crit&hellip;\n","protected":false},"author":2,"featured_media":495880,"comment_status":"","ping_status":"","sticky":false,"template":"","format":"standard","meta":{"footnotes":""},"categories":[1589],"tags":[11,309,75,73,1866,12,301,1864,1865,1863,308,7084],"class_list":{"0":"post-495879","1":"post","2":"type-post","3":"status-publish","4":"format-standard","5":"has-post-thumbnail","7":"category-etats-unis","8":"tag-actualites","9":"tag-chine","10":"tag-donald-trump","11":"tag-etats-unis","12":"tag-etats-unis-damerique","13":"tag-news","14":"tag-premium","15":"tag-united-states","16":"tag-united-states-of-america","17":"tag-us","18":"tag-usa","19":"tag-xi-jinping"},"share_on_mastodon":{"url":"https:\/\/pubeurope.com\/@fr\/115452991852828550","error":""},"_links":{"self":[{"href":"https:\/\/www.europesays.com\/fr\/wp-json\/wp\/v2\/posts\/495879","targetHints":{"allow":["GET"]}}],"collection":[{"href":"https:\/\/www.europesays.com\/fr\/wp-json\/wp\/v2\/posts"}],"about":[{"href":"https:\/\/www.europesays.com\/fr\/wp-json\/wp\/v2\/types\/post"}],"author":[{"embeddable":true,"href":"https:\/\/www.europesays.com\/fr\/wp-json\/wp\/v2\/users\/2"}],"replies":[{"embeddable":true,"href":"https:\/\/www.europesays.com\/fr\/wp-json\/wp\/v2\/comments?post=495879"}],"version-history":[{"count":0,"href":"https:\/\/www.europesays.com\/fr\/wp-json\/wp\/v2\/posts\/495879\/revisions"}],"wp:featuredmedia":[{"embeddable":true,"href":"https:\/\/www.europesays.com\/fr\/wp-json\/wp\/v2\/media\/495880"}],"wp:attachment":[{"href":"https:\/\/www.europesays.com\/fr\/wp-json\/wp\/v2\/media?parent=495879"}],"wp:term":[{"taxonomy":"category","embeddable":true,"href":"https:\/\/www.europesays.com\/fr\/wp-json\/wp\/v2\/categories?post=495879"},{"taxonomy":"post_tag","embeddable":true,"href":"https:\/\/www.europesays.com\/fr\/wp-json\/wp\/v2\/tags?post=495879"}],"curies":[{"name":"wp","href":"https:\/\/api.w.org\/{rel}","templated":true}]}}