{"id":495886,"date":"2025-10-28T17:36:14","date_gmt":"2025-10-28T17:36:14","guid":{"rendered":"https:\/\/www.europesays.com\/fr\/495886\/"},"modified":"2025-10-28T17:36:14","modified_gmt":"2025-10-28T17:36:14","slug":"avec-le-reseau-social-europeen-nous-plaidons-pour-nos-collectivites","status":"publish","type":"post","link":"https:\/\/www.europesays.com\/fr\/495886\/","title":{"rendered":"Avec le R\u00e9seau social europ\u00e9en, \u00ab nous plaidons pour nos collectivit\u00e9s \u00bb"},"content":{"rendered":"<p>\t\t\tLe R\u00e9seau social europ\u00e9en (RSE), ou European social network (ESN), s\u2019est r\u00e9uni \u00e0 Bruxelles les 14 et 15 octobre, pour finaliser son \u00ab Index des services sociaux europ\u00e9ens \u00bb pour 2025. A quoi sert donc ce comparatif ?<\/p>\n<p>Notre objectif est d\u2019\u00e9clairer la Commission europ\u00e9enne sur les services sociaux et m\u00e9dico-sociaux des collectivit\u00e9s, en rassemblant des donn\u00e9es \u00e0 travers 16 Etats membres d\u00e9sormais, afin d\u2019identifier des bonnes pratiques et de contribuer \u00e0 \u00e9laborer des recommandations \u00e0 destination des institutions europ\u00e9ennes.<\/p>\n<p>Depuis 2023 nous pr\u00e9sentons cet index en fin d\u2019ann\u00e9e, en pr\u00e9vision du \u00ab\u00a0semestre europ\u00e9en\u00a0\u00bb, lors duquel les instances europ\u00e9ennes travaillent \u00e0 coordonner et \u00e0 faire converger les politiques sociales et \u00e9conomiques des Etats &#8230;<\/p>\n<p class=\"blocCut__title\">\n\t\t\t\t\t\t\t\t\t[80% reste \u00e0 lire]\n\t\t\t\t\t\t\t<\/p>\n<p class=\"blocCut__title--type2\">Article r\u00e9serv\u00e9 aux abonn\u00e9s<\/p>\n<p class=\"blocCut__title--type3\">Club Sant\u00e9 Social<\/p>\n<p class=\"blocCut__title--type2\">VOUS N&rsquo;\u00eaTES PAS ABONN\u00e9 ?<\/p>\n<p class=\"blocCut__title--type4\">Testez notre Offre D\u00e9couverte Club Sant\u00e9 Social pendant 15 jours<\/p>\n<p>\t\t\t\t\t\t\t\t<a href=\"https:\/\/www.abonnement.infopro-digital.com\/offre-decouverte-du-club-sante-social\/inscription\/623\/3423#xtor=CS5-330-[site_paywall]-[https:\/\/www.lagazettedescommunes.com\/1007795\/avec-le-reseau-social-europeen-nous-plaidons-pour-nos-collectivites\/]-[page_article]-[a]\" target=\"_blank\" class=\"btn__full buttonTypeA buttonTypeA--1\" rel=\"noopener\">J\u2019en profite<\/a><\/p>\n<p class=\"blocRef__title\">R\u00e9f\u00e9rences<\/p>\n<ul>&#13;<\/p>\n<li>La <a href=\"https:\/\/www.esn-eu.org\/news\/wrong-kind-centralisation-why-next-eu-budget-should-not-sideline-local-social-services\" target=\"_blank\" rel=\"noopener\">tribune<\/a> du secr\u00e9taire g\u00e9n\u00e9ral de l&rsquo;ESN (en anglais)<\/li>\n<p>&#13;<\/p>\n<li>Le <a href=\"https:\/\/www.esn-eu.org\/about-esn-fr\" target=\"_blank\" rel=\"noopener\">site<\/a> du R\u00e9seau social europ\u00e9en (page en fran\u00e7ais)<\/li>\n<p>&#13;\n<\/ul>\n","protected":false},"excerpt":{"rendered":"Le R\u00e9seau social europ\u00e9en (RSE), ou European social network (ESN), s\u2019est r\u00e9uni \u00e0 Bruxelles les 14 et 15&hellip;\n","protected":false},"author":2,"featured_media":495887,"comment_status":"","ping_status":"","sticky":false,"template":"","format":"standard","meta":{"footnotes":""},"categories":[1586],"tags":[2342,2344,47,2341,11,2340,1777,674,9101,1779,1011,27,27823,12,2356,2355,25,2343,1778,364],"class_list":{"0":"post-495886","1":"post","2":"type-post","3":"status-publish","4":"format-standard","5":"has-post-thumbnail","7":"category-europe","8":"tag-a-la-une-sante-social","9":"tag-actu-expert-sante-social","10":"tag-actualite","11":"tag-actualite-sante-social","12":"tag-actualites","13":"tag-club-sante-social","14":"tag-eu","15":"tag-europe","16":"tag-europe-2","17":"tag-european-union","18":"tag-fr","19":"tag-france","20":"tag-lutte-contre-lexclusion","21":"tag-news","22":"tag-obonnin","23":"tag-protection-de-lenfance","24":"tag-republique-francaise","25":"tag-toute-lactu-sante-social","26":"tag-ue","27":"tag-union-europeenne"},"share_on_mastodon":{"url":"https:\/\/pubeurope.com\/@fr\/115453007294439012","error":""},"_links":{"self":[{"href":"https:\/\/www.europesays.com\/fr\/wp-json\/wp\/v2\/posts\/495886","targetHints":{"allow":["GET"]}}],"collection":[{"href":"https:\/\/www.europesays.com\/fr\/wp-json\/wp\/v2\/posts"}],"about":[{"href":"https:\/\/www.europesays.com\/fr\/wp-json\/wp\/v2\/types\/post"}],"author":[{"embeddable":true,"href":"https:\/\/www.europesays.com\/fr\/wp-json\/wp\/v2\/users\/2"}],"replies":[{"embeddable":true,"href":"https:\/\/www.europesays.com\/fr\/wp-json\/wp\/v2\/comments?post=495886"}],"version-history":[{"count":0,"href":"https:\/\/www.europesays.com\/fr\/wp-json\/wp\/v2\/posts\/495886\/revisions"}],"wp:featuredmedia":[{"embeddable":true,"href":"https:\/\/www.europesays.com\/fr\/wp-json\/wp\/v2\/media\/495887"}],"wp:attachment":[{"href":"https:\/\/www.europesays.com\/fr\/wp-json\/wp\/v2\/media?parent=495886"}],"wp:term":[{"taxonomy":"category","embeddable":true,"href":"https:\/\/www.europesays.com\/fr\/wp-json\/wp\/v2\/categories?post=495886"},{"taxonomy":"post_tag","embeddable":true,"href":"https:\/\/www.europesays.com\/fr\/wp-json\/wp\/v2\/tags?post=495886"}],"curies":[{"name":"wp","href":"https:\/\/api.w.org\/{rel}","templated":true}]}}