{"id":495888,"date":"2025-10-28T17:37:13","date_gmt":"2025-10-28T17:37:13","guid":{"rendered":"https:\/\/www.europesays.com\/fr\/495888\/"},"modified":"2025-10-28T17:37:13","modified_gmt":"2025-10-28T17:37:13","slug":"camus-etranger-parmi-les-siens-un-nouveau-podcast-immersif-du-figaro-histoire","status":"publish","type":"post","link":"https:\/\/www.europesays.com\/fr\/495888\/","title":{"rendered":"\u00abCamus, \u00e9tranger parmi les siens\u00bb, un nouveau podcast immersif du Figaro Histoire"},"content":{"rendered":"<p>\n    \u00c0 l\u2019occasion de la sortie en salles de L\u2019\u00c9tranger, film magistral de Fran\u00e7ois Ozon, et de la publication du Figaro Hors-S\u00e9rie sur la vie et l\u2019\u0153uvre de Camus, \u00abLes Sagas du Figaro Histoire\u00bb vous proposent un podcast immersif sur l\u2019incroyable itin\u00e9raire de cet \u00ab\u00e9tranger parmi les siens\u00bb<\/p>\n<p class=\"fig-paragraph\">Il \u00e9crivait pour \u00abaider \u00e0 exister\u00bb. Il s\u2019effor\u00e7a \u00abd\u2019essayer simplement d\u2019\u00eatre un homme\u00bb. \u00c0 ce titre au moins, Albert Camus nous enseigne. N\u00e9 dans un faubourg mis\u00e9rable d\u2019Alger, il avait grandi face \u00e0 la mer et s\u2019\u00e9tait \u00e9veill\u00e9 au spectacle de la beaut\u00e9 sans pouvoir le dissocier de celui du tragique de la condition humaine. Romancier, dramaturge, \u00e9ditorialiste, philosophe, il fut couronn\u00e9 \u00e0 quarante-quatre ans par le prix Nobel de litt\u00e9rature. \u00c0 l\u2019occasion de la sortie de L\u2019\u00c9tranger, le film de Fran\u00e7ois Ozon adapt\u00e9 de son premier roman, publi\u00e9 en 1942, le podcast \u00abLes Sagas du Figaro Histoire\u00bb vous propose le r\u00e9cit de sa vie, agr\u00e9ment\u00e9 d\u2019archives sonores de l\u2019\u00e9poque, o\u00f9 l\u2019on entend Camus intervenir sur ses \u0153uvres, les expliquer, prononcer son discours de Stockholm, lors de sa r\u00e9ception du prix Nobel, et d\u2019analyses d\u2019experts de son \u0153uvre\u00a0: Mohammed Assa\u00efoui, journaliste au Figaro litt\u00e9raire et auteur du Dictionnaire amoureux de Camus, et Maxime d\u2019Aboville, com\u00e9dien et metteur en sc\u00e8ne des Justes de Camus au th\u00e9\u00e2tre de Poche-Montparnasse. Inspir\u00e9 des textes d\u2019Irina de Chikoff pour\u00a0<a href=\"https:\/\/boutique.lefigaro.fr\/produit\/141091-camus-etranger-parmi-les-siens\" target=\"_blank\" rel=\"sponsored noopener\" data-gtm-custom-categorie=\"navigation\" data-gtm-custom-action=\"crossclick\" data-gtm-custom-label=\"Contextuel\" data-gtm-event=\"customEventSPE\">Le Figaro Hors-S\u00e9rie, \u00abCamus, \u00e9tranger parmi les siens\u00bb,<\/a>\u00a0qui accompagne la sortie du film, ce podcast narr\u00e9 par Isabelle Schmitz, directrice adjointe de la r\u00e9daction du Figaro Hors-S\u00e9rie, nous emm\u00e8ne sur les traces du gamin d\u2019Alger devenu l\u2019un des intellectuels les plus en vue de son temps et l\u2019un des auteurs majeurs du XX\u00e8me si\u00e8cle.<\/p>\n<p>    Le Figaro Hors-S\u00e9rie sur Albert Camus<br \/>\n                fgrandclaude<\/p>\n<p class=\"fig-paragraph\">Dans le premier \u00e9pisode, nous plongerons dans l\u2019enfance du jeune Albert Camus, n\u00e9 en 1913 \u00e0 Alger, \u00e0 l\u2019aube de la Premi\u00e8re Guerre mondiale, dans une famille d\u2019analphab\u00e8tes. Puis nous suivrons les \u00e9tudes de ce fou de litt\u00e9rature et de philosophie, interrompues par la tuberculose. En 1930, nous assisterons aux festivit\u00e9s du centenaire de l\u2019Alg\u00e9rie fran\u00e7aise et \u00e0 l\u2019\u00e9mergence du nationalisme alg\u00e9rien chez une partie des \u00abindig\u00e8nes\u00bb. Enfin, en 1939, alors que la Seconde Guerre mondiale \u00e9clate, nous serons aux premi\u00e8res loges des d\u00e9buts de Camus dans le journalisme.<\/p>\n<p>                                    <a class=\"fig-a11y-skip a11y-hidden\" href=\"#fig-a11y-skip-main-inarticle\"><br \/>\n        Passer la publicit\u00e9<br \/>\n    <\/a><\/p>\n<p class=\"fig-paragraph\">Dans le deuxi\u00e8me \u00e9pisode, nous accueillerons l\u2019auteur \u00e0 Paris, o\u00f9 para\u00eet L\u2019\u00c9tranger en avril 1942, sous l\u2019Occupation. Puis nous verrons comment Camus s\u2019introduit dans les milieux de la R\u00e9sistance, accompagn\u00e9 de la com\u00e9dienne Maria Casar\u00e8s, son grand amour, surnomm\u00e9e par lui \u00abGuerre et paix\u00bb pour son temp\u00e9rament ardent. Enfin, nous raconterons son \u00e9loignement progressif du communisme et de l\u2019intelligentsia parisienne, au sortir de la Seconde Guerre mondiale.<\/p>\n<p class=\"fig-paragraph\">Dans le troisi\u00e8me et dernier \u00e9pisode, nous suivrons, en novembre 1951, la publication de L\u2019Homme r\u00e9volt\u00e9, un essai qui met Albert Camus au banc de la gauche intellectuelle et consacre sa rupture avec Sartre. Nous l\u2019accompagnerons ensuite en Alg\u00e9rie, \u00e9branl\u00e9 apr\u00e8s la Toussaint Rouge et les d\u00e9buts d\u2019un affrontement qui le blesse jusqu\u2019\u00e0 l\u2019\u00e2me et dont il d\u00e9nonce l\u2019absurdit\u00e9, puis en Su\u00e8de, pour recevoir le prix Nobel de litt\u00e9rature en 1957\u2026 avant l\u2019accident mortel dont il sera victime, le 4 janvier 1960.<\/p>\n<p class=\"fig-paragraph\">Un tr\u00e8s beau podcast \u2013 r\u00e9alis\u00e9 par Astrid Landon, production Aude S\u00e9r\u00e8s et Salom\u00e9 Boulet, prise de son Louis Chabain \u2013 pour tout savoir d\u2019un homme qui n\u2019a jamais sacrifi\u00e9 son honneur \u00e0 la complaisance. Un homme qui, confront\u00e9 \u00e0 une vie apparemment priv\u00e9e de sens, nous ressemble comme un fr\u00e8re.<\/p>\n<p class=\"fig-paragraph\"><a href=\"https:\/\/boutique.lefigaro.fr\/produit\/141091-camus-etranger-parmi-les-siens\" target=\"_blank\" rel=\"sponsored noopener\" data-gtm-custom-categorie=\"navigation\" data-gtm-custom-action=\"crossclick\" data-gtm-custom-label=\"Contextuel\" data-gtm-event=\"customEventSPE\">Le Figaro Hors-S\u00e9rie \u00abCamus, \u00e9tranger parmi les siens\u00bb<\/a>, r\u00e9\u00e9dition actualis\u00e9e du num\u00e9ro paru en janvier 2020, 124 pages<\/p>\n<p class=\"fig-paragraph\">R\u00e9servez dans votre agenda\u00a0: Grande soir\u00e9e consacr\u00e9e \u00e0 Camus au cin\u00e9ma Path\u00e9 Palace le lundi 17 novembre \u00e0 18h45\u00a0: projection de <strong>L\u2019\u00c9tranger <\/strong>de Fran\u00e7ois Ozon, table ronde sur le film, reconstitution du proc\u00e8s de Meursault avec deux avocats, lecture de <strong>L\u2019\u00c9tranger <\/strong>par le com\u00e9dien Simon Volodine. Informations \u00e0 venir sur le Figaro Store.<\/p>\n","protected":false},"excerpt":{"rendered":"\u00c0 l\u2019occasion de la sortie en salles de L\u2019\u00c9tranger, film magistral de Fran\u00e7ois Ozon, et de la publication&hellip;\n","protected":false},"author":2,"featured_media":495889,"comment_status":"","ping_status":"","sticky":false,"template":"","format":"standard","meta":{"footnotes":""},"categories":[2],"tags":[11,46215,1011,27,1380,12,25],"class_list":{"0":"post-495888","1":"post","2":"type-post","3":"status-publish","4":"format-standard","5":"has-post-thumbnail","7":"category-actualites","8":"tag-actualites","9":"tag-albert-camus","10":"tag-fr","11":"tag-france","12":"tag-livres","13":"tag-news","14":"tag-republique-francaise"},"share_on_mastodon":{"url":"https:\/\/pubeurope.com\/@fr\/115453011223254071","error":""},"_links":{"self":[{"href":"https:\/\/www.europesays.com\/fr\/wp-json\/wp\/v2\/posts\/495888","targetHints":{"allow":["GET"]}}],"collection":[{"href":"https:\/\/www.europesays.com\/fr\/wp-json\/wp\/v2\/posts"}],"about":[{"href":"https:\/\/www.europesays.com\/fr\/wp-json\/wp\/v2\/types\/post"}],"author":[{"embeddable":true,"href":"https:\/\/www.europesays.com\/fr\/wp-json\/wp\/v2\/users\/2"}],"replies":[{"embeddable":true,"href":"https:\/\/www.europesays.com\/fr\/wp-json\/wp\/v2\/comments?post=495888"}],"version-history":[{"count":0,"href":"https:\/\/www.europesays.com\/fr\/wp-json\/wp\/v2\/posts\/495888\/revisions"}],"wp:featuredmedia":[{"embeddable":true,"href":"https:\/\/www.europesays.com\/fr\/wp-json\/wp\/v2\/media\/495889"}],"wp:attachment":[{"href":"https:\/\/www.europesays.com\/fr\/wp-json\/wp\/v2\/media?parent=495888"}],"wp:term":[{"taxonomy":"category","embeddable":true,"href":"https:\/\/www.europesays.com\/fr\/wp-json\/wp\/v2\/categories?post=495888"},{"taxonomy":"post_tag","embeddable":true,"href":"https:\/\/www.europesays.com\/fr\/wp-json\/wp\/v2\/tags?post=495888"}],"curies":[{"name":"wp","href":"https:\/\/api.w.org\/{rel}","templated":true}]}}