{"id":495896,"date":"2025-10-28T17:43:18","date_gmt":"2025-10-28T17:43:18","guid":{"rendered":"https:\/\/www.europesays.com\/fr\/495896\/"},"modified":"2025-10-28T17:43:18","modified_gmt":"2025-10-28T17:43:18","slug":"atp-rolex-paris-masters-barbara-schett-sur-zverev-les-gens-sont-toujours-plus-intelligents-quand-ils-regardent-de-lexterieur-mais-il-ne-faut-pas-oublier-quau-bout-du-compte-il-est-toujours","status":"publish","type":"post","link":"https:\/\/www.europesays.com\/fr\/495896\/","title":{"rendered":"ATP &#8211; Rolex Paris Masters > Barbara Schett sur Zverev : \u00ab\u00a0Les gens sont toujours plus intelligents quand ils regardent de l&rsquo;ext\u00e9rieur, mais il ne faut pas oublier qu&rsquo;au bout du compte, il est toujours num\u00e9ro trois mondial\u00a0\u00bb"},"content":{"rendered":"<p>Lors d\u2019une inter\u00adview accord\u00e9e \u00e0<a href=\"https:\/\/www.eurosport.de\/tennis\/atp-wien\/2025\/kritik-an-alexander-zverev-expertin-barbara-schett-uber-deutschlands-nummer-eins-und-ihre-besondere-beziehung-zu-jannik-sinner_sto23235312\/story.shtml\" data-wpel-link=\"external\" target=\"_blank\" rel=\"nofollow external noopener\"> Eurosport Allemagne<\/a>, l\u2019ex\u20107e joueuse mondiale a pris la d\u00e9fense d\u2019Alexander Zverev, toujours en qu\u00eate d\u2019un premier titre en Grand Chelem.\u00a0<\/p>\n<p><strong>\u00ab\u202fIl ne faut pas oublier qu\u2019au bout du compte, Sascha est toujours num\u00e9ro trois mondial. Et il ne manque pas de volont\u00e9 de gagner, il se critique m\u00eame lui\u2010m\u00eame pour ses perfor\u00admances. Mais Sinner et Alcaraz ont \u00e9volu\u00e9 \u00e0 une vitesse fulgu\u00adrante et vont dominer le tennis mondial dans les ann\u00e9es \u00e0 venir. Bien s\u00fbr, les gens sont toujours plus intel\u00adli\u00adgents quand ils regardent de l\u2019ex\u00adt\u00e9\u00adrieur. Je suis convaincu que l\u2019\u00e9quipe de Sascha suit un plan bien pr\u00e9cis. De plus, il semble se sentir \u00e0 l\u2019aise avec son p\u00e8re et son fr\u00e8re \u00e0 ses c\u00f4t\u00e9s. Nous ne pouvons pas savoir ce qui se passe en interne. L\u2019Allemagne a toujours \u00e9t\u00e9 tr\u00e8s critique \u00e0 son \u00e9gard. Num\u00e9ro trois mondial, c\u2019est d\u00e9j\u00e0 sensa\u00adtionnel. J\u2019aurais \u00e9t\u00e9 satis\u00adfait de ce r\u00e9sultat, mais lui, loin de\u00a0l\u00e0\u202f\u00bb<\/strong><\/p>\n<p class=\"post-published-date\" style=\"color: silver; font-size: 75%; text-align: left;\">Publi\u00e9 le mardi 28 octobre 2025 \u00e0 17:13<\/p>\n","protected":false},"excerpt":{"rendered":"Lors d\u2019une inter\u00adview accord\u00e9e \u00e0 Eurosport Allemagne, l\u2019ex\u20107e joueuse mondiale a pris la d\u00e9fense d\u2019Alexander Zverev, toujours en&hellip;\n","protected":false},"author":2,"featured_media":176566,"comment_status":"","ping_status":"","sticky":false,"template":"","format":"standard","meta":{"footnotes":""},"categories":[1415],"tags":[1744,1011,27,2127,60,1467,4542],"class_list":{"0":"post-495896","1":"post","2":"type-post","3":"status-publish","4":"format-standard","5":"has-post-thumbnail","7":"category-tennis","8":"tag-alcaraz","9":"tag-fr","10":"tag-france","11":"tag-sinner","12":"tag-sports","13":"tag-tennis","14":"tag-zverev"},"share_on_mastodon":{"url":"https:\/\/pubeurope.com\/@fr\/115453034742349218","error":""},"_links":{"self":[{"href":"https:\/\/www.europesays.com\/fr\/wp-json\/wp\/v2\/posts\/495896","targetHints":{"allow":["GET"]}}],"collection":[{"href":"https:\/\/www.europesays.com\/fr\/wp-json\/wp\/v2\/posts"}],"about":[{"href":"https:\/\/www.europesays.com\/fr\/wp-json\/wp\/v2\/types\/post"}],"author":[{"embeddable":true,"href":"https:\/\/www.europesays.com\/fr\/wp-json\/wp\/v2\/users\/2"}],"replies":[{"embeddable":true,"href":"https:\/\/www.europesays.com\/fr\/wp-json\/wp\/v2\/comments?post=495896"}],"version-history":[{"count":0,"href":"https:\/\/www.europesays.com\/fr\/wp-json\/wp\/v2\/posts\/495896\/revisions"}],"wp:featuredmedia":[{"embeddable":true,"href":"https:\/\/www.europesays.com\/fr\/wp-json\/wp\/v2\/media\/176566"}],"wp:attachment":[{"href":"https:\/\/www.europesays.com\/fr\/wp-json\/wp\/v2\/media?parent=495896"}],"wp:term":[{"taxonomy":"category","embeddable":true,"href":"https:\/\/www.europesays.com\/fr\/wp-json\/wp\/v2\/categories?post=495896"},{"taxonomy":"post_tag","embeddable":true,"href":"https:\/\/www.europesays.com\/fr\/wp-json\/wp\/v2\/tags?post=495896"}],"curies":[{"name":"wp","href":"https:\/\/api.w.org\/{rel}","templated":true}]}}