{"id":495901,"date":"2025-10-28T17:49:13","date_gmt":"2025-10-28T17:49:13","guid":{"rendered":"https:\/\/www.europesays.com\/fr\/495901\/"},"modified":"2025-10-28T17:49:13","modified_gmt":"2025-10-28T17:49:13","slug":"quil-revienne-alexandre-astier-kaamelott-tape-du-poing-a-son-sujet","status":"publish","type":"post","link":"https:\/\/www.europesays.com\/fr\/495901\/","title":{"rendered":"\u201cQu&rsquo;il revienne !\u201d Alexandre Astier (Kaamelott) tape du poing \u00e0 son sujet"},"content":{"rendered":"<p><strong>Alexandre Astier<\/strong> est devenu en vingt ans l\u2019un<br \/>\ndes cr\u00e9ateurs les plus adul\u00e9s. <strong>Ses fans, qui ne cessent de<br \/>\nvivre pour Kaamelott, sa cr\u00e9ation, en paraphrasant les<br \/>\nr\u00e9pliques cultes et autres expressions idiomatiques de la s\u00e9rie,<br \/>\nv\u00e9n\u00e8rent le d\u00e9miurge.<\/strong> Il faut dire que \u00e7a fait deux<br \/>\nd\u00e9cennies qu\u2019il porte sur ses \u00e9paules Kaamelott, d\u2019abord<br \/>\nen format court et, aujourd\u2019hui, en saga cin\u00e9matographique.<br \/>\nKaamelott &#8211; Deuxi\u00e8me volet est actuellement en salles,<br \/>\nsuite du premier opus sorti il y a quatre ans. Alexandre Astier est<br \/>\ndu genre \u00e0 causer facilement et \u00e0 avoir son avis \u00e0 peu pr\u00e8s sur<br \/>\ntout. La preuve ? <strong>La politique-spectacle de Nicolas<br \/>\nSarkozy.<\/strong><\/p>\n<p>Alexandre Astier : le cr\u00e9ateur de Kaamelott a<br \/>\nplusieurs casquettes<\/p>\n<p>Il n\u2019est pas si d\u00e9connant de r\u00e9duire Kaamelott \u00e0 son<br \/>\nd\u00e9miurge, Alexandre Astier. De fait, celui-ci chapeaute \u00e0 peu pr\u00e8s<br \/>\n<a href=\"https:\/\/www.melty.fr\/people\/pere-de-7-enfants-alexandre-astier-kaamelott-ne-mache-pas-ses-mots-sur-leducation-lamentable-2270018.html\" rel=\"nofollow noopener\" target=\"_blank\"><br \/>\ntous les postes strat\u00e9giques d\u2019une telle cr\u00e9ation<\/a>. <strong>Tour<br \/>\n\u00e0 tour cr\u00e9ateur, acteur, principal, forc\u00e9ment, r\u00e9alisateur,<br \/>\nsc\u00e9nariste, et dialoguiste aussi, monteur, avec son frangin Simon,<br \/>\nproducteur et m\u00eame compositeur de la B.O.<\/strong>. Ouf, un sacr\u00e9<br \/>\nCV pour un artiste qui incarne un programme depuis vingt ann\u00e9es<br \/>\nd\u00e9sormais.<\/p>\n<p>Toutefois, dans le curriculum vitae d\u2019Astier, il y a<br \/>\ncomme une anomalie. Une parenth\u00e8se enchant\u00e9e loin du royaume de<br \/>\nLogres et du succ\u00e8s titanesque de Kaamelott. David et<br \/>\nmadame Hansen. Kezako ? <strong>Un drame \u00e0 taille humaine<br \/>\nqu\u00a0\u00bbil a r\u00e9alis\u00e9 en 2012 avec en vedette ni plus ni moins<br \/>\nqu\u2019Isabelle Adjani.<\/strong> Bon, d\u2019accord, l\u00e0 aussi, Astier se<br \/>\ntaille la part du lion \u00e0 la r\u00e9alisation, au sc\u00e9nario et en tant que<br \/>\npremier r\u00f4le ! On ne change pas, que voulez-vous.<\/p>\n<p>Kaamelott, la s\u00e9rie culte est devenue une saga<br \/>\ncin\u00e9matographique<\/p>\n<p>Finalement, Astier est rapidement revenu \u00e0 ses premi\u00e8res amours.<br \/>\nSoit Kaamelott, forc\u00e9ment. <strong>Depuis le d\u00e9part, ou<br \/>\npresque, l\u2019auteur souhaitait conclure son \u0153uvre sur grand<br \/>\n\u00e9cran.<\/strong> Avec une trilogie qui p\u00e8te dans la plus pure<br \/>\ntradition des blockbusters \u2018ricains et geeks : Star Wars,<br \/>\nl\u2019originale, Le Seigneur des Anneaux, Retour vers le<br \/>\nfutur, Indiana Jones. D&rsquo;accord, on triche un peu pour<br \/>\ncelui-ci. Ainsi, avec le temps, Astier a r\u00e9ussi son coup\u2026<\/p>\n<p>2021 : Kaamelott &#8211; Premier volet sort au cin\u00e9.<br \/>\n<strong>Les circonstances de sortie ne sont pas \u00e9videntes, nous<br \/>\nsommes en pleine pand\u00e9mie mondiale, entre deux confinements, des<br \/>\nmasques et quelques gestes barri\u00e8res.<\/strong> Et, surtout, la<br \/>\ns\u00e9rie, elle, est termin\u00e9e depuis\u2026 2009 ! Mais les fans sont au<br \/>\nrendez-vous. Encore un peu de patience, quatre ans plus tard, les<br \/>\nm\u00eames d\u00e9couvrent la suite. <strong>Vivement fin 2026 pour voir la<br \/>\nfin de cette saga.<\/strong><\/p>\n<p>Alexandre Astier tr\u00e8s franc concernant<br \/>\nl\u2019ex-pr\u00e9sident Nicolas Sarkozy<\/p>\n<p><strong>Flashback : nous sommes en 2014.<\/strong> Alexandre<br \/>\nAstier, en compagnie de <strong>Louis Clichy<\/strong>, co-signe une<br \/>\nadaptation d\u2019Ast\u00e9rix en long-m\u00e9trage d\u2019animation, Le<br \/>\nDomaine des dieux. Ainsi, loin de l\u2019univers de<br \/>\nKaamelott, \u00e0 l\u2019\u00e9poque, m\u00eame s\u2019il travaille sur le premier<br \/>\nfilm dans l\u2019ombre, l\u2019acteur-r\u00e9alisateur donne de sa personne en<br \/>\ntourn\u00e9e promo pour le petit Gaulois. <strong>20 minutes<\/strong><br \/>\npropose m\u00eame \u00e0 Astier de r\u00e9agir \u00e0 l\u2019actualit\u00e9 chaude cette<br \/>\nann\u00e9e-l\u00e0.<\/p>\n<p><img decoding=\"async\" src=\"data:image\/svg+xml,%3Csvg%20xmlns=\" http:=\"\" width=\"100%\" height=\"auto\" data-lazy-src=\"https:\/\/www.europesays.com\/fr\/wp-content\/uploads\/2025\/10\/x2b1s0c.jpeg\"\/><\/p>\n<p><strong>Curieusement, celui-ci se plie goul\u00fbment, et non sans<br \/>\nune certaine malice, \u00e0 cet exercice demand\u00e9 par le<br \/>\nquotidien.<\/strong> Alexandre Astier rebondit ainsi sur la loi<br \/>\nVeil, le Pape ou encore, plus surprenant, mais en m\u00eame temps tr\u00e8s<br \/>\nkaamelottien, une pilule changeant l\u2019odeur des pets en<br \/>\nchocolat. C\u2019est <strong>Karadoc<\/strong> qui va \u00eatre content\u2026<br \/>\nToutefois, on sent que celui qui a soutenu, de loin, <a href=\"https:\/\/www.melty.fr\/people\/avant-le-succes-de-kaamelott-alexandre-astier-furax-defend-dieudonne-ce-mec-nest-pas-2269244.html\" rel=\"nofollow noopener\" target=\"_blank\"><br \/>\n<strong>Dieudonn\u00e9<\/strong> dans son combat pour la libert\u00e9<br \/>\nd\u2019expression<\/a>, prend plaisir \u00e0 ce jeu. Il d\u00e9crypte ensuite la<br \/>\nsc\u00e8ne politique fran\u00e7aise de l\u2019\u00e9poque, avec, en exergue, le couple<br \/>\n<strong>Fran\u00e7ois Hollande<\/strong> et <strong>Julie Gayet<\/strong>.<br \/>\nComme de juste. <strong>Ou encore la politique-people d\u2019un Nicolas<br \/>\nSarkozy de retour \u00e0 ce moment-l\u00e0.<\/strong> \u201cBah, qu\u2019il revienne<br \/>\n!\u201d, lance Alexandre Astier avec une exasp\u00e9ration comique.<br \/>\nAvant d&rsquo;ajouter : \u201c<strong>Qu\u2019il revienne ! Que l\u2019autre s\u2019en<br \/>\naille, qu\u2019il reste, qu\u2019il reparte, je sais pas\u2026<\/strong> Je suis<br \/>\npas persuad\u00e9 qu\u2019il y ait une vraie diff\u00e9rence [entre Hollande<br \/>\net Sarkozy, NDLR] en fait. J\u2019en sais rien.\u201d Ouais, c&rsquo;est<br \/>\npas faux, comme dirait <strong>Perceval<\/strong>.<\/p>\n","protected":false},"excerpt":{"rendered":"Alexandre Astier est devenu en vingt ans l\u2019un des cr\u00e9ateurs les plus adul\u00e9s. Ses fans, qui ne cessent&hellip;\n","protected":false},"author":2,"featured_media":495902,"comment_status":"","ping_status":"","sticky":false,"template":"","format":"standard","meta":{"footnotes":""},"categories":[1359],"tags":[905,21523,58,59,1011,27,61777,41019,3091,973],"class_list":{"0":"post-495901","1":"post","2":"type-post","3":"status-publish","4":"format-standard","5":"has-post-thumbnail","7":"category-people","8":"tag-a-la-une-melty","9":"tag-dai_video","10":"tag-divertissement","11":"tag-entertainment","12":"tag-fr","13":"tag-france","14":"tag-has_video","15":"tag-kaamelott","16":"tag-nicolas-sarkozy","17":"tag-people"},"share_on_mastodon":{"url":"https:\/\/pubeurope.com\/@fr\/115453058437146667","error":""},"_links":{"self":[{"href":"https:\/\/www.europesays.com\/fr\/wp-json\/wp\/v2\/posts\/495901","targetHints":{"allow":["GET"]}}],"collection":[{"href":"https:\/\/www.europesays.com\/fr\/wp-json\/wp\/v2\/posts"}],"about":[{"href":"https:\/\/www.europesays.com\/fr\/wp-json\/wp\/v2\/types\/post"}],"author":[{"embeddable":true,"href":"https:\/\/www.europesays.com\/fr\/wp-json\/wp\/v2\/users\/2"}],"replies":[{"embeddable":true,"href":"https:\/\/www.europesays.com\/fr\/wp-json\/wp\/v2\/comments?post=495901"}],"version-history":[{"count":0,"href":"https:\/\/www.europesays.com\/fr\/wp-json\/wp\/v2\/posts\/495901\/revisions"}],"wp:featuredmedia":[{"embeddable":true,"href":"https:\/\/www.europesays.com\/fr\/wp-json\/wp\/v2\/media\/495902"}],"wp:attachment":[{"href":"https:\/\/www.europesays.com\/fr\/wp-json\/wp\/v2\/media?parent=495901"}],"wp:term":[{"taxonomy":"category","embeddable":true,"href":"https:\/\/www.europesays.com\/fr\/wp-json\/wp\/v2\/categories?post=495901"},{"taxonomy":"post_tag","embeddable":true,"href":"https:\/\/www.europesays.com\/fr\/wp-json\/wp\/v2\/tags?post=495901"}],"curies":[{"name":"wp","href":"https:\/\/api.w.org\/{rel}","templated":true}]}}