{"id":495904,"date":"2025-10-28T17:52:15","date_gmt":"2025-10-28T17:52:15","guid":{"rendered":"https:\/\/www.europesays.com\/fr\/495904\/"},"modified":"2025-10-28T17:52:15","modified_gmt":"2025-10-28T17:52:15","slug":"a-quelle-date-retrouver-sophie-davant-dans-lem","status":"publish","type":"post","link":"https:\/\/www.europesays.com\/fr\/495904\/","title":{"rendered":"\u00e0 quelle date retrouver Sophie Davant dans l\u2019\u00e9m &#8230;"},"content":{"rendered":"<p class=\"bo-p\">\u00c0 l&rsquo;\u00e9poque, la direction d&rsquo;Europe 1 avait choisi de<br \/>\nlui offrir une \u00e9mission quotidienne. Programm\u00e9e aux m\u00eames horaires<br \/>\nqu&rsquo;Affaire conclue sur France 2. Sophie Davant ne pouvait donc pas<br \/>\ncumuler les deux programmes en m\u00eame temps. Finalement, <strong>son<br \/>\nrendez-vous quotidien sur Europe 1 fut supprim\u00e9e<\/strong> <a href=\"https:\/\/www.telestar.fr\/people\/cyril-hanouna-ravit-definitivement-sa-place-a-sophie-davant-sur-europe-1-1682696\" target=\"_blank\" rel=\"noopener\"><br \/>\nau bout d&rsquo;une seule saison<\/a>. Depuis, l&rsquo;animatrice pr\u00e9sente un<br \/>\nnouveau programme chaque week-end sur l&rsquo;antenne de la station.<\/p>\n","protected":false},"excerpt":{"rendered":"\u00c0 l&rsquo;\u00e9poque, la direction d&rsquo;Europe 1 avait choisi de lui offrir une \u00e9mission quotidienne. Programm\u00e9e aux m\u00eames horaires&hellip;\n","protected":false},"author":2,"featured_media":495905,"comment_status":"","ping_status":"","sticky":false,"template":"","format":"standard","meta":{"footnotes":""},"categories":[1356],"tags":[9885,548,58,59,1011,27,252,1364],"class_list":{"0":"post-495904","1":"post","2":"type-post","3":"status-publish","4":"format-standard","5":"has-post-thumbnail","7":"category-television","8":"tag-affaire-conclue","9":"tag-article-simple","10":"tag-divertissement","11":"tag-entertainment","12":"tag-fr","13":"tag-france","14":"tag-television","15":"tag-tv"},"share_on_mastodon":{"url":"https:\/\/pubeurope.com\/@fr\/115453070408397586","error":""},"_links":{"self":[{"href":"https:\/\/www.europesays.com\/fr\/wp-json\/wp\/v2\/posts\/495904","targetHints":{"allow":["GET"]}}],"collection":[{"href":"https:\/\/www.europesays.com\/fr\/wp-json\/wp\/v2\/posts"}],"about":[{"href":"https:\/\/www.europesays.com\/fr\/wp-json\/wp\/v2\/types\/post"}],"author":[{"embeddable":true,"href":"https:\/\/www.europesays.com\/fr\/wp-json\/wp\/v2\/users\/2"}],"replies":[{"embeddable":true,"href":"https:\/\/www.europesays.com\/fr\/wp-json\/wp\/v2\/comments?post=495904"}],"version-history":[{"count":0,"href":"https:\/\/www.europesays.com\/fr\/wp-json\/wp\/v2\/posts\/495904\/revisions"}],"wp:featuredmedia":[{"embeddable":true,"href":"https:\/\/www.europesays.com\/fr\/wp-json\/wp\/v2\/media\/495905"}],"wp:attachment":[{"href":"https:\/\/www.europesays.com\/fr\/wp-json\/wp\/v2\/media?parent=495904"}],"wp:term":[{"taxonomy":"category","embeddable":true,"href":"https:\/\/www.europesays.com\/fr\/wp-json\/wp\/v2\/categories?post=495904"},{"taxonomy":"post_tag","embeddable":true,"href":"https:\/\/www.europesays.com\/fr\/wp-json\/wp\/v2\/tags?post=495904"}],"curies":[{"name":"wp","href":"https:\/\/api.w.org\/{rel}","templated":true}]}}