{"id":495910,"date":"2025-10-28T17:55:13","date_gmt":"2025-10-28T17:55:13","guid":{"rendered":"https:\/\/www.europesays.com\/fr\/495910\/"},"modified":"2025-10-28T17:55:13","modified_gmt":"2025-10-28T17:55:13","slug":"quelle-est-cette-maladie-qui-explose-en-france-et-dans-le-monde","status":"publish","type":"post","link":"https:\/\/www.europesays.com\/fr\/495910\/","title":{"rendered":"quelle est cette maladie qui explose en France et dans le monde ?"},"content":{"rendered":"<p class=\"mb-4 text-lg md:leading-8 break-words\">Une maladie qu&rsquo;il faut prendre au s\u00e9rieux. Lors d&rsquo;une conf\u00e9rence organis\u00e9e jeudi 16 octobre 2025 par les laboratoires Lohmann &amp; Rauscher et IBSA Pharma, le rhumatologue Emmanuel Maheu a rappel\u00e9 qu&rsquo;environ \u00ab\u00a0600 \u00e0 700 millions de personnes souffrent d&rsquo;une arthrose symptomatique dans le monde\u00a0\u00bb. Selon lui, il y aurait dix millions de victimes en France, ce qui repr\u00e9sente une augmentation de 132 % des cas sur les trente derni\u00e8res ann\u00e9es.<\/p>\n<p class=\"mb-4 text-lg md:leading-8 break-words\"><strong>LIRE AUSSI &gt;&gt; <\/strong><a rel=\"noopener\" class=\"link  yahoo-link\" href=\"https:\/\/fr.news.yahoo.com\/arthrose-maladie-touche-95-population-142848520.html\" data-i13n=\"cpos:1;pos:1\" data-ylk=\"slk:Dr Christian Recchia : &quot;Je vais vous parler d\u2019une maladie qui touche 95% de la population&quot;;cpos:1;pos:1;elm:context_link;itc:0;sec:content-canvas;outcm:mb_qualified_link;_E:mb_qualified_link;ct:story;\" target=\"_blank\">Dr Christian Recchia : \u00ab\u00a0Je vais vous parler d\u2019une maladie qui touche 95% de la population\u00a0\u00bb<\/a><\/p>\n<p class=\"mb-4 text-lg md:leading-8 break-words\">Le rhumatologue \u00e9voque m\u00eame une \u00ab\u00a0\u00e9pid\u00e9mie mondiale\u00a0\u00bb. Une hausse des cas qu&rsquo;il lie \u00e0 la progression mondiale de l&rsquo;ob\u00e9sit\u00e9. Selon l\u2019Organisation Mondiale de la Sant\u00e9, le nombre de cas d\u2019ob\u00e9sit\u00e9 a presque tripl\u00e9 \u00e0 l\u2019\u00e9chelle plan\u00e9taire depuis 1975.<\/p>\n<p><strong>Les femmes davantage touch\u00e9es<\/strong><\/p>\n<p class=\"mb-4 text-lg md:leading-8 break-words\">L\u2019arthrose est une affection d\u00e9g\u00e9n\u00e9rative des articulations qui cause des douleurs, des gonflements et des raideurs qui nuisent \u00e0 la capacit\u00e9 d\u2019une personne \u00e0 se d\u00e9placer comme elle l\u2019entend, d\u00e9finit <a class=\"link \" href=\"https:\/\/www.who.int\/fr\/news-room\/fact-sheets\/detail\/osteoarthritis\" data-i13n=\"cpos:2;pos:1\" rel=\"nofollow noopener\" target=\"_blank\" data-ylk=\"slk:l&#039;OMS;cpos:2;pos:1;elm:context_link;itc:0;sec:content-canvas\">l&rsquo;OMS<\/a>. Si elle peut toucher l&rsquo;ensemble des articulations, elle se manifeste le plus souvent dans les genoux, aux hanches, \u00e0 la colonne vert\u00e9brale et aux mains. Comme le confirme le Dr Maheu, les femmes sont plus souvent touch\u00e9es par l&rsquo;arthrose : \u00ab\u00a0Quatre-vingts \u00e0 quatre-vingt-dix pour cent des personnes qui ont de l&rsquo;arthrose digitale sont des femmes\u00a0\u00bb.<\/p>\n<p class=\"mb-4 text-lg md:leading-8 break-words\">L&rsquo;arthrose alt\u00e8re consid\u00e9rablement la qualit\u00e9 de vie des patients. En juin 2025, <a class=\"link \" href=\"https:\/\/presse.inserm.fr\/arthrose-resultats-dune-enquete-sur-la-gestion-des-douleurs-par-les-patients-et-perspectives-pour-la-recherche\/70556\/\" data-i13n=\"cpos:3;pos:1\" rel=\"nofollow noopener\" target=\"_blank\" data-ylk=\"slk:une enqu\u00eate men\u00e9e par 17 associations de patients avec l\u2019Inserm;cpos:3;pos:1;elm:context_link;itc:0;sec:content-canvas\">une enqu\u00eate men\u00e9e par 17 associations de patients avec l\u2019Inserm<\/a>, la fondation Arthritis et la Soci\u00e9t\u00e9 fran\u00e7aise de rhumatologie, dans le cadre de l\u2019initiative Ensemble contre les rhumatismes d\u00e9voilait que plus de 90 % des personnes qui souffrent de rhumatismes estiment que les douleurs ont un impact sur la qualit\u00e9 de leur sommeil et sur leur moral.<\/p>\n<p><strong>Une difficile prise en charge<\/strong><\/p>\n<p class=\"mb-4 text-lg md:leading-8 break-words\">Le Dr Maheu pr\u00e9cise que 54 % des patients avaient des difficult\u00e9s \u00e0 \u00e9crire et 10 % d\u2019entre eux \u00e9prouvaient des difficult\u00e9s pour manipuler leurs m\u00e9dicaments. \u00ab\u00a0C&rsquo;est vraiment une maladie qui peut poser probl\u00e8me dans la vie de tous les jours\u00a0\u00bb, confirme le rhumatologue.<\/p>\n<p class=\"mb-4 text-lg md:leading-8 break-words\">D&rsquo;apr\u00e8s les r\u00e9sultats de cette enqu\u00eate, plus de 80 % des r\u00e9pondants prennent des m\u00e9dicaments pour tenter d\u2019att\u00e9nuer ces douleurs caus\u00e9es par les rhumatismes. Dans le d\u00e9tail, 94 % des patients ont d\u00e9j\u00e0 test\u00e9 le parac\u00e9tamol, et pr\u00e8s des deux tiers (62 %) les anti-inflammatoires non st\u00e9ro\u00efdien. Parmi les autres options envisag\u00e9es par les patients : la cortisone, le parac\u00e9tamol, les cortico\u00efdes, la morphine, etc.<\/p>\n<p class=\"mb-4 text-lg md:leading-8 break-words\"><strong>LIRE AUSSI &gt;&gt; <\/strong><a rel=\"noopener\" class=\"link  yahoo-link\" href=\"https:\/\/fr.news.yahoo.com\/christian-recchia-polyarthrite-rhumatoide-pathologie-douleurs-fulgurantes-cataclysmiques-135856491.html\" data-i13n=\"cpos:4;pos:1\" data-ylk=\"slk:Christian Recchia sur la polyarthrite rhumato\u00efde : &quot;Cette pathologie fr\u00e9quente provoque des douleurs fulgurantes et cataclysmiques&quot;;cpos:4;pos:1;elm:context_link;itc:0;sec:content-canvas;outcm:mb_qualified_link;_E:mb_qualified_link;ct:story;\" target=\"_blank\">Christian Recchia sur la polyarthrite rhumato\u00efde : \u00ab\u00a0Cette pathologie fr\u00e9quente provoque des douleurs fulgurantes et cataclysmiques\u00a0\u00bb<\/a><\/p>\n<p class=\"mb-4 text-lg md:leading-8 break-words\">Pour soulager la douleur, les patients tentent \u00e9galement d&rsquo;autres approches th\u00e9rapeutiques : \u00ab\u00a0Environ les deux tiers des personnes interrog\u00e9es (1 378 sur 2 100) ont suivi des s\u00e9ances de kin\u00e9sith\u00e9rapie, et parmi elles, les trois quarts les ont trouv\u00e9es utiles (1 043 sur 1 378). Seulement un tiers des personnes interrog\u00e9es (723 sur 2100) ont consult\u00e9 un psychiatre et un psychologue. Environ un quart de ces s\u00e9ances ont \u00e9t\u00e9 d\u00e9di\u00e9es aux th\u00e9rapies cognitivo- comportementales (TCC)\u00a0\u00bb. A l&rsquo;heure actuelle, il n&rsquo;existe aucun traitement pour gu\u00e9rir l&rsquo;arthrose.<\/p>\n","protected":false},"excerpt":{"rendered":"Une maladie qu&rsquo;il faut prendre au s\u00e9rieux. Lors d&rsquo;une conf\u00e9rence organis\u00e9e jeudi 16 octobre 2025 par les laboratoires&hellip;\n","protected":false},"author":2,"featured_media":495911,"comment_status":"","ping_status":"","sticky":false,"template":"","format":"standard","meta":{"footnotes":""},"categories":[10],"tags":[42461,61833,1011,27,72,487,61832,226,71],"class_list":{"0":"post-495910","1":"post","2":"type-post","3":"status-publish","4":"format-standard","5":"has-post-thumbnail","7":"category-sante","8":"tag-associations-de-patients","9":"tag-christian-recchia","10":"tag-fr","11":"tag-france","12":"tag-health","13":"tag-lorganisation-mondiale-de-la-sante","14":"tag-maheu","15":"tag-maladie","16":"tag-sante"},"share_on_mastodon":{"url":"https:\/\/pubeurope.com\/@fr\/115453081873517216","error":""},"_links":{"self":[{"href":"https:\/\/www.europesays.com\/fr\/wp-json\/wp\/v2\/posts\/495910","targetHints":{"allow":["GET"]}}],"collection":[{"href":"https:\/\/www.europesays.com\/fr\/wp-json\/wp\/v2\/posts"}],"about":[{"href":"https:\/\/www.europesays.com\/fr\/wp-json\/wp\/v2\/types\/post"}],"author":[{"embeddable":true,"href":"https:\/\/www.europesays.com\/fr\/wp-json\/wp\/v2\/users\/2"}],"replies":[{"embeddable":true,"href":"https:\/\/www.europesays.com\/fr\/wp-json\/wp\/v2\/comments?post=495910"}],"version-history":[{"count":0,"href":"https:\/\/www.europesays.com\/fr\/wp-json\/wp\/v2\/posts\/495910\/revisions"}],"wp:featuredmedia":[{"embeddable":true,"href":"https:\/\/www.europesays.com\/fr\/wp-json\/wp\/v2\/media\/495911"}],"wp:attachment":[{"href":"https:\/\/www.europesays.com\/fr\/wp-json\/wp\/v2\/media?parent=495910"}],"wp:term":[{"taxonomy":"category","embeddable":true,"href":"https:\/\/www.europesays.com\/fr\/wp-json\/wp\/v2\/categories?post=495910"},{"taxonomy":"post_tag","embeddable":true,"href":"https:\/\/www.europesays.com\/fr\/wp-json\/wp\/v2\/tags?post=495910"}],"curies":[{"name":"wp","href":"https:\/\/api.w.org\/{rel}","templated":true}]}}