{"id":495920,"date":"2025-10-28T18:00:13","date_gmt":"2025-10-28T18:00:13","guid":{"rendered":"https:\/\/www.europesays.com\/fr\/495920\/"},"modified":"2025-10-28T18:00:13","modified_gmt":"2025-10-28T18:00:13","slug":"lequateur-propose-daccueillir-une-base-militaire-etrangere-anti-trafic-de-drogue-dans-larchipel-des-galapagos","status":"publish","type":"post","link":"https:\/\/www.europesays.com\/fr\/495920\/","title":{"rendered":"L\u2019\u00c9quateur propose d\u2019accueillir une base militaire \u00e9trang\u00e8re anti-trafic de drogue dans l\u2019archipel des Galapagos"},"content":{"rendered":"<p>\n    Le pr\u00e9sident \u00e9quatorien Daniel Noboa envisage l\u2019installation d\u2019une base sur l\u2019\u00eele de Baltra pour renforcer la s\u00e9curit\u00e9 et lutter contre la criminalit\u00e9 maritime dans l\u2019archipel.<\/p>\n<p class=\"fig-paragraph\">Le pr\u00e9sident d\u2019\u00c9quateur\u00a0<a href=\"http:\/\/www.lefigaro.fr\/flash-actu\/equateur-le-president-daniel-noboa-se-dit-victime-d-une-tentative-d-empoisonnement-via-des-chocolats-offerts-20251024\" data-fig-type=\"NewsFlash\" data-gtm-custom-categorie=\"navigation\" data-gtm-custom-action=\"crossclick\" data-gtm-custom-label=\"Contextuel\" data-gtm-event=\"customEventSPE\" data-fig-domain=\"LEFIGARO\" target=\"_blank\" rel=\"noopener\">Daniel Noboa<\/a>\u00a0a \u00e9voqu\u00e9 mardi la possible installation d\u2019une base militaire \u00e9trang\u00e8re dans l\u2019archipel des Galapagos, alors que les \u00c9tats-Unis renforcent leur offensive contre le trafic de drogue sur la c\u00f4te Pacifique.<\/p>\n<p class=\"fig-paragraph\">\u00abIl faut bien clarifier la raison du choix de l\u2019\u00eele de Baltra\u00bb, o\u00f9 se situe l\u2019a\u00e9roport qui permet d\u2019acc\u00e9der \u00e0 l\u2019archipel class\u00e9 au Patrimoine mondial de l\u2019humanit\u00e9 pour sa faune et sa flore uniques au monde, a d\u00e9clar\u00e9 Daniel Noboa, un des principaux alli\u00e9s du pr\u00e9sident\u00a0<a href=\"http:\/\/www.lefigaro.fr\/international\/dossier\/donald-trump-investi-47e-president-des-etats-unis-notre-dossier-pour-tout-comprendre\" data-fig-type=\"Topic\" data-gtm-custom-categorie=\"navigation\" data-gtm-custom-action=\"crossclick\" data-gtm-custom-label=\"Contextuel\" data-gtm-event=\"customEventSPE\" data-fig-domain=\"LEFIGARO\" target=\"_blank\" rel=\"noopener\">Donald Trump<\/a>\u00a0en Am\u00e9rique du Sud. \u00abPremi\u00e8rement, la p\u00eache ill\u00e9gale; deuxi\u00e8mement, le trafic de drogue; troisi\u00e8mement, le contr\u00f4le sur le trafic de carburants qui provient de l\u00e0-bas\u00bb, a-t-il dit lors d\u2019une interview \u00e0 une radio locale.<\/p>\n<p>                                    <a class=\"fig-a11y-skip a11y-hidden\" href=\"#fig-a11y-skip-main-inarticle\"><br \/>\n        Passer la publicit\u00e9<br \/>\n    <\/a><\/p>\n<p class=\"fig-paragraph\">\u00abOn parle de bases \u00e9trang\u00e8res. Il peut donc y avoir une base de contr\u00f4le de la p\u00eache ill\u00e9gale de plusieurs pays qui s\u2019y trouvent. Il peut y avoir une autre base de contr\u00f4le des drogues, il peut y avoir une autre base pour la s\u00e9curit\u00e9 int\u00e9rieure, car les Etats-Unis (&#8230;) souhaitent contr\u00f4ler le probl\u00e8me loin de leurs fronti\u00e8res\u00bb, a pr\u00e9cis\u00e9 Daniel Noboa. Selon lui, \u00abcela va g\u00e9n\u00e9rer non seulement de la s\u00e9curit\u00e9 mais aussi des avantages pour la population des Galapagos\u00bb, strat\u00e9giquement situ\u00e9es dans le Pacifique, \u00e0 1.000 kilom\u00e8tres des c\u00f4tes \u00e9quatoriennes.<\/p>\n<p>De nouvelles frappes am\u00e9ricaines<\/p>\n<p class=\"fig-paragraph\">Les \u00c9tats-Unis m\u00e8nent depuis d\u00e9but septembre, essentiellement dans les eaux carib\u00e9ennes, mais \u00e9galement dans le Pacifique, des frappes a\u00e9riennes contre des embarcations pr\u00e9sent\u00e9es comme celles de narcotrafiquants qualifi\u00e9s de \u00abterroristes\u00bb. Mardi, le ministre de la D\u00e9fense Pete Hegseth a annonc\u00e9 que trois nouvelles frappes ont \u00e9t\u00e9 men\u00e9es contre quatre embarcations de\u00a0<a href=\"https:\/\/video.lefigaro.fr\/figaro\/international\/des-frappes-americaines-contre-quatre-embarcations-de-narcotrafiquants-presumes-font-14-morts-20251028\" data-fig-type=\"Video\" data-gtm-custom-categorie=\"navigation\" data-gtm-custom-action=\"crossclick\" data-gtm-custom-label=\"Contextuel\" data-gtm-event=\"customEventSPE\" data-fig-domain=\"LEFIGARO\" target=\"_blank\" rel=\"noopener\">narcotrafiquants\u00a0<\/a>pr\u00e9sum\u00e9s dans le Pacifique est, tuant quatorze personnes.<\/p>\n<p class=\"fig-paragraph\">Ces nouvelles op\u00e9rations portent \u00e0 quatorze le nombre d\u2019embarcations pr\u00e9sent\u00e9es comme celles de narcotrafiquants d\u00e9truites par des frappes am\u00e9ricaines, tuant au moins 57 personnes. Leur l\u00e9galit\u00e9 est largement mise en doute par les experts. Les \u00c9quatoriens sont appel\u00e9s par r\u00e9f\u00e9rendum le 16 novembre \u00e0 d\u00e9cider s\u2019ils autorisent l\u2019installation de bases militaires dans le pays, interdites selon la Constitution depuis 2008. Le gouvernement avait \u00e9voqu\u00e9 certains lieux sur la c\u00f4te Pacifique o\u00f9 ces bases pourraient \u00eatre install\u00e9es, parmi lesquels les Gal\u00e1pagos et leur \u00e9cosyst\u00e8me fragile.<\/p>\n<p class=\"fig-paragraph\">Une base militaire \u00abn\u2019est pas destin\u00e9e \u00e0 affecter les Gal\u00e1pagos mais \u00e0 les prot\u00e9ger\u00bb, a affirm\u00e9\u00a0<a href=\"http:\/\/www.lefigaro.fr\/flash-actu\/equateur-le-president-daniel-noboa-se-dit-victime-d-une-tentative-d-empoisonnement-via-des-chocolats-offerts-20251024\" data-fig-type=\"NewsFlash\" data-gtm-custom-categorie=\"navigation\" data-gtm-custom-action=\"crossclick\" data-gtm-custom-label=\"Contextuel\" data-gtm-event=\"customEventSPE\" data-fig-domain=\"LEFIGARO\" target=\"_blank\" rel=\"noopener\">Daniel Noboa<\/a>. L\u2019\u00eele de Baltra a \u00e9t\u00e9 une base militaire am\u00e9ricaine pendant la Seconde Guerre mondiale. Sur la c\u00f4te pacifique de l\u2019\u00c9quateur, la station baln\u00e9aire de Salinas ou le port de Manta, o\u00f9 les \u00c9tats-Unis ont poss\u00e9d\u00e9 jusqu\u2019en 2009 une base militaire, sont parmi les autres endroits mis \u00e0 l\u2019\u00e9tude, selon Daniel Noboa.<\/p>\n","protected":false},"excerpt":{"rendered":"Le pr\u00e9sident \u00e9quatorien Daniel Noboa envisage l\u2019installation d\u2019une base sur l\u2019\u00eele de Baltra pour renforcer la s\u00e9curit\u00e9 et&hellip;\n","protected":false},"author":2,"featured_media":495921,"comment_status":"","ping_status":"","sticky":false,"template":"","format":"standard","meta":{"footnotes":""},"categories":[5],"tags":[11,44096,34464,1011,27,61834,14,12,887,28],"class_list":{"0":"post-495920","1":"post","2":"type-post","3":"status-publish","4":"format-standard","5":"has-post-thumbnail","7":"category-international","8":"tag-actualites","9":"tag-base-militaire","10":"tag-equateur","11":"tag-fr","12":"tag-france","13":"tag-galapagos","14":"tag-international","15":"tag-news","16":"tag-trafic-de-drogue","17":"tag-world"},"share_on_mastodon":{"url":"https:\/\/pubeurope.com\/@fr\/115453101569727747","error":""},"_links":{"self":[{"href":"https:\/\/www.europesays.com\/fr\/wp-json\/wp\/v2\/posts\/495920","targetHints":{"allow":["GET"]}}],"collection":[{"href":"https:\/\/www.europesays.com\/fr\/wp-json\/wp\/v2\/posts"}],"about":[{"href":"https:\/\/www.europesays.com\/fr\/wp-json\/wp\/v2\/types\/post"}],"author":[{"embeddable":true,"href":"https:\/\/www.europesays.com\/fr\/wp-json\/wp\/v2\/users\/2"}],"replies":[{"embeddable":true,"href":"https:\/\/www.europesays.com\/fr\/wp-json\/wp\/v2\/comments?post=495920"}],"version-history":[{"count":0,"href":"https:\/\/www.europesays.com\/fr\/wp-json\/wp\/v2\/posts\/495920\/revisions"}],"wp:featuredmedia":[{"embeddable":true,"href":"https:\/\/www.europesays.com\/fr\/wp-json\/wp\/v2\/media\/495921"}],"wp:attachment":[{"href":"https:\/\/www.europesays.com\/fr\/wp-json\/wp\/v2\/media?parent=495920"}],"wp:term":[{"taxonomy":"category","embeddable":true,"href":"https:\/\/www.europesays.com\/fr\/wp-json\/wp\/v2\/categories?post=495920"},{"taxonomy":"post_tag","embeddable":true,"href":"https:\/\/www.europesays.com\/fr\/wp-json\/wp\/v2\/tags?post=495920"}],"curies":[{"name":"wp","href":"https:\/\/api.w.org\/{rel}","templated":true}]}}