{"id":495925,"date":"2025-10-28T18:03:16","date_gmt":"2025-10-28T18:03:16","guid":{"rendered":"https:\/\/www.europesays.com\/fr\/495925\/"},"modified":"2025-10-28T18:03:16","modified_gmt":"2025-10-28T18:03:16","slug":"la-majorite-de-nos-promesses-ont-ete-tenues","status":"publish","type":"post","link":"https:\/\/www.europesays.com\/fr\/495925\/","title":{"rendered":"\u00ab\u00a0La majorit\u00e9 de nos promesses ont \u00e9t\u00e9 tenues\u00a0\u00bb"},"content":{"rendered":"<p>                            Pourquoi ne pas faire le choix d\u2019un nouveau mandat\u00a0?<\/p>\n<p>\u00ab\u00a0Ce n\u2019est absolument pas par lassitude, je resterai toujours investie pour ma commune mais j\u2019estime qu\u2019il faut donner la chance \u00e0 d\u2019autres personnes qui peuvent apporter des id\u00e9es nouvelles et dans ce sens-l\u00e0 R\u00e9my Breysse, premier adjoint, a toute ma confiance. Pendant six ans, j\u2019ai appr\u00e9ci\u00e9 la proximit\u00e9 avec les habitants, c\u2019est ce qui m\u2019a sembl\u00e9 le plus important, j\u2019ai fait mon possible pour les aider au mieux, le c\u00f4t\u00e9 humain a \u00e9t\u00e9 pour moi essentiel.\u00a0\u00bb<\/p>\n<blockquote class=\"question\"><p>Revenons sur vos promesses de campagne,&#8230;<\/p><\/blockquote>\n","protected":false},"excerpt":{"rendered":"Pourquoi ne pas faire le choix d\u2019un nouveau mandat\u00a0? \u00ab\u00a0Ce n\u2019est absolument pas par lassitude, je resterai toujours&hellip;\n","protected":false},"author":2,"featured_media":495926,"comment_status":"","ping_status":"","sticky":false,"template":"","format":"standard","meta":{"footnotes":""},"categories":[9653],"tags":[1111,11,2430,7539,1777,674,1011,32964,27,12,316,25,4001,14025],"class_list":{"0":"post-495925","1":"post","2":"type-post","3":"status-publish","4":"format-standard","5":"has-post-thumbnail","7":"category-saint-etienne","8":"tag-actu","9":"tag-actualites","10":"tag-auvergne-rhone-alpes","11":"tag-edition-loire-sud","12":"tag-eu","13":"tag-europe","14":"tag-fr","15":"tag-fraisses","16":"tag-france","17":"tag-news","18":"tag-politique","19":"tag-republique-francaise","20":"tag-saint-etienne","21":"tag-unieux-bassin"},"share_on_mastodon":{"url":"https:\/\/pubeurope.com\/@fr\/115453113461441865","error":""},"_links":{"self":[{"href":"https:\/\/www.europesays.com\/fr\/wp-json\/wp\/v2\/posts\/495925","targetHints":{"allow":["GET"]}}],"collection":[{"href":"https:\/\/www.europesays.com\/fr\/wp-json\/wp\/v2\/posts"}],"about":[{"href":"https:\/\/www.europesays.com\/fr\/wp-json\/wp\/v2\/types\/post"}],"author":[{"embeddable":true,"href":"https:\/\/www.europesays.com\/fr\/wp-json\/wp\/v2\/users\/2"}],"replies":[{"embeddable":true,"href":"https:\/\/www.europesays.com\/fr\/wp-json\/wp\/v2\/comments?post=495925"}],"version-history":[{"count":0,"href":"https:\/\/www.europesays.com\/fr\/wp-json\/wp\/v2\/posts\/495925\/revisions"}],"wp:featuredmedia":[{"embeddable":true,"href":"https:\/\/www.europesays.com\/fr\/wp-json\/wp\/v2\/media\/495926"}],"wp:attachment":[{"href":"https:\/\/www.europesays.com\/fr\/wp-json\/wp\/v2\/media?parent=495925"}],"wp:term":[{"taxonomy":"category","embeddable":true,"href":"https:\/\/www.europesays.com\/fr\/wp-json\/wp\/v2\/categories?post=495925"},{"taxonomy":"post_tag","embeddable":true,"href":"https:\/\/www.europesays.com\/fr\/wp-json\/wp\/v2\/tags?post=495925"}],"curies":[{"name":"wp","href":"https:\/\/api.w.org\/{rel}","templated":true}]}}