{"id":495929,"date":"2025-10-28T18:05:17","date_gmt":"2025-10-28T18:05:17","guid":{"rendered":"https:\/\/www.europesays.com\/fr\/495929\/"},"modified":"2025-10-28T18:05:17","modified_gmt":"2025-10-28T18:05:17","slug":"nancy-on-remonte-lorgue-de-la-cathedrale-un-puzzle-monumental","status":"publish","type":"post","link":"https:\/\/www.europesays.com\/fr\/495929\/","title":{"rendered":"Nancy. On remonte l\u2019orgue de la cath\u00e9drale\u00a0: un puzzle monumental"},"content":{"rendered":"<p>Dans cette immense cage \u00e0 \u00e9cureuil en m\u00e9tal, agenc\u00e9e \u00e0 plus de 11\u00a0m\u00e8tres du sol, on se situe quelque part entre un immense jeu de Lego\u00ae, un titanesque mod\u00e8le de Meccano\u00ae et un fabuleux casse-t\u00eate chinois. Voil\u00e0 \u00e0 quoi, depuis quelques jours, s\u2019attelle l\u2019\u00e9quipe des ateliers Jurine (sis \u00e0 Lyon) et Chevron-Cattiaux (de Corr\u00e8ze), charg\u00e9s de reconstituer le grand orgue de la cath\u00e9drale d\u2019o\u00f9 il avait disparu depuis pr\u00e8s de 4 ans.<\/p>\n<p>Et en effet, ce n\u2019est pas mince affaire. L\u2019instrument, mont\u00e9 dans les ann\u00e9es 1760 par Nicolas Dupont, rel\u00e8ve du patrimoine culturel nanc\u00e9ien \u00e0 haute valeur ajout\u00e9e. D\u2019autant qu\u2019en 1861, il a \u00e9t\u00e9 substantiellement modifi\u00e9 par le plus grand facteur d\u2019orgue de son temps, le d\u00e9nomm\u00e9 Cavaill\u00e9 Coll. Jusqu\u2019\u00e0 en faire un monument \u00e0 4\u00a0000 tuyaux\u00a0!<\/p>\n<p>Mais de cette jungle de plomb et \u00e9tain, il ne restait plus gu\u00e8re qu\u2019une coquille vide en bois. Pour cause de restauration. Une intervention \u00e0 1,4\u00a0M\u20ac, n\u00e9cessaire \u00e0 deux titres\u00a0: d\u2019abord le temps qui passe et ses kilos de poussi\u00e8re qui s\u2019incrustent dans meubles et tuyaux\u00a0; mais aussi une malheureuse tentative de \u00ab\u00a0modernisation\u00a0\u00bb en 1965 qui, selon les sp\u00e9cialistes d\u2019aujourd\u2019hui, a d\u00e9natur\u00e9 l\u2019instrument.<\/p>\n<p>\u00ab\u00a0Des tuyaux de cuivre avaient \u00e9t\u00e9 ajout\u00e9s par exemple, soi-disant pour des raisons esth\u00e9tiques, regrette <a href=\"https:\/\/www.estrepublicain.fr\/culture-loisirs\/2020\/05\/28\/johann-vexo\" target=\"_blank\" rel=\"noopener\">Johann Vexo, titulaire de l\u2019orgue.<\/a> Avec pour r\u00e9sultat d\u2019alt\u00e9rer le son.\u00a0\u00bb<\/p>\n<p>  Poussi\u00e8res ind\u00e9sirables<\/p>\n<p><a href=\"https:\/\/www.estrepublicain.fr\/culture-loisirs\/2021\/10\/10\/le-grand-orgue-quitte-la-cathedrale-pour-trois-ans\" target=\"_blank\" rel=\"noopener\">D\u00e9mantibul\u00e9 d\u00e8s janvier\u00a02022,<\/a> le grand orgue a alors \u00e9t\u00e9 dispers\u00e9 non seulement chez les facteurs d\u2019orgue lyonnais et corr\u00e9ziens. Mais \u00e9galement chez les Alsaciens de l\u2019atelier Guerrier.<\/p>\n<p>Depuis, \u00e0 Nancy, rien. Ou pas grand-chose. Il aura fallu qu\u2019avance entre-temps un autre chantier\u00a0: la restauration des vo\u00fbtes de la cath\u00e9drale. Potentiellement g\u00e9n\u00e9ratrice de poussi\u00e8res ind\u00e9sirables.<\/p>\n<p>Or, <a href=\"https:\/\/www.estrepublicain.fr\/culture-loisirs\/2025\/06\/09\/le-point-sur-le-chantier-de-la-cathedrale-enfin-la-phase-2\" target=\"_blank\" rel=\"noopener\">la phase 1 de cette intervention, qui concernait l\u2019environnement imm\u00e9diat de l\u2019orgue,<\/a> est achev\u00e9e \u00e0 pr\u00e9sent. On en craint d\u00e9sormais moins les d\u00e9sagr\u00e9ments. D\u2019autant qu\u2019une bulle de protection isole l\u2019orgue et ses \u00e9chafaudages.<\/p>\n<p>  Tr\u00e8s lourd, tr\u00e8s fragile<\/p>\n<p>Ainsi le puzzle instrumental peut-il d\u00e9sormais \u00eatre recompos\u00e9 \u00e0 l\u2019abri des dangers. Entreprise tout \u00e0 la fois vertigineuse, spectaculaire, et infiniment d\u00e9licate.<\/p>\n<p>\u00ab\u00a0C\u2019est qu\u2019il s\u2019agit d\u2019un gros instrument tr\u00e8s complexe, comme le sont la plupart des orgues romantiques \u00e0 partir de 1830, explique Mathieu Delmas, l\u2019un des patrons des ateliers Jurine. Il faut man\u0153uvrer des pi\u00e8ces tr\u00e8s fragiles qui p\u00e8sent parfois jusqu\u2019\u00e0 200\u00a0kilos, tout en faisant en sorte qu\u2019elles tombent parfaitement en place.\u00a0\u00bb<\/p>\n<p>Premi\u00e8re \u00e9tape\u00a0: reconstituer la m\u00e9canique interne log\u00e9e dans le meuble de ch\u00eane, insoup\u00e7onn\u00e9e du profane. Une machinerie sophistiqu\u00e9e qui int\u00e8gre notamment les \u00ab\u00a0sommiers\u00a0\u00bb, pi\u00e8ces imposantes (192\u00a0kilos pour le plus lourd) sur lesquelles reposent les tuyaux. Un ajustement au millim\u00e8tre y est requis. Sans quoi, il y aura des couacs \u00e0 la messe\u2026<\/p>\n<p>\u00ab\u00a0Comme on commence par les tr\u00e8s grosses pi\u00e8ces, \u00e7a semble prendre tournure tr\u00e8s vite, se r\u00e9jouit Johann Vexo. Mais ensuite, ce sont des kilom\u00e8tres de tringles (ou vergettes) qu\u2019il va falloir recomposer, ces tiges qui font la connexion entre sommiers et clavier. Un enchev\u00eatrement tr\u00e8s \u00e9labor\u00e9.\u00a0\u00bb<\/p>\n<p>  Inauguration en 2027<\/p>\n<p>Quant aux tuyaux \u00e0 proprement parler (pour l\u2019instant \u00e0 l\u2019abri en Alsace), il ne faut pas esp\u00e9rer leur retour avant l\u2019\u00e9t\u00e9 prochain. Car d\u2019abord doit s\u2019achever la restauration des vo\u00fbtes, de sorte d\u2019\u00e9vacuer les \u00e9chafaudages. Ainsi le son pourra-t-il donner sa pleine mesure dans l\u2019\u00e9difice.<\/p>\n<p>Alors interviendront les harmonistes, associ\u00e9s \u00e0 la r\u00e9installation de chacun des 4\u00a0000 tuyaux, mais surtout charg\u00e9s de leur r\u00e9glage, un \u00e0 un. Des mois de travail de haute pr\u00e9cision\u00a0!<\/p>\n<p>Et si l\u2019\u00c9tat d\u00e9bloque en temps et en heure les fonds promis pour toutes les phases du chantier (ce qui n\u2019est pas toujours son fort), on peut esp\u00e9rer qu\u2019\u00e0 l\u2019aube de l\u2019\u00e9t\u00e9 2027, l\u2019orgue et son \u00e9crin soient rendus \u00e0 leur public. Et aux paroissiens.<\/p>\n","protected":false},"excerpt":{"rendered":"Dans cette immense cage \u00e0 \u00e9cureuil en m\u00e9tal, agenc\u00e9e \u00e0 plus de 11\u00a0m\u00e8tres du sol, on se situe&hellip;\n","protected":false},"author":2,"featured_media":495930,"comment_status":"","ping_status":"","sticky":false,"template":"","format":"standard","meta":{"footnotes":""},"categories":[9635],"tags":[1111,11,1687,1704,1777,674,1011,27,775,873,1702,1703,12,2661,25],"class_list":{"0":"post-495929","1":"post","2":"type-post","3":"status-publish","4":"format-standard","5":"has-post-thumbnail","7":"category-nancy","8":"tag-actu","9":"tag-actualites","10":"tag-culture-loisirs","11":"tag-edition-nancy-et-agglomeration","12":"tag-eu","13":"tag-europe","14":"tag-fr","15":"tag-france","16":"tag-grand-est","17":"tag-musique","18":"tag-nancy","19":"tag-nancy-ville-54b","20":"tag-news","21":"tag-patrimoine-culturel","22":"tag-republique-francaise"},"share_on_mastodon":{"url":"https:\/\/pubeurope.com\/@fr\/115453121281770420","error":""},"_links":{"self":[{"href":"https:\/\/www.europesays.com\/fr\/wp-json\/wp\/v2\/posts\/495929","targetHints":{"allow":["GET"]}}],"collection":[{"href":"https:\/\/www.europesays.com\/fr\/wp-json\/wp\/v2\/posts"}],"about":[{"href":"https:\/\/www.europesays.com\/fr\/wp-json\/wp\/v2\/types\/post"}],"author":[{"embeddable":true,"href":"https:\/\/www.europesays.com\/fr\/wp-json\/wp\/v2\/users\/2"}],"replies":[{"embeddable":true,"href":"https:\/\/www.europesays.com\/fr\/wp-json\/wp\/v2\/comments?post=495929"}],"version-history":[{"count":0,"href":"https:\/\/www.europesays.com\/fr\/wp-json\/wp\/v2\/posts\/495929\/revisions"}],"wp:featuredmedia":[{"embeddable":true,"href":"https:\/\/www.europesays.com\/fr\/wp-json\/wp\/v2\/media\/495930"}],"wp:attachment":[{"href":"https:\/\/www.europesays.com\/fr\/wp-json\/wp\/v2\/media?parent=495929"}],"wp:term":[{"taxonomy":"category","embeddable":true,"href":"https:\/\/www.europesays.com\/fr\/wp-json\/wp\/v2\/categories?post=495929"},{"taxonomy":"post_tag","embeddable":true,"href":"https:\/\/www.europesays.com\/fr\/wp-json\/wp\/v2\/tags?post=495929"}],"curies":[{"name":"wp","href":"https:\/\/api.w.org\/{rel}","templated":true}]}}