{"id":495933,"date":"2025-10-28T18:08:11","date_gmt":"2025-10-28T18:08:11","guid":{"rendered":"https:\/\/www.europesays.com\/fr\/495933\/"},"modified":"2025-10-28T18:08:11","modified_gmt":"2025-10-28T18:08:11","slug":"ou-jouera-lucas-peyresblanques-la-saison-prochaine","status":"publish","type":"post","link":"https:\/\/www.europesays.com\/fr\/495933\/","title":{"rendered":"o\u00f9 jouera Lucas Peyresblanques la saison prochaine\u00a0?"},"content":{"rendered":"<p>            Par<br \/>\n        <strong><br \/>\n            <a href=\"https:\/\/actu.fr\/auteur\/tanguy-scigala\" title=\"Consulter tous les articles de Tanguy Scigala\" target=\"_blank\" rel=\"noopener\">Tanguy Scigala<\/a><br \/>\n        <\/strong><\/p>\n<p>        Publi\u00e9 le<\/p>\n<p>            28 oct. 2025 \u00e0 16h40<br \/>\n        ; mis \u00e0 jour le 28 oct. 2025 \u00e0 17h26    <\/p>\n<p>Ces derni\u00e8res semaines, le nom de <strong>Lucas Peyresblanques<\/strong> revenait avec insistance sur le march\u00e9 des transferts. Le talonneur du <a href=\"https:\/\/actu.fr\/tag\/stade-francais\" target=\"_blank\" rel=\"noopener\">Stade Fran\u00e7ais<\/a>, dont le contrat arrive \u00e0 terme, attisait la curiosit\u00e9 de plusieurs formations de <a href=\"https:\/\/actu.fr\/rugby\/top-14\" target=\"_blank\" rel=\"noopener\">Top 14<\/a> en qu\u00eate d\u2019un renfort \u00e0 ce poste. Form\u00e9 \u00e0 Biarritz, le joueur de 27 ans, connu pour sa r\u00e9gularit\u00e9 et son activit\u00e9 sur le terrain, semblait m\u00eame se rapprocher d\u2019un nouveau projet en France.<\/p>\n<p class=\" wall-content\">L\u2019Aviron Bayonnais, notamment, faisait partie des clubs int\u00e9ress\u00e9s par son profil. Les dirigeants basques avaient engag\u00e9 des discussions avec le Parisien, s\u00e9duits par son exp\u00e9rience et sa constance. Mais selon les informations d\u2019<a href=\"https:\/\/actu.fr\/rugby\/\" target=\"_blank\" rel=\"noopener\">Actu Rugby<\/a>, ces discussions n\u2019ont pas abouti. Les \u00e9changes, pourtant bien entam\u00e9s, se sont progressivement refroidis avant d\u2019\u00eatre interrompus, faute d\u2019accord.<\/p>\n<p>Bayonne : Plut\u00f4t Cramont que Peyresblanques<\/p>\n<p class=\" wall-content\"><a href=\"https:\/\/actu.fr\/tag\/aviron-bayonnais\" target=\"_blank\" rel=\"noopener\">Bayonne<\/a>, qui travaille sur plusieurs pistes, voit donc l\u2019une d\u2019entre elles tomber \u00e0 l\u2019eau. Il reste toujours la solution menant \u00e0 Guillaume Cramont, dont l\u2019avenir n\u2019est pas encore scell\u00e9. Aux derni\u00e8res nouvelles, le talonneur du <a href=\"https:\/\/actu.fr\/tag\/stade-toulousain\" target=\"_blank\" rel=\"noopener\">Stade Toulousain<\/a> devrait prolonger son bail en Haute-Garonne pour plusieurs saisons avant d\u2019\u00eatre pr\u00eat\u00e9 dans la foul\u00e9e. Une mani\u00e8re pour lui d\u2019obtenir du temps de jeu, de s\u2019aguerrir encore plus aux exigences du Top 14, puis de revenir \u00e0 Toulouse avec davantage d\u2019exp\u00e9rience.<\/p>\n<p class=\" wall-content\">L\u2019avenir de Lucas Peyresblanques, lui, reste ouvert. Selon nos informations, le Stade Fran\u00e7ais lui a propos\u00e9 une prolongation il y a plusieurs semaines, offre que le joueur a jug\u00e9e \u00ab\u00a0insuffisante\u00a0\u00bb. Le RC Toulon s\u2019est \u00e9galement positionn\u00e9 dans le dossier et tiendrait aujourd\u2019hui la corde parmi les clubs int\u00e9ress\u00e9s.<\/p>\n<p>Un poste \u00e0 pourvoir du c\u00f4t\u00e9 de Toulon<\/p>\n<p class=\" wall-content\">La situation dans le Var laisse en effet la porte ouverte \u00e0 un renfort \u00e0 ce poste. La saison prochaine, le RCT ne comptera, \u00e0 ce jour, que Pierre Damond (21 ans) et Teddy Baubigny (27 ans). Micka\u00ebl Ivaldi devrait tirer sa r\u00e9v\u00e9rence, tandis que Gianmarco Lucchesi, actuellement bless\u00e9, arrive en fin de contrat.<\/p>\n<p class=\" wall-content\">Dans ce contexte, le profil de Peyresblanques appara\u00eet comme une option s\u00e9rieuse pour renforcer la profondeur du poste de talonneur sur la rade.<\/p>\n<p class=\" wall-content\">Personnalisez votre actualit\u00e9 en ajoutant vos villes et m\u00e9dias en favori avec <a href=\"https:\/\/moncompte.actu.fr\" title=\"D\u00e9couvez Mon Actu\" rel=\"nofollow noopener\" data-trk=\"{&quot;cta&quot;:{&quot;action&quot;:&quot;https:\\\/\\\/moncompte.actu.fr&quot;,&quot;category&quot;:&quot;mon compte&quot;,&quot;from&quot;:&quot;article footer&quot;,&quot;name&quot;:&quot;Mon actu&quot;,&quot;type&quot;:&quot;cta&quot;}}\" target=\"_blank\">Mon Actu<\/a>.<\/p>\n","protected":false},"excerpt":{"rendered":"Par Tanguy Scigala Publi\u00e9 le 28 oct. 2025 \u00e0 16h40 ; mis \u00e0 jour le 28 oct. 2025&hellip;\n","protected":false},"author":2,"featured_media":495934,"comment_status":"","ping_status":"","sticky":false,"template":"","format":"standard","meta":{"footnotes":""},"categories":[9619],"tags":[1111,11,4736,1777,674,1011,27,12,882,6717,25,479,60,478,2310,477],"class_list":{"0":"post-495933","1":"post","2":"type-post","3":"status-publish","4":"format-standard","5":"has-post-thumbnail","7":"category-toulon","8":"tag-actu","9":"tag-actualites","10":"tag-aviron-bayonnais","11":"tag-eu","12":"tag-europe","13":"tag-fr","14":"tag-france","15":"tag-news","16":"tag-provence-alpes-cote-dazur","17":"tag-rct-rugby-club-toulonnais","18":"tag-republique-francaise","19":"tag-rugby","20":"tag-sports","21":"tag-top-14","22":"tag-toulon","23":"tag-transferts-rugby"},"share_on_mastodon":{"url":"https:\/\/pubeurope.com\/@fr\/115453133101730958","error":""},"_links":{"self":[{"href":"https:\/\/www.europesays.com\/fr\/wp-json\/wp\/v2\/posts\/495933","targetHints":{"allow":["GET"]}}],"collection":[{"href":"https:\/\/www.europesays.com\/fr\/wp-json\/wp\/v2\/posts"}],"about":[{"href":"https:\/\/www.europesays.com\/fr\/wp-json\/wp\/v2\/types\/post"}],"author":[{"embeddable":true,"href":"https:\/\/www.europesays.com\/fr\/wp-json\/wp\/v2\/users\/2"}],"replies":[{"embeddable":true,"href":"https:\/\/www.europesays.com\/fr\/wp-json\/wp\/v2\/comments?post=495933"}],"version-history":[{"count":0,"href":"https:\/\/www.europesays.com\/fr\/wp-json\/wp\/v2\/posts\/495933\/revisions"}],"wp:featuredmedia":[{"embeddable":true,"href":"https:\/\/www.europesays.com\/fr\/wp-json\/wp\/v2\/media\/495934"}],"wp:attachment":[{"href":"https:\/\/www.europesays.com\/fr\/wp-json\/wp\/v2\/media?parent=495933"}],"wp:term":[{"taxonomy":"category","embeddable":true,"href":"https:\/\/www.europesays.com\/fr\/wp-json\/wp\/v2\/categories?post=495933"},{"taxonomy":"post_tag","embeddable":true,"href":"https:\/\/www.europesays.com\/fr\/wp-json\/wp\/v2\/tags?post=495933"}],"curies":[{"name":"wp","href":"https:\/\/api.w.org\/{rel}","templated":true}]}}