{"id":495939,"date":"2025-10-28T18:11:10","date_gmt":"2025-10-28T18:11:10","guid":{"rendered":"https:\/\/www.europesays.com\/fr\/495939\/"},"modified":"2025-10-28T18:11:10","modified_gmt":"2025-10-28T18:11:10","slug":"on-vous-la-fait-decouvrir","status":"publish","type":"post","link":"https:\/\/www.europesays.com\/fr\/495939\/","title":{"rendered":"on vous la fait d\u00e9couvrir"},"content":{"rendered":"<p>            Par<br \/>\n        <strong><br \/>\n            <a href=\"https:\/\/actu.fr\/auteur\/adrien-filoche\" title=\"Consulter tous les articles de Adrien Filoche\" target=\"_blank\" rel=\"noopener\">Adrien Filoche<\/a><br \/>\n        <\/strong><\/p>\n<p>        Publi\u00e9 le<\/p>\n<p>            28 oct. 2025 \u00e0 18h23        <\/p>\n<p><strong>Une bonne nouvelle pour les amateurs de grimpe.<\/strong> Une salle d\u2019escalade de blocs s\u2019est install\u00e9e fin septembre\u00a02025 dans le centre-ville de <a href=\"https:\/\/actu.fr\/normandie\/rouen_76540\" target=\"_blank\" rel=\"noopener\">Rouen (Seine-Maritime)<\/a>, au 19 de la rue Constantine. Initialement, c\u2019\u00e9tait <a href=\"https:\/\/actu.fr\/normandie\/rouen_76540\/une-toute-nouvelle-salle-d-escalade-de-bloc-de-1600-m-va-ouvrir-a-rouen_60029251.html\" target=\"_blank\" rel=\"noopener\">l\u2019enseigne Vertical\u2019Art<\/a> qui devait ouvrir, mais le projet n\u2019a pas abouti. Finalement, <strong>l\u2019enseigne Bloc Session<\/strong> a repris les manettes. On vous pr\u00e9sente cette nouvelle salle qui partage ses locaux avec l\u2019historique laser game du quartier Pasteur.<\/p>\n<p>Un lieu ouvert \u00e0 tous<\/p>\n<p class=\" wall-content\">C\u2019est la 26e salle du groupe Bloc Session qui a pris ses quartiers \u00e0 Rouen. \u00c0 l\u2019int\u00e9rieur de cet espace de 700 m\u00b2, les grimpeurs ont pris possession des lieux et les premiers habitu\u00e9s commencent d\u00e9j\u00e0 \u00e0 profiter de ce nouvel \u00e9tablissement, <strong>le premier de ce type dans le centre-ville.<\/strong> \u00ab\u2009Il y a pas mal de monde aujourd\u2019hui\u2009\u00bb, souligne en souriant Thomas, le g\u00e9rant de la salle.<\/p>\n<p class=\" wall-content\">Du c\u00f4t\u00e9 de la client\u00e8le, des \u00e9tudiants et des jeunes actifs, le c\u0153ur de cible, mais \u00e9galement des familles avec des enfants. \u00ab\u2009On a notamment un espace d\u00e9di\u00e9 pour les plus jeunes\u2009\u00bb, pr\u00e9sente le g\u00e9rant.<\/p>\n<p class=\" wall-content\">Dans la salle, on compte 200 blocs au total, avec entre 20 et 25 nouveaux blocs tous les sept jours. \u00ab\u2009On fait deux jours d\u2019ouverture par semaine\u2009\u00bb, souligne Thomas. <strong>De quoi varier les plaisirs pour les grimpeurs.<\/strong><\/p>\n<p>Tarifs et horaires d\u2019ouverture<\/p>\n<p class=\" wall-content\">Du c\u00f4t\u00e9 des tarifs, il faut d\u00e9bourser<strong> 16\u00a0euros pour une entr\u00e9e<\/strong>, qui permet de pratiquer la journ\u00e9e enti\u00e8re. <strong>Un abonnement \u00e0 42\u00a0euros par mois<\/strong> offre un acc\u00e8s illimit\u00e9 \u00e0 la salle. Par ailleurs, un tarif r\u00e9duit est propos\u00e9 (pour les \u00e9tudiants, mineurs, les moniteurs d\u2019escalades, etc.) \u00e0 hauteur de 14\u00a0euros l\u2019entr\u00e9e et de 38\u00a0euros l\u2019abonnement.<\/p>\n<p>Vid\u00e9os : en ce moment sur Actu<\/p>\n<p class=\" wall-content\">En plus des sessions libres, <strong>des cours avec moniteurs<\/strong> sont \u00e9galement \u00e0 disposition, que ce soit pour les d\u00e9butants ou bien pour ceux qui souhaitent perfectionner leur technique de grimpe.<\/p>\n<p>Votre r\u00e9gion, votre actu !<\/p>\n<p>Recevez chaque jour les infos qui comptent pour vous.<\/p>\n<p>\t<a href=\"https:\/\/actu.fr\/newsletter\" class=\"ac-btn ac-btn--corner ac-btn--medium ac-btn--blue800\" target=\"_blank\" rel=\"noopener\">S&rsquo;incrire<\/a><\/p>\n<p class=\" wall-content\">L\u2019\u00e9tablissement est <strong>ouvert tous les jours de la semaine,<\/strong> entre 12h et 22h du lundi au vendredi, et entre 10h et 20h le samedi et le dimanche.<\/p>\n<p>Suivez l\u2019actualit\u00e9 de Rouen sur <a href=\"https:\/\/www.whatsapp.com\/channel\/0029VaKfnf99hXF2ddApFB1D\" target=\"_blank\" rel=\"noopener\">notre cha\u00eene WhatsApp<\/a> et sur <a href=\"https:\/\/www.tiktok.com\/@76actu.fr?lang=fr\" target=\"_blank\" rel=\"noopener\">notre compte TikTok<\/a><br \/>\nBloc Session \u00e0 retrouver sur <a href=\"https:\/\/www.facebook.com\/blocsessionrouen\" target=\"_blank\" rel=\"noopener\">Facebook<\/a> et <a href=\"https:\/\/www.instagram.com\/blocsession_rouen\/\" target=\"_blank\" rel=\"noopener\">Instagram<\/a><\/p>\n<p class=\" wall-content\">Personnalisez votre actualit\u00e9 en ajoutant vos villes et m\u00e9dias en favori avec <a href=\"https:\/\/moncompte.actu.fr\" title=\"D\u00e9couvez Mon Actu\" rel=\"nofollow noopener\" data-trk=\"{&quot;cta&quot;:{&quot;action&quot;:&quot;https:\\\/\\\/moncompte.actu.fr&quot;,&quot;category&quot;:&quot;mon compte&quot;,&quot;from&quot;:&quot;article footer&quot;,&quot;name&quot;:&quot;Mon actu&quot;,&quot;type&quot;:&quot;cta&quot;}}\" target=\"_blank\">Mon Actu<\/a>.<\/p>\n<p>                    <script async src=\"\/\/www.instagram.com\/embed.js\"><\/script><script async src=\"\/\/www.tiktok.com\/embed.js\"><\/script><\/p>\n","protected":false},"excerpt":{"rendered":"Par Adrien Filoche Publi\u00e9 le 28 oct. 2025 \u00e0 18h23 Une bonne nouvelle pour les amateurs de grimpe.&hellip;\n","protected":false},"author":2,"featured_media":495940,"comment_status":"","ping_status":"","sticky":false,"template":"","format":"standard","meta":{"footnotes":""},"categories":[9587],"tags":[1111,11,9086,18093,1777,674,1011,27,1652,12,5161,3147,25,9590],"class_list":{"0":"post-495939","1":"post","2":"type-post","3":"status-publish","4":"format-standard","5":"has-post-thumbnail","7":"category-rouen","8":"tag-actu","9":"tag-actualites","10":"tag-bon-plan-a-rouen","11":"tag-escalade","12":"tag-eu","13":"tag-europe","14":"tag-fr","15":"tag-france","16":"tag-loisirs-culture","17":"tag-news","18":"tag-normandie","19":"tag-nouveaux-commerces","20":"tag-republique-francaise","21":"tag-rouen"},"share_on_mastodon":{"url":"https:\/\/pubeurope.com\/@fr\/115453144975628531","error":""},"_links":{"self":[{"href":"https:\/\/www.europesays.com\/fr\/wp-json\/wp\/v2\/posts\/495939","targetHints":{"allow":["GET"]}}],"collection":[{"href":"https:\/\/www.europesays.com\/fr\/wp-json\/wp\/v2\/posts"}],"about":[{"href":"https:\/\/www.europesays.com\/fr\/wp-json\/wp\/v2\/types\/post"}],"author":[{"embeddable":true,"href":"https:\/\/www.europesays.com\/fr\/wp-json\/wp\/v2\/users\/2"}],"replies":[{"embeddable":true,"href":"https:\/\/www.europesays.com\/fr\/wp-json\/wp\/v2\/comments?post=495939"}],"version-history":[{"count":0,"href":"https:\/\/www.europesays.com\/fr\/wp-json\/wp\/v2\/posts\/495939\/revisions"}],"wp:featuredmedia":[{"embeddable":true,"href":"https:\/\/www.europesays.com\/fr\/wp-json\/wp\/v2\/media\/495940"}],"wp:attachment":[{"href":"https:\/\/www.europesays.com\/fr\/wp-json\/wp\/v2\/media?parent=495939"}],"wp:term":[{"taxonomy":"category","embeddable":true,"href":"https:\/\/www.europesays.com\/fr\/wp-json\/wp\/v2\/categories?post=495939"},{"taxonomy":"post_tag","embeddable":true,"href":"https:\/\/www.europesays.com\/fr\/wp-json\/wp\/v2\/tags?post=495939"}],"curies":[{"name":"wp","href":"https:\/\/api.w.org\/{rel}","templated":true}]}}