{"id":495941,"date":"2025-10-28T18:12:14","date_gmt":"2025-10-28T18:12:14","guid":{"rendered":"https:\/\/www.europesays.com\/fr\/495941\/"},"modified":"2025-10-28T18:12:14","modified_gmt":"2025-10-28T18:12:14","slug":"a-rouen-cette-mythique-boite-de-nuit-des-annees-90-va-renaitre","status":"publish","type":"post","link":"https:\/\/www.europesays.com\/fr\/495941\/","title":{"rendered":"\u00e0 Rouen, cette mythique bo\u00eete de nuit des ann\u00e9es 90 va rena\u00eetre"},"content":{"rendered":"<p>            Par<br \/>\n        <strong><br \/>\n            <a href=\"https:\/\/actu.fr\/auteur\/yann-rivallan\" title=\"Consulter tous les articles de Yann Rivallan\" target=\"_blank\" rel=\"noopener\">Yann Rivallan<\/a><br \/>\n        <\/strong><\/p>\n<p>        Publi\u00e9 le<\/p>\n<p>            28 oct. 2025 \u00e0 19h08        <\/p>\n<p>Fini l\u2019\u00e9lectro et la tech. Place d\u00e9sormais \u00e0 la nostalgie <strong>des ann\u00e9es 80, 90 et 2000<\/strong>\u2009! Le <strong>Bifr\u00f6st<\/strong>, c\u00e9l\u00e8bre bo\u00eete de nuit du boulevard de l\u2019Yser \u00e0 <a href=\"https:\/\/actu.fr\/normandie\/rouen_76540\" target=\"_blank\" rel=\"noopener\">Rouen<\/a>, va changer d\u2019identit\u00e9. L\u2019\u00e9tablissement de f\u00eate retrouve le nom qu\u2019il portait dans les ann\u00e9es 90 et 2000\u00a0: <strong>le Velvet<\/strong>. Un nom qui risque de faire chaud au c\u0153ur de ses clients de l\u2019\u00e9poque, mais aussi \u00e0 la nouvelle g\u00e9n\u00e9ration, d\u00e9sireuse de retrouver une ambiance r\u00e9tro.<\/p>\n<p>Fin de la techno et de l\u2019\u00e9lectro<\/p>\n<p class=\" wall-content\">Sylvie et David Vergnory, g\u00e9rants de l\u2019\u00e9tablissement depuis pr\u00e8s de 19\u00a0ans, ont eu envie de se lancer dans un \u00ab\u2009nouveau challenge\u2009\u00bb. \u00c0 58 et 59\u00a0ans, le couple a repris le Velvet en 2007, avant de le transformer successivement en <strong>Detroit Studio puis en Bifr\u00f6st<\/strong>.<\/p>\n<p class=\" wall-content\">La mutation en Bifr\u00f6st, en fin d\u2019ann\u00e9e 2017, marque un virage pour la bo\u00eete de nuit. \u00ab\u2009On est pass\u00e9s d\u2019un style g\u00e9n\u00e9raliste \u00e0 de <strong>l\u2019\u00e9lectro et de la techno\u2009\u00bb<\/strong>, r\u00e9sume David Vergnory. \u00c0 l\u2019\u00e9poque, il y avait un cr\u00e9neau \u00e0 prendre\u2009: \u00ab\u2009Personne \u00e0 Rouen ne proposait \u00e7a\u2009\u00bb, assure le co-g\u00e9rant.<\/p>\n<p class=\" wall-content\">Mais aujourd\u2019hui, en fin d\u2019ann\u00e9e 2025, \u00ab\u2009on a le sentiment que la techno s\u2019essouffle\u2009\u00bb, remarque Sylvie Vergnory. Surtout, la client\u00e8le du Bifr\u00f6st est de plus en plus demandeuse d\u2019un <strong>retour aux sources<\/strong>, \u00e0 en croire les deux patrons.<\/p>\n<p>Retrouver un c\u00f4t\u00e9 \u00ab\u2009plus disco\u2009\u00bb<\/p>\n<p class=\" wall-content\">\u00ab\u2009On a \u00e9norm\u00e9ment de clients qui nous demandent de revenir \u00e0 une ambiance des ann\u00e9es 80, 90 et 2000\u2009\u00bb, constate Sylvie. Et \u00ab\u2009des jeunes comme des moins jeunes\u2009\u00bb, pr\u00e9cise-t-elle. Pour retomber dans les succ\u00e8s de cette \u00e9poque, reprendre le mythique nom \u00ab\u2009Velvet\u2009\u00bb \u2014 que les plus anciens ont aussi connu sous le nom du Grillon \u2014 a sembl\u00e9 indispensable au couple de g\u00e9rants.<\/p>\n<p>Vid\u00e9os : en ce moment sur Actu<br \/>\n    <img   decoding=\"async\" loading=\"lazy\" src=\"https:\/\/www.europesays.com\/fr\/wp-content\/uploads\/2025\/10\/accueil-velvet-boite-de-nuit-rouen-960x640.jpg\" alt=\"Voici \u00e0 quoi va ressembler le nouveau hall d'entr\u00e9e du Bifr\u00f6st, une fois redevenu le Velvet.\" width=\"960\" height=\"640\"\/><br \/>\n    Voici \u00e0 quoi va ressembler le nouveau hall d\u2019entr\u00e9e du Bifr\u00f6st, une fois redevenu le Velvet. (\u00a9Document transmis par les patrons du Velvet)<\/p>\n<p class=\" wall-content\">Alors, un changement de d\u00e9coration s\u2019impose. Depuis plusieurs semaines, les patrons s\u2019affairent \u00e0 transformer la bo\u00eete de nuit pour lui donner <strong>un c\u00f4t\u00e9 \u00ab\u2009plus disco\u2009\u00bb<\/strong>.<\/p>\n<p>Votre r\u00e9gion, votre actu !<\/p>\n<p>Recevez chaque jour les infos qui comptent pour vous.<\/p>\n<p>\t<a href=\"https:\/\/actu.fr\/newsletter\" class=\"ac-btn ac-btn--corner ac-btn--medium ac-btn--blue800\" target=\"_blank\" rel=\"noopener\">S&rsquo;incrire<\/a><\/p>\n<p class=\" wall-content\">Les habitu\u00e9s de l\u2019ancien Velvet pourront d\u2019ailleurs s\u2019amuser \u00e0 chercher des clins d\u2019\u0153il \u00e0 la bo\u00eete de nuit des ann\u00e9es 90\u2009: \u00ab\u2009On va retrouver les poteaux z\u00e9br\u00e9s, comme \u00e0 l\u2019\u00e9poque\u2009\u00bb, cite en exemple Sylvie Vergnory.<\/p>\n<p>Devenir \u00ab\u2009un club hybride\u2009\u00bb<\/p>\n<p class=\" wall-content\">C\u00f4t\u00e9 ambiance et animations, Sylvie et David Vergnory veulent devenir <strong>\u00ab\u2009un club hybride\u2009\u00bb<\/strong>. Une bo\u00eete de nuit qui aurait fusionn\u00e9 avec un bar dansant. Pour \u00e7a, \u00ab\u2009les horaires vont changer\u2009\u00bb, pr\u00e9vient la patronne des lieux.<\/p>\n<blockquote class=\"ac-article-quote wall-content\">\n<p>On va commencer [les soir\u00e9es] plus t\u00f4t et finir plus t\u00f4t.<\/p>\n<p>    <strong>Sylvie Vergnory<\/strong><br \/>\n        Co-g\u00e9rante du Velvet (anciennement Bifr\u00f6st)    <\/p><\/blockquote>\n<p class=\" wall-content\">Les horaires ne sont pas encore arr\u00eat\u00e9s mais on peut s\u2019attendre \u00ab\u2009\u00e0 une ouverture \u00e0 20 ou 21h et une fermeture \u00e0 4 ou 5h du matin\u2009\u00bb, explique Sylvie. Des soir\u00e9es sp\u00e9ciales auront \u00e9galement lieu et pourront durer de \u00ab\u200919h \u00e0 2h du matin\u2009\u00bb, selon elle.<\/p>\n<p class=\" wall-content\">\u00c0 terme, les deux patrons aimeraient proposer <strong>des apr\u00e8s-midi dansants<\/strong> le dimanche, pour une client\u00e8le plus \u00e2g\u00e9e. Enfin, il sera toujours possible de privatiser l\u2019\u00e9tablissement pour des soir\u00e9es \u00e9tudiantes ou de grands groupes.<\/p>\n<p>\u00ab\u2009De C\u00e9line Dion \u00e0 Britney Spears\u2009\u00bb<\/p>\n<p class=\" wall-content\">Pour la programmation, attendez-vous \u00e0 retrouver tous les plus grands tubes des ann\u00e9es 80, 90 et 2000. Pour faire simple\u2009: \u00ab\u2009On ira de C\u00e9line Dion \u00e0 Britney Spears\u2009\u00bb, promet Sylvie Vergnory.<\/p>\n<blockquote class=\"ac-article-quote wall-content\">\n<p>On aura tous les plus gros tubes \u00e0 chanter, version 2025.<\/p>\n<p>    <strong>Sylvie Vergnory<\/strong><br \/>\n        Co-g\u00e9rante du Velvet    <\/p><\/blockquote>\n<p class=\" wall-content\">Et tout \u00e7a, en mettant le paquet sur \u00ab\u2009la s\u00e9curit\u00e9\u2009\u00bb, assurent les g\u00e9rants : \u00ab\u2009\u00c7a a toujours \u00e9t\u00e9 notre credo\u2009\u00bb.<\/p>\n<p class=\" wall-content\">En attendant la r\u00e9surrection du Velvet, dont l\u2019ouverture est pr\u00e9vue <strong>le 8\u00a0novembre 2025<\/strong>, les patrons affichent leur confiance\u2009: \u00ab\u2009On sent beaucoup d\u2019engouement.\u2009\u00bb Et \u00e0 en croire Sylvie Vergnory, \u00ab\u2009on ne va pas faire revenir que les anciens, les jeunes sont aussi tr\u00e8s demandeurs\u2009\u00bb.<\/p>\n<p>Le Velvet, 105 Bd de l\u2019Yser, 76000 Rouen. Ouverture le samedi 8\u00a0novembre 2025.<\/p>\n<p>Suivez l\u2019actualit\u00e9 de Rouen sur <a href=\"https:\/\/www.whatsapp.com\/channel\/0029VaKfnf99hXF2ddApFB1D\" target=\"_blank\" rel=\"noopener\">notre cha\u00eene WhatsApp<\/a> et sur <a href=\"https:\/\/www.tiktok.com\/@76actu.fr?lang=fr\" target=\"_blank\" rel=\"noopener\">notre compte TikTok<\/a><\/p>\n<p class=\" wall-content\">Personnalisez votre actualit\u00e9 en ajoutant vos villes et m\u00e9dias en favori avec <a href=\"https:\/\/moncompte.actu.fr\" title=\"D\u00e9couvez Mon Actu\" rel=\"nofollow noopener\" data-trk=\"{&quot;cta&quot;:{&quot;action&quot;:&quot;https:\\\/\\\/moncompte.actu.fr&quot;,&quot;category&quot;:&quot;mon compte&quot;,&quot;from&quot;:&quot;article footer&quot;,&quot;name&quot;:&quot;Mon actu&quot;,&quot;type&quot;:&quot;cta&quot;}}\" target=\"_blank\">Mon Actu<\/a>.<\/p>\n<p>                    <script async src=\"\/\/www.tiktok.com\/embed.js\"><\/script><\/p>\n","protected":false},"excerpt":{"rendered":"Par Yann Rivallan Publi\u00e9 le 28 oct. 2025 \u00e0 19h08 Fini l\u2019\u00e9lectro et la tech. Place d\u00e9sormais \u00e0&hellip;\n","protected":false},"author":2,"featured_media":495942,"comment_status":"","ping_status":"","sticky":false,"template":"","format":"standard","meta":{"footnotes":""},"categories":[9587],"tags":[1111,11,5972,1777,674,1011,27,1652,873,12,5161,25,9590],"class_list":{"0":"post-495941","1":"post","2":"type-post","3":"status-publish","4":"format-standard","5":"has-post-thumbnail","7":"category-rouen","8":"tag-actu","9":"tag-actualites","10":"tag-danse","11":"tag-eu","12":"tag-europe","13":"tag-fr","14":"tag-france","15":"tag-loisirs-culture","16":"tag-musique","17":"tag-news","18":"tag-normandie","19":"tag-republique-francaise","20":"tag-rouen"},"share_on_mastodon":{"url":"https:\/\/pubeurope.com\/@fr\/115453149404554536","error":""},"_links":{"self":[{"href":"https:\/\/www.europesays.com\/fr\/wp-json\/wp\/v2\/posts\/495941","targetHints":{"allow":["GET"]}}],"collection":[{"href":"https:\/\/www.europesays.com\/fr\/wp-json\/wp\/v2\/posts"}],"about":[{"href":"https:\/\/www.europesays.com\/fr\/wp-json\/wp\/v2\/types\/post"}],"author":[{"embeddable":true,"href":"https:\/\/www.europesays.com\/fr\/wp-json\/wp\/v2\/users\/2"}],"replies":[{"embeddable":true,"href":"https:\/\/www.europesays.com\/fr\/wp-json\/wp\/v2\/comments?post=495941"}],"version-history":[{"count":0,"href":"https:\/\/www.europesays.com\/fr\/wp-json\/wp\/v2\/posts\/495941\/revisions"}],"wp:featuredmedia":[{"embeddable":true,"href":"https:\/\/www.europesays.com\/fr\/wp-json\/wp\/v2\/media\/495942"}],"wp:attachment":[{"href":"https:\/\/www.europesays.com\/fr\/wp-json\/wp\/v2\/media?parent=495941"}],"wp:term":[{"taxonomy":"category","embeddable":true,"href":"https:\/\/www.europesays.com\/fr\/wp-json\/wp\/v2\/categories?post=495941"},{"taxonomy":"post_tag","embeddable":true,"href":"https:\/\/www.europesays.com\/fr\/wp-json\/wp\/v2\/tags?post=495941"}],"curies":[{"name":"wp","href":"https:\/\/api.w.org\/{rel}","templated":true}]}}