{"id":495959,"date":"2025-10-28T18:22:14","date_gmt":"2025-10-28T18:22:14","guid":{"rendered":"https:\/\/www.europesays.com\/fr\/495959\/"},"modified":"2025-10-28T18:22:14","modified_gmt":"2025-10-28T18:22:14","slug":"fresque-en-solidarite-avec-le-peuple-congolais","status":"publish","type":"post","link":"https:\/\/www.europesays.com\/fr\/495959\/","title":{"rendered":"fresque en solidarit\u00e9 avec le peuple congolais"},"content":{"rendered":"<p><strong>Retour sur une apr\u00e8s-midi cr\u00e9ative et engag\u00e9e<\/strong><\/p>\n<p>Nous organisions dimanche 26 octobre \u00e0 Nantes un atelier de peinture participatif le long des quais de Loire \u2014 au niveau du skatepark de Vincent G\u00e2che pour les curieux \u2014 en soutien au peuple de la R\u00e9publique D\u00e9mocratique du Congo.<\/p>\n<p>Au cours de l\u2019apr\u00e8s-midi ce sont pas moins de 20 m\u00e8tres de mur qui furent enti\u00e8rement recouverts de messages et illustrations aux couleurs du drapeau congolais. Les passant\u00b7es et skater\u00b7euses amus\u00e9\u00b7es pouvaient lire p\u00eale-m\u00eale : \u00abPamoja\u00bb, signifiant \u00abensemble\u00bb en kiswahili, une des langues parl\u00e9es \u00e0 l\u2019Est du pays o\u00f9 se d\u00e9roulent les massacres commis par des groupes arm\u00e9s (notamment le M23), \u00abKongo Bolingo\u00bb en r\u00e9f\u00e9rence \u00e0 l\u2019\u00e9criture du Congo avant la colonisation, Bolingo se traduisant par amour en lingala, ainsi qu\u2019un \u00abFree Congo\u00bb appelant \u00e0 l\u2019action des peuples pour d\u00e9noncer la complicit\u00e9 des gouvernements et des multinationales de la tech, qui exploite les minerais pr\u00e9sents dans le sol du pays. On retrouvera \u00e9galement plusieurs drapeaux de la R\u00e9publique D\u00e9mocratique du Congo ainsi que le portrait d\u2019une jeune fille congolaise, inspir\u00e9 d\u2019une photographie.<\/p>\n<p>Pour r\u00e9aliser cette grande fresque, nous avons pu compter sur la participation d\u2019une trentaine de personnes au cours de la journ\u00e9e. De tous les \u00e2ges et de tous les niveaux, c\u2019est dans une ambiance bon enfant que tout le monde a pu transmettre, apprendre ou s\u2019amuser. Visible depuis un pont avec un trafic important, nous esp\u00e9rons qu\u2019elle interpellera les Nantais\u00b7es et les poussera \u00e0 se renseigner sur la situation dramatique de la RDC.<\/p>\n<p>Nous en profitons pour vous inviter \u00e0 nous retrouver vendredi 31 octobre <a href=\"https:\/\/www.instagram.com\/labodiva\/\" target=\"_blank\" rel=\"noreferrer noopener nofollow\">au Labo Diva<\/a> \u00e0 partir de 18h pour soutenir <a href=\"https:\/\/www.instagram.com\/congo_bolingo\/\" target=\"_blank\" rel=\"noreferrer noopener nofollow\">le collectif Congo Bolingo<\/a> et en apprendre plus sur les cons\u00e9quences des conflits qui ravagent la R\u00e9publique D\u00e9mocratique du Congo et leurs causes.<\/p>\n<p>\t\t\t<script async src=\"\/\/www.instagram.com\/embed.js\"><\/script><\/p>\n","protected":false},"excerpt":{"rendered":"Retour sur une apr\u00e8s-midi cr\u00e9ative et engag\u00e9e Nous organisions dimanche 26 octobre \u00e0 Nantes un atelier de peinture&hellip;\n","protected":false},"author":2,"featured_media":495960,"comment_status":"","ping_status":"","sticky":false,"template":"","format":"standard","meta":{"footnotes":""},"categories":[2818],"tags":[1111,11,36264,61835,1777,674,1011,27,23001,12342,766,12,2636,25],"class_list":{"0":"post-495959","1":"post","2":"type-post","3":"status-publish","4":"format-standard","5":"has-post-thumbnail","7":"category-nantes","8":"tag-actu","9":"tag-actualites","10":"tag-congo","11":"tag-congo-bolingo","12":"tag-eu","13":"tag-europe","14":"tag-fr","15":"tag-france","16":"tag-fresque","17":"tag-graffiti","18":"tag-nantes","19":"tag-news","20":"tag-pays-de-la-loire","21":"tag-republique-francaise"},"share_on_mastodon":{"url":"https:\/\/pubeurope.com\/@fr\/115453188296881823","error":""},"_links":{"self":[{"href":"https:\/\/www.europesays.com\/fr\/wp-json\/wp\/v2\/posts\/495959","targetHints":{"allow":["GET"]}}],"collection":[{"href":"https:\/\/www.europesays.com\/fr\/wp-json\/wp\/v2\/posts"}],"about":[{"href":"https:\/\/www.europesays.com\/fr\/wp-json\/wp\/v2\/types\/post"}],"author":[{"embeddable":true,"href":"https:\/\/www.europesays.com\/fr\/wp-json\/wp\/v2\/users\/2"}],"replies":[{"embeddable":true,"href":"https:\/\/www.europesays.com\/fr\/wp-json\/wp\/v2\/comments?post=495959"}],"version-history":[{"count":0,"href":"https:\/\/www.europesays.com\/fr\/wp-json\/wp\/v2\/posts\/495959\/revisions"}],"wp:featuredmedia":[{"embeddable":true,"href":"https:\/\/www.europesays.com\/fr\/wp-json\/wp\/v2\/media\/495960"}],"wp:attachment":[{"href":"https:\/\/www.europesays.com\/fr\/wp-json\/wp\/v2\/media?parent=495959"}],"wp:term":[{"taxonomy":"category","embeddable":true,"href":"https:\/\/www.europesays.com\/fr\/wp-json\/wp\/v2\/categories?post=495959"},{"taxonomy":"post_tag","embeddable":true,"href":"https:\/\/www.europesays.com\/fr\/wp-json\/wp\/v2\/tags?post=495959"}],"curies":[{"name":"wp","href":"https:\/\/api.w.org\/{rel}","templated":true}]}}