{"id":495965,"date":"2025-10-28T18:25:11","date_gmt":"2025-10-28T18:25:11","guid":{"rendered":"https:\/\/www.europesays.com\/fr\/495965\/"},"modified":"2025-10-28T18:25:11","modified_gmt":"2025-10-28T18:25:11","slug":"toulouse-a-lhonneur-a-la-star-academy-avec-larrivee-dun-enseignant-star-des-reseaux-sociaux","status":"publish","type":"post","link":"https:\/\/www.europesays.com\/fr\/495965\/","title":{"rendered":"Toulouse \u00e0 l&rsquo;honneur \u00e0 la Star Academy avec l&rsquo;arriv\u00e9e d&rsquo;un enseignant star des r\u00e9seaux sociaux"},"content":{"rendered":"<p>            Par<br \/>\n        <strong><br \/>\n            <a href=\"https:\/\/actu.fr\/auteur\/hugo-hancewicz\" title=\"Consulter tous les articles de Hugo Hancewicz\" rel=\"nofollow noopener\" target=\"_blank\">Hugo Hancewicz<\/a><br \/>\n        <\/strong><\/p>\n<p>        Publi\u00e9 le<\/p>\n<p>            28 oct. 2025 \u00e0 19h18        <\/p>\n<p>La nouvelle saison de la <a href=\"https:\/\/actu.fr\/tag\/star-academy\" rel=\"nofollow noopener\" target=\"_blank\">Star Academy<\/a> r\u00e9serve bien des surprises, et l\u2019une d\u2019elles risque de faire particuli\u00e8rement <strong>plaisir<\/strong> aux Toulousains. Cette ann\u00e9e, les \u00e9l\u00e8ves du c\u00e9l\u00e8bre ch\u00e2teau auront droit \u00e0 un nouvel enseignement, et celui qui s\u2019en chargera n\u2019est pas un inconnu dans la Ville rose.<\/p>\n<p>Un prof d\u2019anglais bien connu des r\u00e9seaux sociaux<\/p>\n<p class=\" wall-content\">Sur les r\u00e9seaux sociaux, il fait rire et apprendre \u00e0 la fois, entre deux vid\u00e9os consacr\u00e9es \u00e0 la langue de <strong>Shakespeare<\/strong> ou au Stade Toulousain, son autre passion. Pr\u00e8s d\u2019un million d\u2019abonn\u00e9s suivent ses vid\u00e9os chaque jour, et il deviendra le professeur d\u2019anglais dans le ch\u00e2teau de la Star Ac\u2019.<\/p>\n<p class=\" wall-content\">Eh oui, il s\u2019agit bien de <strong>Monsieur Prof<\/strong>, le Toulousain le plus c\u00e9l\u00e8bre du tableau blanc, qui rejoindra les autres professeurs de l\u2019\u00e9mission dans les prochains jours. Sur place, il y retrouvera Ema, <a href=\"https:\/\/actu.fr\/occitanie\/toulouse_31555\/star-academy-ema-candidate-de-toulouse-integre-l-emission-revivez-ses-premieres-prestations_63336352.html\" rel=\"nofollow noopener\" target=\"_blank\">une autre figure de Toulouse<\/a>, parmi les \u00e9l\u00e8ves de cette nouvelle promotion.<\/p>\n<p>Une nouvelle salle de classe<\/p>\n<p class=\" wall-content\">Au moment de la rentr\u00e9e, Monsieur Prof avait \u00e9mu sa communaut\u00e9 en racontant qu\u2019il n\u2019avait pas re\u00e7u <strong>d\u2019affectation<\/strong> pour l\u2019ann\u00e9e \u00e0 venir. Un coup dur pour ce passionn\u00e9 d\u2019enseignant qui confiait \u00e0 Actu Toulouse en 2023 qu\u2019il a l\u2019envie <strong>d\u2019exercer<\/strong> ce m\u00e9tier <a href=\"https:\/\/actu.fr\/occitanie\/toulouse_31555\/toulouse-sur-les-reseaux-sociaux-les-cours-d-anglais-de-monsieur-prof-cartonnent_58146850.html\" rel=\"nofollow noopener\" target=\"_blank\">depuis ses 14\u00a0ans<\/a>. Une vocation qui \u00ab\u2009ne changera pas\u2009\u00bb, selon lui.<\/p>\n<p class=\" wall-content\">C\u2019est donc dans un d\u00e9cor <strong>un peu diff\u00e9rent<\/strong> de sa salle de classe habituelle qu\u2019il aura cette fois l\u2019occasion d\u2019enseigner. Un nouveau d\u00e9fi pour ce passionn\u00e9, qui mettra sa <strong>p\u00e9dagogie<\/strong> et sa bonne humeur au service des \u00e9l\u00e8ves de la treizi\u00e8me saison de la Star Academy.<\/p>\n<p class=\" wall-content\">Personnalisez votre actualit\u00e9 en ajoutant vos villes et m\u00e9dias en favori avec <a href=\"https:\/\/moncompte.actu.fr\" title=\"D\u00e9couvez Mon Actu\" rel=\"nofollow noopener\" data-trk=\"{&quot;cta&quot;:{&quot;action&quot;:&quot;https:\\\/\\\/moncompte.actu.fr&quot;,&quot;category&quot;:&quot;mon compte&quot;,&quot;from&quot;:&quot;article footer&quot;,&quot;name&quot;:&quot;Mon actu&quot;,&quot;type&quot;:&quot;cta&quot;}}\" target=\"_blank\">Mon Actu<\/a>.<\/p>\n","protected":false},"excerpt":{"rendered":"Par Hugo Hancewicz Publi\u00e9 le 28 oct. 2025 \u00e0 19h18 La nouvelle saison de la Star Academy r\u00e9serve&hellip;\n","protected":false},"author":2,"featured_media":495966,"comment_status":"","ping_status":"","sticky":false,"template":"","format":"standard","meta":{"footnotes":""},"categories":[2816],"tags":[1111,11,1777,674,1011,27,1652,12,2680,25,5095,2312],"class_list":{"0":"post-495965","1":"post","2":"type-post","3":"status-publish","4":"format-standard","5":"has-post-thumbnail","7":"category-toulouse","8":"tag-actu","9":"tag-actualites","10":"tag-eu","11":"tag-europe","12":"tag-fr","13":"tag-france","14":"tag-loisirs-culture","15":"tag-news","16":"tag-occitanie","17":"tag-republique-francaise","18":"tag-star-academy","19":"tag-toulouse"},"share_on_mastodon":{"url":"https:\/\/pubeurope.com\/@fr\/115453199945554336","error":""},"_links":{"self":[{"href":"https:\/\/www.europesays.com\/fr\/wp-json\/wp\/v2\/posts\/495965","targetHints":{"allow":["GET"]}}],"collection":[{"href":"https:\/\/www.europesays.com\/fr\/wp-json\/wp\/v2\/posts"}],"about":[{"href":"https:\/\/www.europesays.com\/fr\/wp-json\/wp\/v2\/types\/post"}],"author":[{"embeddable":true,"href":"https:\/\/www.europesays.com\/fr\/wp-json\/wp\/v2\/users\/2"}],"replies":[{"embeddable":true,"href":"https:\/\/www.europesays.com\/fr\/wp-json\/wp\/v2\/comments?post=495965"}],"version-history":[{"count":0,"href":"https:\/\/www.europesays.com\/fr\/wp-json\/wp\/v2\/posts\/495965\/revisions"}],"wp:featuredmedia":[{"embeddable":true,"href":"https:\/\/www.europesays.com\/fr\/wp-json\/wp\/v2\/media\/495966"}],"wp:attachment":[{"href":"https:\/\/www.europesays.com\/fr\/wp-json\/wp\/v2\/media?parent=495965"}],"wp:term":[{"taxonomy":"category","embeddable":true,"href":"https:\/\/www.europesays.com\/fr\/wp-json\/wp\/v2\/categories?post=495965"},{"taxonomy":"post_tag","embeddable":true,"href":"https:\/\/www.europesays.com\/fr\/wp-json\/wp\/v2\/tags?post=495965"}],"curies":[{"name":"wp","href":"https:\/\/api.w.org\/{rel}","templated":true}]}}