{"id":495967,"date":"2025-10-28T18:26:10","date_gmt":"2025-10-28T18:26:10","guid":{"rendered":"https:\/\/www.europesays.com\/fr\/495967\/"},"modified":"2025-10-28T18:26:10","modified_gmt":"2025-10-28T18:26:10","slug":"toulouse-illuminations-cadeaux-et-aligot-voici-les-dates-du-prochain-marche-de-noel","status":"publish","type":"post","link":"https:\/\/www.europesays.com\/fr\/495967\/","title":{"rendered":"Toulouse. Illuminations, cadeaux et aligot&#8230; Voici les dates du prochain march\u00e9 de No\u00ebl"},"content":{"rendered":"<p>            Par<br \/>\n        <strong><br \/>\n            <a href=\"https:\/\/actu.fr\/auteur\/lucie-2\" title=\"Consulter tous les articles de Lucie Fraisse\" target=\"_blank\" rel=\"noopener\">Lucie Fraisse<\/a><br \/>\n        <\/strong><\/p>\n<p>        Publi\u00e9 le<\/p>\n<p>            28 oct. 2025 \u00e0 19h10        <\/p>\n<p>Les vacances de Toussaint ne sont pas encore termin\u00e9es, on est loin de la p\u00e9riode de l\u2019Avent, et pourtant\u2026 On sent d\u00e9j\u00e0 poindre \u00e0 <a href=\"http:\/\/www.actu.fr\/toulouse\" target=\"_blank\" rel=\"noopener\"><strong>Toulouse<\/strong><\/a> une petite dose d\u2019esprit de No\u00ebl. Ne serait-ce que parce que, comme l\u2019ann\u00e9e pass\u00e9e,<a href=\"https:\/\/actu.fr\/occitanie\/toulouse_31555\/toulouse-les-lumieres-et-sapins-de-noel-deja-en-cours-d-installation-la-mairie-explique-pourquoi_61774923.html\" target=\"_blank\" rel=\"noopener\"> la mairie de Toulouse a d\u00e9j\u00e0 commenc\u00e9 \u00e0 installer des d\u00e9corations<\/a>. Mais aussi parce qu\u2019on conna\u00eet les dates du plus c\u00e9l\u00e8bre march\u00e9 de No\u00ebl de la Ville rose, celui de <strong>la place du Capitole<\/strong>.<\/p>\n<p>Pendant plus d\u2019un mois<\/p>\n<p class=\" wall-content\">Il se tiendra en effet <strong>du 27\u00a0novembre au 28\u00a0d\u00e9cembre 2025<\/strong>. Plus d\u2019un mois de chalets remplis d\u2019id\u00e9es cadeaux et de gourmandises ainsi que des stands food pour d\u00e9guster des plats r\u00e9confortants de l\u2019hiver.<\/p>\n<p class=\" wall-content\">Chaque ann\u00e9e, c\u2019est une centaine de chalets blancs qui s\u2019installe sur la plus c\u00e9l\u00e8bre place de la Ville rose pour faire vivre l\u2019esprit de No\u00ebl \u00e0 Toulouse.<\/p>\n<p>Plus de 800\u2009000\u00a0visiteurs en 2024<\/p>\n<p class=\" wall-content\">Et le concept fonctionne plus que bien. En 2024, <a href=\"https:\/\/actu.fr\/occitanie\/toulouse_31555\/toulouse-record-de-frequentation-pour-les-marches-de-noel-avec-deja-plus-d-1-2-million-de-visiteurs_62048773.html\" target=\"_blank\" rel=\"noopener\">plus d\u2019un million de visiteurs s\u2019\u00e9taient d\u00e9plac\u00e9s sur les march\u00e9s de No\u00ebl de la Ville rose<\/a> (place du Capitole, square de Gaulle et sur les Ramblas). Rien que sur la place du Capitole, au lendemain de No\u00ebl, les compteurs affichaient pr\u00e8s de 810\u2009000\u00a0visiteurs. Le chiffre sera-t-il \u00e9gal\u00e9, ou m\u00eame d\u00e9pass\u00e9 en 2025\u2009?<\/p>\n<p class=\" wall-content\">Personnalisez votre actualit\u00e9 en ajoutant vos villes et m\u00e9dias en favori avec <a href=\"https:\/\/moncompte.actu.fr\" title=\"D\u00e9couvez Mon Actu\" rel=\"nofollow noopener\" data-trk=\"{&quot;cta&quot;:{&quot;action&quot;:&quot;https:\\\/\\\/moncompte.actu.fr&quot;,&quot;category&quot;:&quot;mon compte&quot;,&quot;from&quot;:&quot;article footer&quot;,&quot;name&quot;:&quot;Mon actu&quot;,&quot;type&quot;:&quot;cta&quot;}}\" target=\"_blank\">Mon Actu<\/a>.<\/p>\n","protected":false},"excerpt":{"rendered":"Par Lucie Fraisse Publi\u00e9 le 28 oct. 2025 \u00e0 19h10 Les vacances de Toussaint ne sont pas encore&hellip;\n","protected":false},"author":2,"featured_media":495968,"comment_status":"","ping_status":"","sticky":false,"template":"","format":"standard","meta":{"footnotes":""},"categories":[2816],"tags":[1111,11,1777,674,1011,27,1652,12,15830,2680,25,1341,2312],"class_list":{"0":"post-495967","1":"post","2":"type-post","3":"status-publish","4":"format-standard","5":"has-post-thumbnail","7":"category-toulouse","8":"tag-actu","9":"tag-actualites","10":"tag-eu","11":"tag-europe","12":"tag-fr","13":"tag-france","14":"tag-loisirs-culture","15":"tag-news","16":"tag-noel","17":"tag-occitanie","18":"tag-republique-francaise","19":"tag-sortir-a-toulouse","20":"tag-toulouse"},"share_on_mastodon":{"url":"https:\/\/pubeurope.com\/@fr\/115453203915764119","error":""},"_links":{"self":[{"href":"https:\/\/www.europesays.com\/fr\/wp-json\/wp\/v2\/posts\/495967","targetHints":{"allow":["GET"]}}],"collection":[{"href":"https:\/\/www.europesays.com\/fr\/wp-json\/wp\/v2\/posts"}],"about":[{"href":"https:\/\/www.europesays.com\/fr\/wp-json\/wp\/v2\/types\/post"}],"author":[{"embeddable":true,"href":"https:\/\/www.europesays.com\/fr\/wp-json\/wp\/v2\/users\/2"}],"replies":[{"embeddable":true,"href":"https:\/\/www.europesays.com\/fr\/wp-json\/wp\/v2\/comments?post=495967"}],"version-history":[{"count":0,"href":"https:\/\/www.europesays.com\/fr\/wp-json\/wp\/v2\/posts\/495967\/revisions"}],"wp:featuredmedia":[{"embeddable":true,"href":"https:\/\/www.europesays.com\/fr\/wp-json\/wp\/v2\/media\/495968"}],"wp:attachment":[{"href":"https:\/\/www.europesays.com\/fr\/wp-json\/wp\/v2\/media?parent=495967"}],"wp:term":[{"taxonomy":"category","embeddable":true,"href":"https:\/\/www.europesays.com\/fr\/wp-json\/wp\/v2\/categories?post=495967"},{"taxonomy":"post_tag","embeddable":true,"href":"https:\/\/www.europesays.com\/fr\/wp-json\/wp\/v2\/tags?post=495967"}],"curies":[{"name":"wp","href":"https:\/\/api.w.org\/{rel}","templated":true}]}}