{"id":495973,"date":"2025-10-28T18:29:09","date_gmt":"2025-10-28T18:29:09","guid":{"rendered":"https:\/\/www.europesays.com\/fr\/495973\/"},"modified":"2025-10-28T18:29:09","modified_gmt":"2025-10-28T18:29:09","slug":"alerte-meteo-a-marseille-des-orages-vont-frapper-dans-les-bouches-du-rhone-voici-ou","status":"publish","type":"post","link":"https:\/\/www.europesays.com\/fr\/495973\/","title":{"rendered":"Alerte m\u00e9t\u00e9o \u00e0 Marseille. Des orages vont frapper dans les Bouches-du-Rh\u00f4ne : voici o\u00f9"},"content":{"rendered":"<p>            Par<br \/>\n        <strong><br \/>\n            <a href=\"https:\/\/actu.fr\/auteur\/fabien-binacchi\" title=\"Consulter tous les articles de Fabien Binacchi\" target=\"_blank\" rel=\"noopener\">Fabien Binacchi<\/a><br \/>\n        <\/strong><\/p>\n<p>        Publi\u00e9 le<\/p>\n<p>            28 oct. 2025 \u00e0 18h36        <\/p>\n<p>De la pluie et des \u00e9clairs. M\u00e9t\u00e9o France pr\u00e9voit un temps pour le moins \u00ab\u2009agit\u00e9\u2009\u00bb ce mercredi 29\u00a0octobre en Paca. Comme le Vaucluse et le Var, le d\u00e9partement des <a href=\"https:\/\/actu.fr\/provence-alpes-cote-d-azur\/bouches-du-rhone_13\" target=\"_blank\" rel=\"noopener\">Bouches-du-Rh\u00f4ne<\/a> est plac\u00e9 en <strong>vigilance jaune<\/strong> aux \u00ab\u2009orages\u2009\u00bb et pour le risque de \u00ab\u2009pluie-inondation\u2009\u00bb.<\/p>\n<p class=\" wall-content\">Voici les pr\u00e9visions.<\/p>\n<p>Des orages dans tout le d\u00e9partement<\/p>\n<p class=\" wall-content\">Les habitants des Bouches-du-Rh\u00f4ne vont se r\u00e9veiller sous un ciel tout gris ce mercredi 29\u00a0octobre. Avec <strong>de premi\u00e8res averses, d\u00e8s le d\u00e9but de la matin\u00e9e,<\/strong> sur l\u2019ouest du d\u00e9partement essentiellement.<\/p>\n<p class=\" wall-content\">Les pr\u00e9cipitations <strong>se g\u00e9n\u00e9ralisent dans l\u2019apr\u00e8s-midi<\/strong> \u00e0 tout le territoire. Elles s\u2019accompagnent d\u2019orages qui gagnent en intensit\u00e9 dans la soir\u00e9e, selon M\u00e9t\u00e9o France.<\/p>\n<p class=\" wall-content\">Une vigilance jaune aux \u00ab\u2009orages\u2009\u00bb et pour le risque de \u00ab\u2009pluie-inondation\u2009\u00bb entre en vigueur <strong>\u00e0 partir de 18h.<\/strong> Elle devrait rester activ\u00e9e au moins jusqu\u2019\u00e0 minuit.<\/p>\n<p>\u00ab\u2009Des pr\u00e9cipitations fortes mais moins durables\u2009\u00bb<\/p>\n<p class=\" wall-content\">La division Sud-Est du service officiel de la m\u00e9t\u00e9orologie et de la climatologie en France pr\u00e9voit effectivement une soir\u00e9e \u00ab\u2009agit\u00e9e\u2009\u00bb dans la zone avec le passage d\u2019une perturbation.<\/p>\n<p class=\" wall-content\">\n<p class=\" wall-content\">Elle devrait \u00eatre marqu\u00e9e des \u00ab\u2009pr\u00e9cipitations importantes des C\u00e9vennes \u00e0 l\u2019ouest Vaucluse\u2009\u00bb avant un \u00ab\u2009d\u00e9calage \u00e0 la Paca avec des pr\u00e9cipitations fortes mais a priori moins durables\u2009\u00bb.<\/p>\n<p>Votre r\u00e9gion, votre actu !<\/p>\n<p>Recevez chaque jour les infos qui comptent pour vous.<\/p>\n<p>\t<a href=\"https:\/\/actu.fr\/newsletter\" class=\"ac-btn ac-btn--corner ac-btn--medium ac-btn--blue800\" target=\"_blank\" rel=\"noopener\">S&rsquo;incrire<\/a><\/p>\n<p class=\" wall-content\">\n<p class=\" wall-content\">Sur X, le pr\u00e9fet des Bouches-du-Rh\u00f4ne \u00ab\u2009appelle \u00e0 la vigilance et demande <strong>une attention particuli\u00e8re aux automobilistes<\/strong> et si vous pratiquez des activit\u00e9s sensibles \u00e0 ces risques m\u00e9t\u00e9orologiques ou \u00e0 proximit\u00e9 d\u2019un rivage ou d\u2019un cours d\u2019eau\u2009\u00bb.<\/p>\n<p class=\" wall-content\">Personnalisez votre actualit\u00e9 en ajoutant vos villes et m\u00e9dias en favori avec <a href=\"https:\/\/moncompte.actu.fr\" title=\"D\u00e9couvez Mon Actu\" rel=\"nofollow noopener\" data-trk=\"{&quot;cta&quot;:{&quot;action&quot;:&quot;https:\\\/\\\/moncompte.actu.fr&quot;,&quot;category&quot;:&quot;mon compte&quot;,&quot;from&quot;:&quot;article footer&quot;,&quot;name&quot;:&quot;Mon actu&quot;,&quot;type&quot;:&quot;cta&quot;}}\" target=\"_blank\">Mon Actu<\/a>.<\/p>\n","protected":false},"excerpt":{"rendered":"Par Fabien Binacchi Publi\u00e9 le 28 oct. 2025 \u00e0 18h36 De la pluie et des \u00e9clairs. M\u00e9t\u00e9o France&hellip;\n","protected":false},"author":2,"featured_media":388200,"comment_status":"","ping_status":"","sticky":false,"template":"","format":"standard","meta":{"footnotes":""},"categories":[2814],"tags":[1111,11,1777,674,1011,27,884,2487,2357,12,4594,882,25],"class_list":{"0":"post-495973","1":"post","2":"type-post","3":"status-publish","4":"format-standard","5":"has-post-thumbnail","7":"category-marseille","8":"tag-actu","9":"tag-actualites","10":"tag-eu","11":"tag-europe","12":"tag-fr","13":"tag-france","14":"tag-marseille","15":"tag-meteo","16":"tag-meteo-france","17":"tag-news","18":"tag-orages","19":"tag-provence-alpes-cote-dazur","20":"tag-republique-francaise"},"share_on_mastodon":{"url":"https:\/\/pubeurope.com\/@fr\/115453215678656005","error":""},"_links":{"self":[{"href":"https:\/\/www.europesays.com\/fr\/wp-json\/wp\/v2\/posts\/495973","targetHints":{"allow":["GET"]}}],"collection":[{"href":"https:\/\/www.europesays.com\/fr\/wp-json\/wp\/v2\/posts"}],"about":[{"href":"https:\/\/www.europesays.com\/fr\/wp-json\/wp\/v2\/types\/post"}],"author":[{"embeddable":true,"href":"https:\/\/www.europesays.com\/fr\/wp-json\/wp\/v2\/users\/2"}],"replies":[{"embeddable":true,"href":"https:\/\/www.europesays.com\/fr\/wp-json\/wp\/v2\/comments?post=495973"}],"version-history":[{"count":0,"href":"https:\/\/www.europesays.com\/fr\/wp-json\/wp\/v2\/posts\/495973\/revisions"}],"wp:featuredmedia":[{"embeddable":true,"href":"https:\/\/www.europesays.com\/fr\/wp-json\/wp\/v2\/media\/388200"}],"wp:attachment":[{"href":"https:\/\/www.europesays.com\/fr\/wp-json\/wp\/v2\/media?parent=495973"}],"wp:term":[{"taxonomy":"category","embeddable":true,"href":"https:\/\/www.europesays.com\/fr\/wp-json\/wp\/v2\/categories?post=495973"},{"taxonomy":"post_tag","embeddable":true,"href":"https:\/\/www.europesays.com\/fr\/wp-json\/wp\/v2\/tags?post=495973"}],"curies":[{"name":"wp","href":"https:\/\/api.w.org\/{rel}","templated":true}]}}