{"id":495977,"date":"2025-10-28T18:32:15","date_gmt":"2025-10-28T18:32:15","guid":{"rendered":"https:\/\/www.europesays.com\/fr\/495977\/"},"modified":"2025-10-28T18:32:15","modified_gmt":"2025-10-28T18:32:15","slug":"metropole-de-lyon-un-blesse-grave-apres-une-rixe-a-larme-blanche-pres-de-la-gare-de-la-part-dieu-le-principal-suspect-arrete","status":"publish","type":"post","link":"https:\/\/www.europesays.com\/fr\/495977\/","title":{"rendered":"M\u00e9tropole de Lyon. Un bless\u00e9 grave apr\u00e8s une rixe \u00e0 l\u2019arme blanche pr\u00e8s de la gare de la Part-Dieu, le principal suspect arr\u00eat\u00e9"},"content":{"rendered":"<p>Elle a re\u00e7u plusieurs coups de couteau et souffrait d\u2019une plaie h\u00e9morragique. Une victime a \u00e9t\u00e9 transport\u00e9e vers l\u2019h\u00f4pital \u00c9douard-Herriot (Lyon 3e ), consciente mais avec un pronostic vital engag\u00e9, par le Samu et les pompiers, apr\u00e8s une rixe survenue mardi apr\u00e8s-midi, aux abords de la gare de la Part-Dieu (Lyon 3e ).<\/p>\n<p>La violente bagarre, impliquant quatre individus, s\u2019est produite peu avant 16\u00a0h\u00a040, \u00e0 l\u2019angle de l\u2019avenue Georges-Pompidou et de la rue de la Villette, a appris Le Progr\u00e8s, confirmant une information de <a href=\"https:\/\/www.lyonmag.com\/article\/147812\/rixe-a-lyon-un-homme-poignarde-a-la-part-dieu-un-policier-hors-service-intervient\" target=\"_blank\" rel=\"noopener\">Lyon mag<\/a>.<\/p>\n<p>  Action d\u00e9terminante d\u2019un policier hors service<\/p>\n<p>Un policier hors service, qui a assist\u00e9 \u00e0 la sc\u00e8ne, s\u2019est port\u00e9 \u00e0 la hauteur du principal mis en cause, qui venait de faire chuter la victime au sol et continuait de la poignarder. Le fonctionnaire a sorti son arme de service et d\u00e9clin\u00e9 sa qualit\u00e9 \u00e0 plusieurs reprises, intimant au suspect l\u2019ordre de l\u00e2cher le couteau.<\/p>\n<p>Ce contenu est bloqu\u00e9 car vous n&rsquo;avez pas accept\u00e9 les cookies et autres traceurs.<\/p>\n<p>En cliquant sur \u00ab J\u2019accepte \u00bb, les cookies et autres traceurs seront d\u00e9pos\u00e9s et vous pourrez visualiser les contenus  (<a href=\"\" class=\"consentModule_policy\" target=\"_blank\" title=\"Consulter la politique de protection des donn\u00e9es du fournisseur\">plus d&rsquo;informations<\/a>).<\/p>\n<p>En cliquant sur \u00ab J\u2019accepte tous les cookies \u00bb, vous autorisez des d\u00e9p\u00f4ts de cookies et autres traceurs pour le stockage de vos donn\u00e9es sur nos sites et applications \u00e0 des fins de personnalisation et de ciblage publicitaire.<\/p>\n<p class=\"consentModule_secondaryText\">Vous gardez la possibilit\u00e9 de retirer votre consentement \u00e0 tout moment en consultant notre <a href=\"https:\/\/www.leprogres.fr\/protection-des-donnees\" target=\"_blank\" title=\"Consulter notre politique de protection des donn\u00e9es\" rel=\"noopener\">politique de protection des donn\u00e9es<\/a>. <br \/>&#13;<br \/>\n            <a href=\"https:\/\/www.leprogres.fr\/faits-divers-justice\/2025\/10\/28\/javascript:Didomi.notice.show()\" class=\"consentModule_cmp\" target=\"_blank\" rel=\"noopener\">G\u00e9rer mes choix<\/a>&#13;\n        <\/p>\n<p>&#13;<br \/>\n                        J&rsquo;accepte&#13;<br \/>\n            J&rsquo;accepte tous les cookies&#13;\n        <\/p>\n<p>L\u2019auteur a obtemp\u00e9r\u00e9 et s\u2019est allong\u00e9 au sol. Il a pu \u00eatre interpell\u00e9 par le policier, rejoint par des agents de la s\u00fbret\u00e9 ferroviaire. L\u2019arme blanche a pu \u00eatre \u00e9cart\u00e9e.\u00a0On ignore \u00e0 ce stade le mobile \u00e0 l\u2019origine de la rixe, l\u2019\u00e2ge des participants et si les deux autres mis en cause ont pu \u00eatre arr\u00eat\u00e9s.<\/p>\n","protected":false},"excerpt":{"rendered":"Elle a re\u00e7u plusieurs coups de couteau et souffrait d\u2019une plaie h\u00e9morragique. Une victime a \u00e9t\u00e9 transport\u00e9e vers&hellip;\n","protected":false},"author":2,"featured_media":495978,"comment_status":"","ping_status":"","sticky":false,"template":"","format":"standard","meta":{"footnotes":""},"categories":[1889],"tags":[1111,11,2430,271,272,2757,1777,674,274,107,1011,27,2428,2756,12,25,2429],"class_list":{"0":"post-495977","1":"post","2":"type-post","3":"status-publish","4":"format-standard","5":"has-post-thumbnail","7":"category-lyon","8":"tag-actu","9":"tag-actualites","10":"tag-auvergne-rhone-alpes","11":"tag-crime","12":"tag-delit-et-contravention","13":"tag-edition-lyon-villeurbanne","14":"tag-eu","15":"tag-europe","16":"tag-faits-divers-justice","17":"tag-fil-info","18":"tag-fr","19":"tag-france","20":"tag-lyon","21":"tag-lyon-bassin","22":"tag-news","23":"tag-republique-francaise","24":"tag-rhone"},"share_on_mastodon":{"url":"https:\/\/pubeurope.com\/@fr\/115453227418413301","error":""},"_links":{"self":[{"href":"https:\/\/www.europesays.com\/fr\/wp-json\/wp\/v2\/posts\/495977","targetHints":{"allow":["GET"]}}],"collection":[{"href":"https:\/\/www.europesays.com\/fr\/wp-json\/wp\/v2\/posts"}],"about":[{"href":"https:\/\/www.europesays.com\/fr\/wp-json\/wp\/v2\/types\/post"}],"author":[{"embeddable":true,"href":"https:\/\/www.europesays.com\/fr\/wp-json\/wp\/v2\/users\/2"}],"replies":[{"embeddable":true,"href":"https:\/\/www.europesays.com\/fr\/wp-json\/wp\/v2\/comments?post=495977"}],"version-history":[{"count":0,"href":"https:\/\/www.europesays.com\/fr\/wp-json\/wp\/v2\/posts\/495977\/revisions"}],"wp:featuredmedia":[{"embeddable":true,"href":"https:\/\/www.europesays.com\/fr\/wp-json\/wp\/v2\/media\/495978"}],"wp:attachment":[{"href":"https:\/\/www.europesays.com\/fr\/wp-json\/wp\/v2\/media?parent=495977"}],"wp:term":[{"taxonomy":"category","embeddable":true,"href":"https:\/\/www.europesays.com\/fr\/wp-json\/wp\/v2\/categories?post=495977"},{"taxonomy":"post_tag","embeddable":true,"href":"https:\/\/www.europesays.com\/fr\/wp-json\/wp\/v2\/tags?post=495977"}],"curies":[{"name":"wp","href":"https:\/\/api.w.org\/{rel}","templated":true}]}}