{"id":495981,"date":"2025-10-28T18:35:15","date_gmt":"2025-10-28T18:35:15","guid":{"rendered":"https:\/\/www.europesays.com\/fr\/495981\/"},"modified":"2025-10-28T18:35:15","modified_gmt":"2025-10-28T18:35:15","slug":"un-impact-ponctuel-mais-reel-en-quoi-consiste-le-forum-de-paris-sur-la-paix-qui-souvre-ce-mercredi","status":"publish","type":"post","link":"https:\/\/www.europesays.com\/fr\/495981\/","title":{"rendered":"\u00ab\u00a0Un impact ponctuel mais r\u00e9el\u00a0\u00bb : en quoi consiste le Forum de Paris sur la Paix, qui s&rsquo;ouvre ce mercredi ?"},"content":{"rendered":"<ul class=\"jsx-862013697 ArticleChapo__List\">\n<li class=\"jsx-862013697 ArticleChapo__List_Item flex\">La 8e \u00e9dition du Forum de Paris sur la Paix a lieu mercredi 28 octobre et jeudi 29 octobre dans la capitale fran\u00e7aise.<\/li>\n<li class=\"jsx-862013697 ArticleChapo__List_Item flex\">Cet \u00e9v\u00e9nement lanc\u00e9 par Emmanuel Macron en 2018 est consacr\u00e9 \u00ab\u00a0aux grands d\u00e9fis de gouvernance mondiale\u00a0\u00bb.<\/li>\n<li class=\"jsx-862013697 ArticleChapo__List_Item flex\">3.000 personnes, parmi lesquelles des chefs d&rsquo;\u00c9tat et de gouvernement, des ONG et des experts, participeront aux discussions sur les enjeux les plus urgents.<\/li>\n<\/ul>\n<p><a href=\"https:\/\/www.tf1info.fr\/actualite\/guerre-ukraine-russie-une-rencontre-donald-trump-vladimir-poutine-historique-le-vendredi-15-aout-2025-en-alaska-sans-volodymyr-zelensky-14326\/\" rel=\"noopener\" class=\"jsx-484472199 Link jsx-1428418400 jsx-554215408\" target=\"_blank\"><\/p>\n<p style=\"font-weight:400\" class=\"jsx-1837267516\">Suivez la couverture compl\u00e8te<\/p>\n<p style=\"font-weight:800\" class=\"jsx-1837267516\">Ukraine-Russie : l&rsquo;espoir de n\u00e9gociations au point mort<\/p>\n<p><\/a><\/p>\n<p data-module=\"article-paragraph\" class=\"jsx-3046738180 Paragraph Paragraph__End\">Un rendez-vous annuel de la gouvernance mondiale. Face \u00e0 <a href=\"https:\/\/www.tf1info.fr\/international\/conflits-dans-le-monde-une-situation-inedite-depuis-1946-revele-une-etude-2376409.html\" target=\"_blank\" rel=\"noopener\">la brutalisation et au d\u00e9sordre du monde<\/a>, pr\u00e8s de 3.000 dirigeants de gouvernements, d\u2019organisations internationales, d\u2019entreprises, de la soci\u00e9t\u00e9 civile et du monde universitaire, repr\u00e9sentant \u00e0 la fois le Nord et le Sud, discuteront, mercredi 29 et jeudi 30 octobre au Palais de Chaillot, des d\u00e9fis actuels les plus urgents, \u00e0 l&rsquo;occasion de la huiti\u00e8me \u00e9dition du Forum de Paris sur la Paix.\u00a0<\/p>\n<p>Les conflits mondiaux au c\u0153ur des d\u00e9bats<\/p>\n<p data-module=\"article-paragraph\" class=\"jsx-3046738180 Paragraph\">Cet \u00e9v\u00e9nement, lanc\u00e9 par le pr\u00e9sident Emmanuel Macron en 2018 et initialement consacr\u00e9 \u00ab\u00a0aux grands d\u00e9fis de gouvernance mondiale\u00a0\u00bb, s&rsquo;est progressivement concentr\u00e9 sur la question de la paix face au doublement du nombre de conflits en 15 ans. \u00ab\u00a0Il faut \u00eatre tr\u00e8s modeste dans ce domaine-l\u00e0 (&#8230;) Arr\u00eater la guerre de Vladimir Poutine, on ne sait pas faire\u202f!\u00a0\u00bb, reconna\u00eet sans ambages Justin Va\u00efsse, le directeur g\u00e9n\u00e9ral du Forum de Paris sur la Paix, lors d&rsquo;un entretien avec l&rsquo;AFP.<\/p>\n<p data-module=\"article-paragraph\" class=\"jsx-3046738180 Paragraph Paragraph__End\">Pendant deux jours, les conflits isra\u00e9lo-palestinien, en <a href=\"https:\/\/www.tf1info.fr\/international\/en-direct-guerre-ukraine-russie-washington-sanctionne-deux-groupes-petroliers-russes-a-cause-du-refus-de-poutine-d-arreter-cette-guerre-insensee-volodymyr-zelesnky-donald-trump-vladimir-poutine-les-dernieres-informations-de-ce-jeudi-23-octobre-2025-2402233.html\" target=\"_blank\" rel=\"noopener\">Ukraine<\/a> ou dans la <a href=\"https:\/\/www.tf1info.fr\/international\/la-republique-democratique-du-congo-et-le-rwanda-signent-un-accord-de-paix-sous-les-auspices-des-etats-unis-2379679.html\" target=\"_blank\" rel=\"noopener\">r\u00e9gion des Grands Lacs<\/a> seront au c\u0153ur des d\u00e9bats. Les participants aborderont \u00e9galement des probl\u00e9matiques contre le r\u00e9chauffement climatique, responsable de migrations et donc de conflits locaux.\u00a0<\/p>\n<p>La question isra\u00e9lo-palestinienne<\/p>\n<p data-module=\"article-paragraph\" class=\"jsx-3046738180 Paragraph\">\u00ab\u00a0Il y a quand m\u00eame quelques domaines dans lesquels on peut avoir un impact r\u00e9el, un impact ponctuel mais r\u00e9el. Le <a href=\"https:\/\/www.tf1info.fr\/international\/guerre-israel-hamas-bande-de-gaza-une-conference-humanitaire-organisee-le-9-novembre-a-paris-annonce-emmanuel-macron-2275108.html\" target=\"_blank\" rel=\"noopener\">conflit isra\u00e9lo-palestinien<\/a> est un bon exemple\u00a0\u00bb, estime encore Justin Va\u00efsse, rappelant que 150 Palestiniens et 150 Isra\u00e9liens de la soci\u00e9t\u00e9 civile avaient d\u00e9j\u00e0 \u00e9t\u00e9 r\u00e9unis \u00e0 Paris en juin dernier. Quatre sessions seront d\u00e9di\u00e9es ainsi \u00e0 la question isra\u00e9lo-palestinienne, avec notamment les pr\u00e9sences d&rsquo;Ehud Olmert, ancien Premier ministre isra\u00e9lien, et Nasser Al-Kidwa, ancien ministre des Affaires \u00e9trang\u00e8res palestinien, qui pr\u00e9senteront leurs initiatives de paix \u00e0 travers la <a href=\"https:\/\/www.tf1info.fr\/international\/reconnaissance-de-la-palestine-en-quoi-consiste-la-solution-a-deux-etats-portee-par-la-france-2385108.html\" target=\"_blank\" rel=\"noopener\">solution \u00e0 deux \u00c9tats<\/a>.<\/p>\n<p data-module=\"article-paragraph\" class=\"jsx-3046738180 Paragraph Paragraph__End\">\u00a0\u00ab\u00a0Les <a href=\"https:\/\/www.tf1info.fr\/international\/bande-de-gaza-palestine-plan-de-paix-donald-trump-fier-d-annoncer-qu-israel-et-le-hamas-ont-tous-deux-accepte-la-premiere-phase-2399456.html\" target=\"_blank\" rel=\"noopener\">diplomates<\/a> seuls ne peuvent pas r\u00e9soudre\u00a0\u00bb ce conflit, constate l&rsquo;ancien diplomate et chercheur. \u00ab\u00a0Il faut cr\u00e9er toutes les conditions pour avoir un soutien des populations et de la soci\u00e9t\u00e9 civile (&#8230;) \u00e0 cette solution \u00e0 deux \u00c9tats\u00a0\u00bb.<\/p>\n<p><img decoding=\"async\" src=\"https:\/\/www.europesays.com\/fr\/wp-content\/uploads\/2025\/10\/justin-vaisse-forum-de-paris-sur-la-paix-6d262e-0@1x.jpeg\" alt=\"Justin Va\u00efsse, fondateur et directeur g\u00e9n\u00e9ral du Forum de Paris sur la paix. - JOEL SAGET \/ AFP\" loading=\"lazy\" importance=\"low\" fetchpriority=\"low\" class=\"\" data-module=\"article-image\"\/>Justin Va\u00efsse, fondateur et directeur g\u00e9n\u00e9ral du Forum de Paris sur la paix. &#8211; JOEL SAGET \/ AFPLe m\u00e9thane et les 10 ans de l&rsquo;Accord de Paris<\/p>\n<p data-module=\"article-paragraph\" class=\"jsx-3046738180 Paragraph\">Une session sp\u00e9cifique est pr\u00e9vue mercredi \u00e0 l&rsquo;occasion du dixi\u00e8me anniversaire de l&rsquo;<a href=\"https:\/\/www.tf1info.fr\/politique\/cop21-les-cles-pour-comprendre-de-laccord-sur-le-climat-adopte-a-paris-1538153.html\" target=\"_blank\" rel=\"noopener\">Accord de Paris sur le climat<\/a>, adopt\u00e9 2015 lors de la COP 21. \u00ab\u00a0Il faut bien remarquer que l&rsquo;accord a eu beaucoup d&rsquo;impact, non pas parce qu&rsquo;il est contraignant juridiquement sur les pays, mais parce qu&rsquo;il a envoy\u00e9 un signal \u00e0 l&rsquo;ensemble des corps politiques, mais aussi des investisseurs et des entreprises sur (&#8230;) le chemin \u00e0 suivre\u00a0\u00bb, a salu\u00e9 Justin Va\u00efsse, \u00e0 l&rsquo;approche de la COP30 au Br\u00e9sil (du 10 au 21 novembre). \u00ab\u00a0On aura cette session sur le m\u00e9thane qui, on l&rsquo;esp\u00e8re, permettra de faire avancer les choses\u00a0\u00bb, a poursuivi le fondateur du Forum, le m\u00e9thane \u00e9tant<a href=\"https:\/\/www.tf1info.fr\/environnement-ecologie\/la-concentration-de-co2-dans-l-atmosphere-a-connu-en-2024-sa-plus-forte-hausse-avertit-l-onu-2400706.html\" target=\"_blank\" rel=\"noopener\"> l&rsquo;un des principaux gaz contribuant au changement climatique<\/a>.<\/p>\n<p data-module=\"article-paragraph\" class=\"jsx-3046738180 Paragraph Paragraph__End\">La session, anim\u00e9e par la nouvelle ministre de la Transition \u00e9cologique <a href=\"https:\/\/www.tf1info.fr\/environnement-ecologie\/cash-et-exigeante-portrait-biographie-monique-barbut-une-specialiste-de-la-diplomatie-verte-a-la-tete-de-la-transition-ecologique-2400506.html\" target=\"_blank\" rel=\"noopener\">Monique Barbut<\/a>, sera cl\u00f4tur\u00e9e par une prise de parole d&rsquo;Emmanuel Macron. \u00ab\u00a0Il dira son ambition pour la COP (de Belem, \u00e0 laquelle il se rendra, ndlr) sur la baisse des \u00e9missions et les financements innovants sur les cr\u00e9dits carbone et la biodiversit\u00e9\u00a0\u00bb, a indiqu\u00e9 l&rsquo;\u00c9lys\u00e9e.<\/p>\n<p> La d\u00e9sinformation et les ing\u00e9rences \u00e9trang\u00e8res<\/p>\n<p data-module=\"article-paragraph\" class=\"jsx-3046738180 Paragraph Paragraph__End\">Le pr\u00e9sident fran\u00e7ais s&rsquo;exprimera par ailleurs mercredi sur <a href=\"https:\/\/www.tf1info.fr\/politique\/ingerence-etrangere-manipulation-de-l-opinion-emmanuel-macron-lance-un-debat-sur-les-menaces-d-internet-2403065.html\" target=\"_blank\" rel=\"noopener\">la d\u00e9sinformation et les ing\u00e9rences \u00e9trang\u00e8res<\/a>, au c\u00f4t\u00e9 de la pr\u00e9sidente moldave Maia Sandu, du pr\u00e9sident ghan\u00e9en John Dramani Mahama et du Premier ministre arm\u00e9nien Nikol Pachinian. Un d\u00eener sur la m\u00eame th\u00e9matique suivra au palais de l&rsquo;\u00c9lys\u00e9e, alors qu&rsquo;Emmanuel Macron a lanc\u00e9 mardi un d\u00e9bat autour de l&rsquo;impact des r\u00e9seaux sociaux et <a href=\"https:\/\/www.tf1info.fr\/international\/intelligence-artificielle-un-sommet-mondial-en-france-pour-quoi-faire-2347928.html\" target=\"_blank\" rel=\"noopener\">d&rsquo;Internet<\/a> sur la \u00ab\u00a0d\u00e9structuration\u00a0\u00bb du d\u00e9bat public et la d\u00e9mocratie, dans la perspective des prochaines \u00e9lections.<\/p>\n<p><a href=\"https:\/\/www.tf1info.fr\/environnement-ecologie\/evenements-oceans-glaciers-climat-intelligence-artificielle-ce-qui-vous-attend-en-2025-2342488.html\" rel=\"noopener\" class=\"jsx-3308031228 Link flex\" target=\"_blank\"><img decoding=\"async\" src=\"https:\/\/www.europesays.com\/fr\/wp-content\/uploads\/2025\/10\/nice-2344-c6792d-1@1x.jpeg\" alt=\"AFP\" loading=\"lazy\" importance=\"low\" fetchpriority=\"low\" class=\"\" aria-hidden=\"true\"\/><\/p>\n<p class=\"jsx-3657663356 ReadMoreArticle__Title\">Lire aussi<\/p>\n<p class=\"jsx-3657663356\">Oc\u00e9ans, glaciers, climat, intelligence artificielle\u2026 ce qui vous attend en 2025<\/p>\n<p><\/a><\/p>\n<p data-module=\"article-paragraph\" class=\"jsx-3046738180 Paragraph\">D&rsquo;autres th\u00e9matiques seront discut\u00e9es comme l\u2019int\u00e9grit\u00e9 de l\u2019information et le soutien aux m\u00e9dias ind\u00e9pendants ou les trente ans des accords de Dayton-Paris, mettant fin au conflit en Bosnie-Herz\u00e9govine.<\/p>\n<p data-module=\"article-paragraph\" class=\"jsx-3046738180 Paragraph Paragraph__End\">\u00ab\u00a0Le syst\u00e8me n&rsquo;est plus aussi ordonn\u00e9 qu&rsquo;auparavant et g\u00e9n\u00e8re un peu partout des conflits\u00a0\u00bb, observe finalement Justin Va\u00efsse, avec le retrait des \u00c9tats-Unis dans la gouvernance mondiale. \u00ab\u00a0Il va falloir s&rsquo;y faire, essayer de trouver les voies et moyens de coop\u00e9rer, de cr\u00e9er des nouvelles coalitions, de faire de la diplomatie autrement, et c&rsquo;est exactement \u00e7a que le Forum essaie de faire\u00a0\u00bb, conclut-il.<\/p>\n<p>Victor GAUTIER avec AFP<\/p>\n","protected":false},"excerpt":{"rendered":"La 8e \u00e9dition du Forum de Paris sur la Paix a lieu mercredi 28 octobre et jeudi 29&hellip;\n","protected":false},"author":2,"featured_media":495982,"comment_status":"","ping_status":"","sticky":false,"template":"","format":"standard","meta":{"footnotes":""},"categories":[1888],"tags":[59771,1111,1928,11,1927,1921,4628,4734,5925,58920,1073,1777,674,1011,27,1922,12403,664,61836,12,1926,626,1925,25,132,4301,220,1917,59253,59772,133,1920],"class_list":{"0":"post-495981","1":"post","2":"type-post","3":"status-publish","4":"format-standard","5":"has-post-thumbnail","7":"category-paris","8":"tag-a-gaza","9":"tag-actu","10":"tag-actu-paris","11":"tag-actualites","12":"tag-actualites-paris","13":"tag-article-video","14":"tag-bande-de-gaza","15":"tag-changement-climatique","16":"tag-conflits-et-guerre","17":"tag-cop21","18":"tag-emmanuel-macron","19":"tag-eu","20":"tag-europe","21":"tag-fr","22":"tag-france","23":"tag-info","24":"tag-internet-et-digital","25":"tag-israel","26":"tag-monique-barbut","27":"tag-news","28":"tag-news-paris","29":"tag-paris","30":"tag-paris-news","31":"tag-republique-francaise","32":"tag-russie","33":"tag-telecoms","34":"tag-ukraine","35":"tag-ukraine-4-annee-de-guerre","36":"tag-ukraine-russie-lespoir-de-negociations-au-point-mort","37":"tag-un-fragile-cessez-le-feu-dans-le-cadre-du-plan-trump","38":"tag-video","39":"tag-video-international"},"share_on_mastodon":{"url":"","error":"Validation failed: Text character limit of 500 exceeded"},"_links":{"self":[{"href":"https:\/\/www.europesays.com\/fr\/wp-json\/wp\/v2\/posts\/495981","targetHints":{"allow":["GET"]}}],"collection":[{"href":"https:\/\/www.europesays.com\/fr\/wp-json\/wp\/v2\/posts"}],"about":[{"href":"https:\/\/www.europesays.com\/fr\/wp-json\/wp\/v2\/types\/post"}],"author":[{"embeddable":true,"href":"https:\/\/www.europesays.com\/fr\/wp-json\/wp\/v2\/users\/2"}],"replies":[{"embeddable":true,"href":"https:\/\/www.europesays.com\/fr\/wp-json\/wp\/v2\/comments?post=495981"}],"version-history":[{"count":0,"href":"https:\/\/www.europesays.com\/fr\/wp-json\/wp\/v2\/posts\/495981\/revisions"}],"wp:featuredmedia":[{"embeddable":true,"href":"https:\/\/www.europesays.com\/fr\/wp-json\/wp\/v2\/media\/495982"}],"wp:attachment":[{"href":"https:\/\/www.europesays.com\/fr\/wp-json\/wp\/v2\/media?parent=495981"}],"wp:term":[{"taxonomy":"category","embeddable":true,"href":"https:\/\/www.europesays.com\/fr\/wp-json\/wp\/v2\/categories?post=495981"},{"taxonomy":"post_tag","embeddable":true,"href":"https:\/\/www.europesays.com\/fr\/wp-json\/wp\/v2\/tags?post=495981"}],"curies":[{"name":"wp","href":"https:\/\/api.w.org\/{rel}","templated":true}]}}