{"id":495983,"date":"2025-10-28T18:36:21","date_gmt":"2025-10-28T18:36:21","guid":{"rendered":"https:\/\/www.europesays.com\/fr\/495983\/"},"modified":"2025-10-28T18:36:21","modified_gmt":"2025-10-28T18:36:21","slug":"les-meilleures-salles-de-lagree-a-paris","status":"publish","type":"post","link":"https:\/\/www.europesays.com\/fr\/495983\/","title":{"rendered":"Les meilleures salles de Lagree \u00e0 Paris"},"content":{"rendered":"<p><strong>Les cours :<\/strong> \u201cLes cours sont semi-priv\u00e9s (10 personnes dans le 3e, 6 personnes dans le 17e). Nous faisons partie des trois studios parisiens \u00e0 travailler sur la\u00a0MegaPro, la machine la plus r\u00e9cente et la plus performante de la s\u00e9rie Megaformer de Lagree. Plus fluide que l\u2019EVO, Plus stable que la Micro et la Micro Pro, plus performante que la MK3, plus \u00e9volu\u00e9e que la Mini Pro, elle permet un travail encore plus intense, plus pr\u00e9cis et plus challengeant. Avec une vari\u00e9t\u00e9 infinie d\u2019exercices, toujours contr\u00f4l\u00e9s et s\u00e9curis\u00e9s. 45 minutes non-stop pour tonifier, sculpter, am\u00e9liorer la posture, tout en renfor\u00e7ant l\u2019endurance musculaire et la stabilit\u00e9.\u00a0\u00bb<\/p>\n<p><strong>Le truc en plus :<\/strong> \u201cToute l&rsquo;\u00e9quipe est officiellement certifi\u00e9e Lagree (certification reconnue par Lagree Academy) et coachs de fitness reconnus par l\u2019\u00e9tat fran\u00e7ais, ce qui garantit qu\u2019ils ma\u00eetrisent non seulement la th\u00e9orie de la m\u00e9thode, mais \u00e9galement sa mise en pratique : la s\u00e9curit\u00e9, le respect de l\u2019alignement, et la capacit\u00e9 \u00e0 adapter les exercices selon les niveaux.\u201d Katia Schindfessel, fondatrice de Lagreeness.<\/p>\n<p><a data-offer-url=\"https:\/\/lagreeness.com\/\" class=\"external-link\" data-event-click=\"{&quot;element&quot;:&quot;ExternalLink&quot;,&quot;outgoingURL&quot;:&quot;https:\/\/lagreeness.com\/&quot;}\" href=\"https:\/\/lagreeness.com\/\" rel=\"nofollow noopener\" target=\"_blank\">Lagreeness<\/a>, 314 rue Saint Martin 75003 Paris et 63 rue Rennequin, 75017 Paris<\/p>\n<p><img decoding=\"async\" alt=\"Les meilleures salles de Lagree \u00e0 Paris\" loading=\"lazy\" class=\"ResponsiveImageContainer-eNxvmU cfBbTk responsive-image__image\"   src=\"https:\/\/www.europesays.com\/fr\/wp-content\/uploads\/2025\/10\/DSCF2081.jpeg\"\/><img decoding=\"async\" alt=\"Les meilleures salles de Lagree \u00e0 Paris\" loading=\"lazy\" class=\"ResponsiveImageContainer-eNxvmU cfBbTk responsive-image__image\"   src=\"https:\/\/www.europesays.com\/fr\/wp-content\/uploads\/2025\/10\/DSCF0768.jpeg\"\/><\/p>\n<p><strong>Kurv (Paris 6)<\/strong><\/p>\n<p><strong>Les lieux :<\/strong> \u201cKurv Studio a \u00e9t\u00e9 imagin\u00e9 comme un v\u00e9ritable <a href=\"https:\/\/www.vogue.fr\/dossier\/club\" isautogenerated=\"true\" target=\"_blank\" rel=\"noopener\">club<\/a> <a href=\"https:\/\/www.vogue.fr\/dossier\/wellness\" isautogenerated=\"true\" target=\"_blank\" rel=\"noopener\">wellness<\/a>, plus qu\u2019un simple lieu d\u2019entra\u00eenement. Je voulais cr\u00e9er un espace o\u00f9 performance et <a href=\"https:\/\/www.vogue.fr\/dossier\/bien-etre\" isautogenerated=\"true\" target=\"_blank\" rel=\"noopener\">bien-\u00eatre<\/a> coexistent, un lieu qui invite \u00e0 ralentir tout en se d\u00e9passant. L\u2019<a href=\"https:\/\/www.vogue.fr\/dossier\/architecture\" isautogenerated=\"true\" target=\"_blank\" rel=\"noopener\">architecture<\/a> est \u00e9pur\u00e9e, lumineuse et apaisante, pens\u00e9e pour susciter une sensation imm\u00e9diate de calme d\u00e8s l\u2019entr\u00e9e.\u201d<\/p>\n<p><strong>Les cours :<\/strong> \u201cNous travaillons avec les Mini-Formers Pro, un mod\u00e8le de machine Lagree de derni\u00e8re g\u00e9n\u00e9ration et redoutablement efficace. Elles permettent d\u2019aller chercher exactement ce qui fait la force du Lagree : des mouvements ultra-lents, une intensit\u00e9 constante et un travail musculaire en profondeur, sans aucun impact. C\u2019est un mod\u00e8le encore tr\u00e8s rare \u00e0 Paris : nous faisons partie des seuls studios \u00e0 en \u00eatre \u00e9quip\u00e9s. Toute la puissance du Lagree concentr\u00e9e dans un format innovant et exclusif.\u201d<\/p>\n<p><strong>Le truc en plus :<\/strong> \u201cNos lattes enrichis au collag\u00e8ne ou \u00e0 la spiruline. Nous proposons des boissons bien-\u00eatre formul\u00e9es avec des marques partenaires tri\u00e9es sur le volet, et d\u00e9veloppons des collaborations avec d\u2019autres acteurs du wellness \u2014 que ce soit autour de la nutrition, de la r\u00e9cup\u00e9ration ou de la beaut\u00e9 holistique. Avec, \u00e0 la cl\u00e9, un vrai esprit communautaire.\u201d Ines-Camilla Belamine, fondatrice de Kurv.<\/p>\n","protected":false},"excerpt":{"rendered":"Les cours : \u201cLes cours sont semi-priv\u00e9s (10 personnes dans le 3e, 6 personnes dans le 17e). Nous&hellip;\n","protected":false},"author":2,"featured_media":495984,"comment_status":"","ping_status":"","sticky":false,"template":"","format":"standard","meta":{"footnotes":""},"categories":[1888],"tags":[1111,1928,11,1927,1777,674,1011,27,12,1926,32423,626,1925,25,517],"class_list":{"0":"post-495983","1":"post","2":"type-post","3":"status-publish","4":"format-standard","5":"has-post-thumbnail","7":"category-paris","8":"tag-actu","9":"tag-actu-paris","10":"tag-actualites","11":"tag-actualites-paris","12":"tag-eu","13":"tag-europe","14":"tag-fr","15":"tag-france","16":"tag-news","17":"tag-news-paris","18":"tag-nos-adresses-a-paris","19":"tag-paris","20":"tag-paris-news","21":"tag-republique-francaise","22":"tag-sport"},"share_on_mastodon":{"url":"https:\/\/pubeurope.com\/@fr\/115453243564634983","error":""},"_links":{"self":[{"href":"https:\/\/www.europesays.com\/fr\/wp-json\/wp\/v2\/posts\/495983","targetHints":{"allow":["GET"]}}],"collection":[{"href":"https:\/\/www.europesays.com\/fr\/wp-json\/wp\/v2\/posts"}],"about":[{"href":"https:\/\/www.europesays.com\/fr\/wp-json\/wp\/v2\/types\/post"}],"author":[{"embeddable":true,"href":"https:\/\/www.europesays.com\/fr\/wp-json\/wp\/v2\/users\/2"}],"replies":[{"embeddable":true,"href":"https:\/\/www.europesays.com\/fr\/wp-json\/wp\/v2\/comments?post=495983"}],"version-history":[{"count":0,"href":"https:\/\/www.europesays.com\/fr\/wp-json\/wp\/v2\/posts\/495983\/revisions"}],"wp:featuredmedia":[{"embeddable":true,"href":"https:\/\/www.europesays.com\/fr\/wp-json\/wp\/v2\/media\/495984"}],"wp:attachment":[{"href":"https:\/\/www.europesays.com\/fr\/wp-json\/wp\/v2\/media?parent=495983"}],"wp:term":[{"taxonomy":"category","embeddable":true,"href":"https:\/\/www.europesays.com\/fr\/wp-json\/wp\/v2\/categories?post=495983"},{"taxonomy":"post_tag","embeddable":true,"href":"https:\/\/www.europesays.com\/fr\/wp-json\/wp\/v2\/tags?post=495983"}],"curies":[{"name":"wp","href":"https:\/\/api.w.org\/{rel}","templated":true}]}}