{"id":495989,"date":"2025-10-28T18:39:12","date_gmt":"2025-10-28T18:39:12","guid":{"rendered":"https:\/\/www.europesays.com\/fr\/495989\/"},"modified":"2025-10-28T18:39:12","modified_gmt":"2025-10-28T18:39:12","slug":"pourquoi-la-russie-detient-peut-etre-la-cle-de-lavenir-du-sahara-occidental","status":"publish","type":"post","link":"https:\/\/www.europesays.com\/fr\/495989\/","title":{"rendered":"Pourquoi la Russie d\u00e9tient peut-\u00eatre la cl\u00e9 de l\u2019avenir du Sahara occidental"},"content":{"rendered":"<p>Alors que le Conseil de s\u00e9curit\u00e9 de l&rsquo;<a class=\"Link\" href=\"https:\/\/www.lepoint.fr\/tags\/onu\" data-gtm=\"click:capsule\" data-capsule=\"Lien\" rel=\"nofollow noopener\" target=\"_blank\">ONU<\/a> s&rsquo;appr\u00eate \u00e0 examiner, le 30\u00a0octobre, une r\u00e9solution am\u00e9ricaine favorable au Maroc dans le cas du Sahara occidental, les regards se tournent vers Moscou pour esp\u00e9rer <a class=\"Link\" href=\"https:\/\/www.lepoint.fr\/monde\/vers-une-sortie-de-crise-au-sahara-occidental-26-10-2025-2601782_24.php\" title=\"\" data-gtm=\"click:capsule\" data-capsule=\"Lien\" rel=\"nofollow noopener\" target=\"_blank\">une sortie de crise<\/a>. Car c&rsquo;est peut-\u00eatre la <a class=\"Link\" href=\"https:\/\/www.lepoint.fr\/tags\/russie\" data-gtm=\"click:capsule\" data-capsule=\"Lien\" rel=\"nofollow noopener\" target=\"_blank\">Russie<\/a> qui d\u00e9cidera, par un simple veto ou une abstention, de l&rsquo;avenir de la r\u00e9gion, un conflit qui dure depuis pr\u00e8s d&rsquo;un demi-si\u00e8cle entre le Maroc et les ind\u00e9pendantistes du Polisario, soutenus par Alger.<\/p>\n<p>Le texte pr\u00e9sent\u00e9 par les \u00c9tats-Unis propose d&rsquo;accorder un statut d&rsquo;autonomie au Sahara occidental \u00ab\u00a0sous souverainet\u00e9 marocaine\u00a0\u00bb. Une position align\u00e9e sur celle de Rabat, qui d\u00e9fend depuis des ann\u00e9es ce plan comme la seule issue r\u00e9aliste au diff\u00e9rend. En face, le Front Polisario, mouvement ind\u00e9pendantiste sahraoui soutenu par l&rsquo;Alg\u00e9rie, rejette cat\u00e9goriquement cette approche, qu&rsquo;il juge contraire au droit \u00e0 l&rsquo;autod\u00e9termination du peuple sahraoui.<\/p>\n<p>Dans une lettre adress\u00e9e au pr\u00e9sident du Conseil de s\u00e9curit\u00e9, Sidi Mohamed Omar, repr\u00e9sentant du Polisario \u00e0 l&rsquo;ONU, a d\u00e9nonc\u00e9 un texte \u00ab\u00a0\u00e9cartant toute r\u00e9f\u00e9rence au r\u00e9f\u00e9rendum d&rsquo;autod\u00e9termination\u00a0\u00bb et \u00ab\u00a0niant la participation du peuple sahraoui\u00a0\u00bb.<\/p>\n<p>Dans ce bras de fer diplomatique, la Russie appara\u00eet comme l&rsquo;un des acteurs d\u00e9cisifs. Membre permanent du Conseil de s\u00e9curit\u00e9, elle peut bloquer ou permettre l&rsquo;adoption de la r\u00e9solution am\u00e9ricaine.\u00a0Trois des cinq membres du Conseil (\u00c9tats-Unis, France et Royaume-Uni) se sont d\u00e9j\u00e0 montr\u00e9s favorables au plan marocain.<\/p>\n<p>Moscou soutiendrait \u00ab\u00a0toute option acceptable pour toutes les parties\u00a0\u00bb<\/p>\n<p>Le ministre des Affaires \u00e9trang\u00e8res russe\u00a0Sergue\u00ef Lavrov a affirm\u00e9 que Moscou soutiendrait \u00ab\u00a0toute option acceptable pour toutes les parties\u00a0\u00bb, \u00e0 condition qu&rsquo;elle figure dans une r\u00e9solution de l&rsquo;ONU. Mais le ministre a aussi pris soin de marquer ses distances avec Washington, rappelant que la Russie\u00a0n&rsquo;\u00e9tait pas d&rsquo;accord avec les \u00c9tats-Unis, align\u00e9s sur la position marocaine.<\/p>\n<p>\n\u00c0 D\u00e9couvrir<br \/>\n<strong class=\"discover-kangourou__line\"><br \/>\n<img decoding=\"async\" class=\"discover-kangourou__img\" src=\"https:\/\/static.lpnt.fr\/static\/img\/kangourou\/kangourou_filled.svg\"\/><br \/>\n<strong class=\"discover-kangourou__txt\"><br \/>\n<strong>Le Kangourou du jour<\/strong><br \/>\n<a href=\"https:\/\/kangourou.lepoint.fr\" title=\"kangourou\" data-gtm-cta=\"kangourou_article\" class=\"discover-kangourou__lnk\" rel=\"nofollow noopener\" target=\"_blank\"><br \/>\nR\u00e9pondre<br \/>\n<\/a><br \/>\n<\/strong><br \/>\n<\/strong><br \/>\nInterrog\u00e9 par le site espagnol <a class=\"Link\" href=\"https:\/\/www.elindependiente.com\/internacional\/2025\/10\/25\/por-que-putin-es-clave-en-la-paz-de-trump-en-el-sahara-occidental\/#google_vignette\" target=\"_blank\" title=\"\" data-gtm=\"click:capsule\" data-capsule=\"Lien\" rel=\"nofollow noopener\">El Independiente<\/a>, Riccardo Fabiani, directeur du programme Moyen-Orient et Afrique du Nord \u00e0 l&rsquo;International Crisis Group, estime que\u00a0Moscou ne devrait pas aller jusqu&rsquo;au veto\u00a0: \u00ab\u00a0Au mieux, si le texte est trop en faveur du Maroc, la Russie s&rsquo;abstiendra.\u00a0\u00bb Un choix strat\u00e9gique, juge \u00e9galement Mark N. Katz, professeur \u00e0 l&rsquo;universit\u00e9 George-Mason aux \u00c9tats-Unis\u00a0: \u00ab\u00a0Les Russes pourraient m\u00eame soutenir la r\u00e9solution am\u00e9ricaine, s&rsquo;ils estiment pouvoir obtenir des concessions ailleurs\u00a0\u00bb, notamment sur le dossier ukrainien.<\/p>\n<p>Depuis l&rsquo;arr\u00eat des n\u00e9gociations en 2019, l&rsquo;ONU r\u00e9clame depuis plusieurs ann\u00e9es que tous les acteurs du conflit reprennent des discussions afin de trouver \u00ab\u00a0une solution politique r\u00e9alisable, durable et mutuellement acceptable\u00a0\u00bb.<\/p>\n<p>Toute l\u2019actualit\u00e9 \u00e0 1\u20ac le premier mois<\/p>\n<p><a href=\"https:\/\/abo.lepoint.fr\/?provenance=21EDI020098\" class=\"btn\" title=\"S&#039;abonner\" data-gtm=\"click:abo|display:abo\" data-campaign=\"paywall_maison\" rel=\"nofollow noopener\" target=\"_blank\">S&rsquo;abonner<\/a><\/p>\n<p>ou<\/p>\n","protected":false},"excerpt":{"rendered":"Alors que le Conseil de s\u00e9curit\u00e9 de l&rsquo;ONU s&rsquo;appr\u00eate \u00e0 examiner, le 30\u00a0octobre, une r\u00e9solution am\u00e9ricaine favorable au&hellip;\n","protected":false},"author":2,"featured_media":495990,"comment_status":"","ping_status":"","sticky":false,"template":"","format":"standard","meta":{"footnotes":""},"categories":[1591],"tags":[11,1887,2223,12,3521,1885,1886,132],"class_list":{"0":"post-495989","1":"post","2":"type-post","3":"status-publish","4":"format-standard","5":"has-post-thumbnail","7":"category-russie","8":"tag-actualites","9":"tag-federation-de-russie","10":"tag-maroc","11":"tag-news","12":"tag-onu","13":"tag-russia","14":"tag-russian-federation","15":"tag-russie"},"share_on_mastodon":{"url":"https:\/\/pubeurope.com\/@fr\/115453255178581165","error":""},"_links":{"self":[{"href":"https:\/\/www.europesays.com\/fr\/wp-json\/wp\/v2\/posts\/495989","targetHints":{"allow":["GET"]}}],"collection":[{"href":"https:\/\/www.europesays.com\/fr\/wp-json\/wp\/v2\/posts"}],"about":[{"href":"https:\/\/www.europesays.com\/fr\/wp-json\/wp\/v2\/types\/post"}],"author":[{"embeddable":true,"href":"https:\/\/www.europesays.com\/fr\/wp-json\/wp\/v2\/users\/2"}],"replies":[{"embeddable":true,"href":"https:\/\/www.europesays.com\/fr\/wp-json\/wp\/v2\/comments?post=495989"}],"version-history":[{"count":0,"href":"https:\/\/www.europesays.com\/fr\/wp-json\/wp\/v2\/posts\/495989\/revisions"}],"wp:featuredmedia":[{"embeddable":true,"href":"https:\/\/www.europesays.com\/fr\/wp-json\/wp\/v2\/media\/495990"}],"wp:attachment":[{"href":"https:\/\/www.europesays.com\/fr\/wp-json\/wp\/v2\/media?parent=495989"}],"wp:term":[{"taxonomy":"category","embeddable":true,"href":"https:\/\/www.europesays.com\/fr\/wp-json\/wp\/v2\/categories?post=495989"},{"taxonomy":"post_tag","embeddable":true,"href":"https:\/\/www.europesays.com\/fr\/wp-json\/wp\/v2\/tags?post=495989"}],"curies":[{"name":"wp","href":"https:\/\/api.w.org\/{rel}","templated":true}]}}